{"id":103061,"date":"2024-12-07T22:52:22","date_gmt":"2024-12-07T19:52:22","guid":{"rendered":"https:\/\/www.tgrthaber.com\/mavikadin\/?p=103061"},"modified":"2024-12-07T22:52:22","modified_gmt":"2024-12-07T19:52:22","slug":"serenay-sarikaya-dergi-cekimi-icin-kamera-karsisina-gecti-sosyal-medya-ikiye-bolundu","status":"publish","type":"post","link":"https:\/\/www.tgrthaber.com\/mavikadin\/serenay-sarikaya-dergi-cekimi-icin-kamera-karsisina-gecti-sosyal-medya-ikiye-bolundu\/","title":{"rendered":"Serenay Sar\u0131kaya dergi \u00e7ekimi i\u00e7in kamera kar\u015f\u0131s\u0131na ge\u00e7ti! Sosyal medya ikiye b\u00f6l\u00fcnd\u00fc"},"content":{"rendered":"<p class=\"p1\">Son d\u00f6nemin en \u00e7ok konu\u015fulan isimlerinden biri olan Serenay Sar\u0131kaya, \u00f6zel hayat\u0131 ve l\u00fcks ya\u015fam\u0131yla s\u0131k\u00e7a g\u00fcndeme geliyor. Bo\u011faz k\u0131y\u0131s\u0131ndaki muazzam evi, sosyal medya payla\u015f\u0131mlar\u0131 ve \u015f\u0131kl\u0131\u011f\u0131yla ad\u0131ndan s\u00f6z ettiren \u00fcnl\u00fc oyuncu, bu kez Elle T\u00fcrkiye dergisine verdi\u011fi pozlarla dikkatleri \u00fczerine \u00e7ekti. Yeni imaj\u0131 ve tarz\u0131yla g\u00fcndem olan Sar\u0131kaya, k\u0131sa sa\u00e7lar\u0131 ve cesur makyaj\u0131 ile yine dikkat \u00e7ekti.<span class=\"Apple-converted-space\"> Serenay Sar\u0131kaya&#8217;n\u0131n b<\/span>u de\u011fi\u015fimi, sosyal medyada b\u00fcy\u00fck yank\u0131 uyand\u0131rarak takip\u00e7ilerini ikiye b\u00f6ld\u00fc. Kimileri onun bu cesur tarz\u0131n\u0131 \u00e7ok be\u011fenirken, kimileri ise geleneksel imaj\u0131ndan uzakla\u015fmas\u0131n\u0131 ele\u015ftirdi.<\/p>\n<h3>SERENAY SARIKAYA&#8217;NIN POZLARI Y\u0130NE G\u00dcNDEM OLDU<\/h3>\n<p class=\"p2\">Son zamanlarda \u00fcnl\u00fc \u015fark\u0131c\u0131 Mert Demir ile ya\u015fad\u0131\u011f\u0131 a\u015fkla magazin d\u00fcnyas\u0131n\u0131n oda\u011f\u0131 haline gelen Serenay Sar\u0131kaya, her hareketiyle dikkatleri \u00fczerine \u00e7ekiyor. G\u00fczel oyuncu, son olarak K\u0131van\u00e7 Tatl\u0131tu\u011f ile ba\u015frol\u00fcn\u00fc payla\u015ft\u0131\u011f\u0131 ve b\u00fcy\u00fck ilgi g\u00f6ren <i>Aile<\/i> dizisinde oynad\u0131\u011f\u0131\u00a0 &#8216;Devin Ak\u0131n&#8217; karakteriyle ekranlarda boy g\u00f6sterdi. Bu projede sergiledi\u011fi performansla takdir toplayan Sar\u0131kaya, \u015fimdi de Elle T\u00fcrkiye dergisinin \u00e7ekimleri i\u00e7in kamera kar\u015f\u0131s\u0131na ge\u00e7ti.<\/p>\n<p><img loading=\"lazy\" decoding=\"async\" class=\"alignnone wp-image-103071 size-large\" src=\"https:\/\/www.tgrthaber.com\/mavikadin\/wp-content\/uploads\/Ekran-Resmi-2024-12-07-22.38.30-810x1024.png\" alt=\"serenay sar\u0131kaya \" width=\"810\" height=\"1024\" title=\"\" srcset=\"https:\/\/www.tgrthaber.com\/mavikadin\/wp-content\/uploads\/Ekran-Resmi-2024-12-07-22.38.30-810x1024.png 810w, https:\/\/www.tgrthaber.com\/mavikadin\/wp-content\/uploads\/Ekran-Resmi-2024-12-07-22.38.30-237x300.png 237w, https:\/\/www.tgrthaber.com\/mavikadin\/wp-content\/uploads\/Ekran-Resmi-2024-12-07-22.38.30-768x970.png 768w, https:\/\/www.tgrthaber.com\/mavikadin\/wp-content\/uploads\/Ekran-Resmi-2024-12-07-22.38.30.png 1062w\" sizes=\"(max-width: 810px) 100vw, 810px\" \/><\/p>\n<p class=\"p2\">K\u0131v\u0131rc\u0131k ve k\u0131sa sa\u00e7lar\u0131yla tamamen farkl\u0131 bir tarz benimseyen \u00fcnl\u00fc oyuncu, bu de\u011fi\u015fiklikle sosyal medyaday\u0131 ikiye b\u00f6ld\u00fc.<span class=\"Apple-converted-space\">\u00a0 <\/span>Baz\u0131 takip\u00e7ileri onun bu cesur yenili\u011fini be\u011fenirken, baz\u0131lar\u0131 ise eski uzun sa\u00e7l\u0131 halini \u00f6zledi\u011fini dile getirdi. Her hal\u00fckarda, Serenay Sar\u0131kaya&#8217;n\u0131n bu yeni g\u00f6r\u00fcn\u00fcm\u00fc, onu yine g\u00fcndemin en \u00fcst s\u0131ralar\u0131na ta\u015f\u0131d\u0131. Elle dergisine verdi\u011fi pozlarla g\u00fcndem olan Serenay Sar\u0131kaya yine<span class=\"Apple-converted-space\">\u00a0 <\/span>\u00e7ok konu\u015fulacak gibi g\u00f6r\u00fcn\u00fcyor.<span class=\"Apple-converted-space\">\u00a0<\/span><\/p>\n<p><img loading=\"lazy\" decoding=\"async\" class=\"alignnone wp-image-103072 \" src=\"https:\/\/www.tgrthaber.com\/mavikadin\/wp-content\/uploads\/Ekran-Resmi-2024-12-07-22.40.03-676x1024.png\" alt=\"serenay sar\u0131kaya \" width=\"810\" height=\"1227\" title=\"\" srcset=\"https:\/\/www.tgrthaber.com\/mavikadin\/wp-content\/uploads\/Ekran-Resmi-2024-12-07-22.40.03-676x1024.png 676w, https:\/\/www.tgrthaber.com\/mavikadin\/wp-content\/uploads\/Ekran-Resmi-2024-12-07-22.40.03-198x300.png 198w, https:\/\/www.tgrthaber.com\/mavikadin\/wp-content\/uploads\/Ekran-Resmi-2024-12-07-22.40.03-768x1164.png 768w, https:\/\/www.tgrthaber.com\/mavikadin\/wp-content\/uploads\/Ekran-Resmi-2024-12-07-22.40.03.png 924w\" sizes=\"(max-width: 810px) 100vw, 810px\" \/><\/p>\n<h3 class=\"p1\"><b>SOSYAL MEDYA \u0130K\u0130YE B\u00d6L\u00dcND\u00dc<\/b><\/h3>\n<p class=\"p1\">Serenay Sar\u0131kaya, bir dergi i\u00e7in ger\u00e7ekle\u015ftirdi\u011fi \u00e7ekimlerde k\u0131sa k\u0131v\u0131rc\u0131k sa\u00e7lar\u0131 ve cesur tarz\u0131yla g\u00f6z al\u0131c\u0131 bir imaj sergiledi. Makyaj\u0131yla da dikkat \u00e7eken \u00fcnl\u00fc oyuncu, bu g\u00f6r\u00fcn\u00fcm\u00fcyle sosyal medyada g\u00fcndem oldu. \u00dcnl\u00fc oyuncunun foto\u011fraflar\u0131 k\u0131sa s\u00fcrede be\u011feni ve yorum ya\u011fmuruna tutuldu. Bir\u00e7ok takip\u00e7isi, &#8220;Bu kad\u0131n\u0131n auras\u0131 ba\u015fka&#8221;, &#8220;Ne yapsa yak\u0131\u015f\u0131yor&#8221;, &#8220;Her hali olay&#8221; gibi \u00f6vg\u00fclerle Sar\u0131kaya&#8217;ya destek verirken, baz\u0131 kullan\u0131c\u0131lar ise be\u011fenmediklerini dile getirerek, &#8220;Sana ne yapm\u0131\u015flar&#8221;, &#8220;Bu defa hi\u00e7 olmam\u0131\u015f&#8221; \u015feklinde ele\u015ftirilerde bulundular.<\/p>\n<p><img loading=\"lazy\" decoding=\"async\" class=\"alignnone wp-image-103074 \" src=\"https:\/\/www.tgrthaber.com\/mavikadin\/wp-content\/uploads\/Ekran-Resmi-2024-12-07-22.41.29-554x1024.png\" alt=\"\" width=\"825\" height=\"1525\" title=\"\" srcset=\"https:\/\/www.tgrthaber.com\/mavikadin\/wp-content\/uploads\/Ekran-Resmi-2024-12-07-22.41.29-554x1024.png 554w, https:\/\/www.tgrthaber.com\/mavikadin\/wp-content\/uploads\/Ekran-Resmi-2024-12-07-22.41.29-162x300.png 162w, https:\/\/www.tgrthaber.com\/mavikadin\/wp-content\/uploads\/Ekran-Resmi-2024-12-07-22.41.29.png 716w\" sizes=\"(max-width: 825px) 100vw, 825px\" \/><\/p>\n<p>&nbsp;<\/p>\n","protected":false},"excerpt":{"rendered":"<p>Son d\u00f6nemin en \u00e7ok konu\u015fulan isimlerinden Serenay Sar\u0131kaya, &#8216;Elle T\u00fcrkiye&#8217; dergisine verdi\u011fi pozlarla dikkatleri \u00fczerine \u00e7ekti. Sar\u0131kaya\u2019n\u0131n imaj\u0131 sosyal medyay\u0131 yine ikiye b\u00f6ld\u00fc. <\/p>\n","protected":false},"author":16,"featured_media":103075,"comment_status":"closed","ping_status":"closed","sticky":false,"template":"","format":"standard","meta":{"rank_math_lock_modified_date":false,"footnotes":""},"categories":[76],"tags":[2688],"class_list":["post-103061","post","type-post","status-publish","format-standard","has-post-thumbnail","hentry","category-magazin","tag-serenay-sarikaya"],"_links":{"self":[{"href":"https:\/\/www.tgrthaber.com\/mavikadin\/wp-json\/wp\/v2\/posts\/103061"}],"collection":[{"href":"https:\/\/www.tgrthaber.com\/mavikadin\/wp-json\/wp\/v2\/posts"}],"about":[{"href":"https:\/\/www.tgrthaber.com\/mavikadin\/wp-json\/wp\/v2\/types\/post"}],"author":[{"embeddable":true,"href":"https:\/\/www.tgrthaber.com\/mavikadin\/wp-json\/wp\/v2\/users\/16"}],"replies":[{"embeddable":true,"href":"https:\/\/www.tgrthaber.com\/mavikadin\/wp-json\/wp\/v2\/comments?post=103061"}],"version-history":[{"count":1,"href":"https:\/\/www.tgrthaber.com\/mavikadin\/wp-json\/wp\/v2\/posts\/103061\/revisions"}],"predecessor-version":[{"id":103076,"href":"https:\/\/www.tgrthaber.com\/mavikadin\/wp-json\/wp\/v2\/posts\/103061\/revisions\/103076"}],"wp:featuredmedia":[{"embeddable":true,"href":"https:\/\/www.tgrthaber.com\/mavikadin\/wp-json\/wp\/v2\/media\/103075"}],"wp:attachment":[{"href":"https:\/\/www.tgrthaber.com\/mavikadin\/wp-json\/wp\/v2\/media?parent=103061"}],"wp:term":[{"taxonomy":"category","embeddable":true,"href":"https:\/\/www.tgrthaber.com\/mavikadin\/wp-json\/wp\/v2\/categories?post=103061"},{"taxonomy":"post_tag","embeddable":true,"href":"https:\/\/www.tgrthaber.com\/mavikadin\/wp-json\/wp\/v2\/tags?post=103061"}],"curies":[{"name":"wp","href":"https:\/\/api.w.org\/{rel}","templated":true}]}}