{"id":103086,"date":"2024-12-07T23:40:08","date_gmt":"2024-12-07T20:40:08","guid":{"rendered":"https:\/\/www.tgrthaber.com\/mavikadin\/?p=103086"},"modified":"2024-12-07T23:40:28","modified_gmt":"2024-12-07T20:40:28","slug":"harry-potter-dizisinin-cekimleri-ne-zaman-baslayacak-oyuncu-secmeleri-icin-basvuru-sartlari-neler","status":"publish","type":"post","link":"https:\/\/www.tgrthaber.com\/mavikadin\/harry-potter-dizisinin-cekimleri-ne-zaman-baslayacak-oyuncu-secmeleri-icin-basvuru-sartlari-neler\/","title":{"rendered":"Harry Potter dizisinin \u00e7ekimleri ne zaman ba\u015flayacak? Oyuncu se\u00e7meleri i\u00e7in ba\u015fvuru \u015fartlar\u0131 neler?"},"content":{"rendered":"<p>\u0130ngiliz yazar J.K. Rowling\u2019in d\u00fcnyaca \u00fcnl\u00fc &#8220;Harry Potter&#8221; serisi, sinemadaki b\u00fcy\u00fck ba\u015far\u0131s\u0131n\u0131n ard\u0131ndan \u015fimdi de diziye uyarlan\u0131yor. HBO taraf\u0131ndan haz\u0131rlanan ve b\u00fcy\u00fck bir heyecanla beklenen Harry Potter dizisinin \u00e7ekim tarihleri netle\u015fti. Peki, Harry Potter dizisinin \u00e7ekimleri ne zaman ba\u015flayacak? Oyuncu se\u00e7meleri i\u00e7in hangi \u015fartlar aran\u0131yor? \u0130\u015fte detaylar\u2026<\/p>\n<h3>HARRY POTTER D\u0130Z\u0130S\u0130N\u0130N \u00c7EK\u0130MLER\u0130 NE ZAMAN BA\u015eLIYOR?<\/h3>\n<p>Hollywood Reporter\u2019da yer alan habere g\u00f6re, Harry Potter dizisinin \u00e7ekimleri 2025 y\u0131l\u0131nda yaz sezonunda ba\u015flanacak. Francesca Gardiner ve Mark Mylod\u2019un dizinin ba\u015f\u0131nda yer ald\u0131\u011f\u0131 projenin, \u0130ngiltere\u2019deki Leavesden St\u00fcdyolar\u0131&#8217;nda \u00e7ekilece\u011fi duyuruldu. Bu st\u00fcdyo, daha \u00f6nce Harry Potter filmlerinin de \u00e7ekildi\u011fi mekanlardan biri olarak tan\u0131n\u0131yor.<\/p>\n<p><img loading=\"lazy\" decoding=\"async\" class=\"alignnone wp-image-103088\" src=\"https:\/\/www.tgrthaber.com\/mavikadin\/wp-content\/uploads\/Ekran-goruntusu-2024-12-07-233535.png\" alt=\"\" width=\"1098\" height=\"655\" title=\"\" srcset=\"https:\/\/www.tgrthaber.com\/mavikadin\/wp-content\/uploads\/Ekran-goruntusu-2024-12-07-233535.png 976w, https:\/\/www.tgrthaber.com\/mavikadin\/wp-content\/uploads\/Ekran-goruntusu-2024-12-07-233535-300x179.png 300w, https:\/\/www.tgrthaber.com\/mavikadin\/wp-content\/uploads\/Ekran-goruntusu-2024-12-07-233535-768x458.png 768w\" sizes=\"(max-width: 1098px) 100vw, 1098px\" \/><\/p>\n<p>Warner Bros. TV Group&#8217;un ba\u015fkan\u0131 ve CEO\u2019su Channing Dungey, serinin kitaplar\u0131n\u0131n hayran\u0131 oldu\u011funu ve dizinin yaln\u0131zca iki saatlik film format\u0131na s\u0131\u011fd\u0131r\u0131lmayacak kadar zengin bir d\u00fcnyaya sahip oldu\u011funu vurgulad\u0131. 2026 y\u0131l\u0131nda yay\u0131na girmesi planlanan dizinin, yedi sezon s\u00fcrece\u011fi ve her sezonun bir kitapla ba\u011flant\u0131l\u0131 olaca\u011f\u0131 a\u00e7\u0131kland\u0131.<\/p>\n<h3><strong>HARRY POTTER D\u0130Z\u0130S\u0130 OYUNCU SE\u00c7MELER\u0130 \u0130\u00c7\u0130N BA\u015eVURU \u015eARTLARI<\/strong><\/h3>\n<p>Harry Potter dizisinin oyuncu se\u00e7meleri i\u00e7in s\u00fcre\u00e7 de ba\u015flam\u0131\u015f durumda. HBO, oyuncu se\u00e7imlerinin kapsay\u0131c\u0131l\u0131k ve \u00e7e\u015fitlili\u011fe b\u00fcy\u00fck \u00f6nem verilerek yap\u0131laca\u011f\u0131n\u0131 duyurdu. Ba\u015fvurular\u0131n \u0131rk, etnik k\u00f6ken, cinsiyet, cinsel y\u00f6nelim gibi unsurlara bak\u0131lmaks\u0131z\u0131n herkese a\u00e7\u0131k oldu\u011fu belirtildi.<\/p>\n<p>Dizinin ba\u015f karakterleri olan Harry Potter, Ron Weasley ve Hermione Granger rol\u00fc i\u00e7in, ba\u015fvuruda bulunacak \u00e7ocuklardan 9 ila 11 ya\u015f aras\u0131nda olmalar\u0131 isteniyor. Bu ya\u015f aral\u0131\u011f\u0131, ba\u015fvurular\u0131n Nisan 2025\u2019te yap\u0131lmas\u0131 gerekti\u011fini g\u00f6steriyor. Ayr\u0131ca, ba\u015fvuracak adaylar\u0131n \u0130ngiltere veya \u0130rlanda&#8217;da ya\u015famalar\u0131 gerekiyor.<\/p>\n<p><img loading=\"lazy\" decoding=\"async\" class=\"alignnone wp-image-103089\" src=\"https:\/\/www.tgrthaber.com\/mavikadin\/wp-content\/uploads\/harry-potter.jpg\" alt=\"\" width=\"1084\" height=\"610\" title=\"\" srcset=\"https:\/\/www.tgrthaber.com\/mavikadin\/wp-content\/uploads\/harry-potter.jpg 1024w, https:\/\/www.tgrthaber.com\/mavikadin\/wp-content\/uploads\/harry-potter-300x169.jpg 300w, https:\/\/www.tgrthaber.com\/mavikadin\/wp-content\/uploads\/harry-potter-768x432.jpg 768w\" sizes=\"(max-width: 1084px) 100vw, 1084px\" \/><\/p>\n<p>Ba\u015fvuru yapmak isteyen adaylardan iki video g\u00f6ndermeleri isteniyor. \u0130lk videoda, adaylar\u0131n k\u0131sa bir \u015fiir ya da hikaye okumalar\u0131 gerekecek. \u0130kinci videoda ise adaylar kendilerini tan\u0131tarak, neden bu rolle ilgilendiklerini anlatacaklar. \u00d6zellikle adaylar\u0131n kendi aksanlar\u0131nda ba\u015fvuru yapmalar\u0131 te\u015fvik ediliyor.<\/p>\n<h3><strong>HARRY POTTER NE ZAMAN YAYINLANACAK?<\/strong><\/h3>\n<p>Hen\u00fcz bir yay\u0131n tarihi a\u00e7\u0131klanmayan Harry Potter dizisi i\u00e7in \u00e7ekimlerin 2025-2026 y\u0131llar\u0131 aras\u0131nda ger\u00e7ekle\u015fmesi planlan\u0131yor. HBO ve Warner Bros. Discovery, diziyi sab\u0131rs\u0131zl\u0131kla bekleyen hayranlar\u0131na heyecan dolu bir yap\u0131m sunmay\u0131 hedefliyor.<\/p>\n<p><img loading=\"lazy\" decoding=\"async\" class=\"alignnone wp-image-103090\" src=\"https:\/\/www.tgrthaber.com\/mavikadin\/wp-content\/uploads\/harrypotter1-1024x640.jpg\" alt=\"\" width=\"1090\" height=\"681\" title=\"\" srcset=\"https:\/\/www.tgrthaber.com\/mavikadin\/wp-content\/uploads\/harrypotter1-1024x640.jpg 1024w, https:\/\/www.tgrthaber.com\/mavikadin\/wp-content\/uploads\/harrypotter1-300x188.jpg 300w, https:\/\/www.tgrthaber.com\/mavikadin\/wp-content\/uploads\/harrypotter1-768x480.jpg 768w, https:\/\/www.tgrthaber.com\/mavikadin\/wp-content\/uploads\/harrypotter1-1536x960.jpg 1536w, https:\/\/www.tgrthaber.com\/mavikadin\/wp-content\/uploads\/harrypotter1.jpg 1920w\" sizes=\"(max-width: 1090px) 100vw, 1090px\" \/><\/p>\n<h3>&#8220;HERKES G\u0130B\u0130 UZAKTAN \u0130ZLEYECE\u011e\u0130M&#8221;<\/h3>\n<p>Harry Potter filmlerinde Harry Potter karakterine hayat veren Daniel Radcliffe, dizi format\u0131ndaki yap\u0131m\u0131n kendisini heyecanland\u0131rd\u0131\u011f\u0131n\u0131 ancak bu projede yer almay\u0131 d\u00fc\u015f\u00fcnmedi\u011fini belirtti. Radcliffe, E! News\u2019a verdi\u011fi r\u00f6portajda, &#8220;Herkes gibi uzaktan izleyecek olmaktan dolay\u0131 mutluyum&#8221; dedi.<\/p>\n<p>Harry Potter dizisinin 7 sezon boyunca t\u00fcm kitaplar\u0131 ekrana ta\u015f\u0131mas\u0131 planlan\u0131yor.<\/p>\n","protected":false},"excerpt":{"rendered":"<p>HBO\u2019nun heyecanla beklenen Harry Potter dizisi i\u00e7in \u00e7ekim tarihleri ve oyuncu se\u00e7meleri netle\u015fti. \u00c7ekimlere 2025 yaz\u0131nda ba\u015flanacak olan dizi, her sezon bir kitap anlat\u0131lacak ve 7 sezon s\u00fcrecek. Harry Potter dizisinin \u00e7ekimleri ne zaman ba\u015flayacak? Oyuncu se\u00e7meleri i\u00e7in \u015fartlar neler?<\/p>\n","protected":false},"author":4,"featured_media":103087,"comment_status":"closed","ping_status":"closed","sticky":false,"template":"","format":"standard","meta":{"rank_math_lock_modified_date":false,"footnotes":""},"categories":[602],"tags":[3592],"class_list":["post-103086","post","type-post","status-publish","format-standard","has-post-thumbnail","hentry","category-diziler","tag-harry-potter"],"_links":{"self":[{"href":"https:\/\/www.tgrthaber.com\/mavikadin\/wp-json\/wp\/v2\/posts\/103086"}],"collection":[{"href":"https:\/\/www.tgrthaber.com\/mavikadin\/wp-json\/wp\/v2\/posts"}],"about":[{"href":"https:\/\/www.tgrthaber.com\/mavikadin\/wp-json\/wp\/v2\/types\/post"}],"author":[{"embeddable":true,"href":"https:\/\/www.tgrthaber.com\/mavikadin\/wp-json\/wp\/v2\/users\/4"}],"replies":[{"embeddable":true,"href":"https:\/\/www.tgrthaber.com\/mavikadin\/wp-json\/wp\/v2\/comments?post=103086"}],"version-history":[{"count":2,"href":"https:\/\/www.tgrthaber.com\/mavikadin\/wp-json\/wp\/v2\/posts\/103086\/revisions"}],"predecessor-version":[{"id":103092,"href":"https:\/\/www.tgrthaber.com\/mavikadin\/wp-json\/wp\/v2\/posts\/103086\/revisions\/103092"}],"wp:featuredmedia":[{"embeddable":true,"href":"https:\/\/www.tgrthaber.com\/mavikadin\/wp-json\/wp\/v2\/media\/103087"}],"wp:attachment":[{"href":"https:\/\/www.tgrthaber.com\/mavikadin\/wp-json\/wp\/v2\/media?parent=103086"}],"wp:term":[{"taxonomy":"category","embeddable":true,"href":"https:\/\/www.tgrthaber.com\/mavikadin\/wp-json\/wp\/v2\/categories?post=103086"},{"taxonomy":"post_tag","embeddable":true,"href":"https:\/\/www.tgrthaber.com\/mavikadin\/wp-json\/wp\/v2\/tags?post=103086"}],"curies":[{"name":"wp","href":"https:\/\/api.w.org\/{rel}","templated":true}]}}