{"id":103178,"date":"2024-12-08T11:27:11","date_gmt":"2024-12-08T08:27:11","guid":{"rendered":"https:\/\/www.tgrthaber.com\/mavikadin\/?p=103178"},"modified":"2024-12-08T11:27:50","modified_gmt":"2024-12-08T08:27:50","slug":"sahipsizler-zeliha-kimdir-sahipsizler-dizisinin-zelihasi-doga-bayram-kimdir-doga-bayram-kimdir-kac-yasinda","status":"publish","type":"post","link":"https:\/\/www.tgrthaber.com\/mavikadin\/sahipsizler-zeliha-kimdir-sahipsizler-dizisinin-zelihasi-doga-bayram-kimdir-doga-bayram-kimdir-kac-yasinda\/","title":{"rendered":"Sahipsizler Zeliha kimdir? Sahipsizler dizisinin Zeliha\u2019s\u0131 Do\u011fa Bayram kimdir? Do\u011fa Bayram kimdir, ka\u00e7 ya\u015f\u0131nda?"},"content":{"rendered":"<p>Star TV ekranlar\u0131nda izleyici kar\u015f\u0131s\u0131na \u00e7\u0131kan \u201cSahipsizler\u201d dizisi hem konusuyla hem de g\u00fc\u00e7l\u00fc oyuncu kadrosuyla dikkatleri \u00fczerine \u00e7ekmeye devam ediyor. Reytinglerde y\u00fckseli\u015fe ge\u00e7en dizinin oyuncular\u0131n\u0131n kim oldu\u011fu da merak ediliyor. Dizide \u201cZeliha\u201d karakterine can veren Do\u011fa Bayram\u2019\u0131n da kim oldu\u011fu izleyiciler taraf\u0131ndan merak edildi. Peki, Sahipsizler Zeliha kimdir? Sahipsizler dizisinin Zeliha\u2019s\u0131 Do\u011fa Bayram kimdir? Do\u011fa Bayram kimdir, ka\u00e7 ya\u015f\u0131nda? Do\u011fa Bayram hakk\u0131nda merak edilenleri sizin i\u00e7in ara\u015ft\u0131rd\u0131k. \u0130\u015fte Do\u011fa Bayram hakk\u0131nda bilinmeyenler\u2026<\/p>\n<h3>SAH\u0130PS\u0130ZLER ZEL\u0130HA K\u0130MD\u0130R?<\/h3>\n<p>Ge\u00e7ti\u011fimiz haftalarda ekran maceras\u0131na ba\u015flayan ve seyircinin ilgisini \u00e7ekmeyi ba\u015faran Sahipsizler dizisi yay\u0131m hayat\u0131na t\u00fcm h\u0131z\u0131yla devam ediyor. Dizideki gen\u00e7 oyuncular\u0131n performanslar\u0131 da izleyicinin be\u011fenisini kazan\u0131yor. Dizide \u201cZeliha\u201d karakterine can veren Do\u011fa Bayram\u2019\u0131n ba\u015far\u0131l\u0131 oyunculuk performans\u0131 da izleyicilerin dikkatini \u00e7ekiyor.<\/p>\n<p><img loading=\"lazy\" decoding=\"async\" class=\"alignnone wp-image-103179 size-large\" src=\"https:\/\/www.tgrthaber.com\/mavikadin\/wp-content\/uploads\/Adsiz-tasarim-30-5-1024x576.jpg\" alt=\"Do\u011fa Bayram kimdir? \" width=\"1024\" height=\"576\" title=\"\" srcset=\"https:\/\/www.tgrthaber.com\/mavikadin\/wp-content\/uploads\/Adsiz-tasarim-30-5-1024x576.jpg 1024w, https:\/\/www.tgrthaber.com\/mavikadin\/wp-content\/uploads\/Adsiz-tasarim-30-5-300x169.jpg 300w, https:\/\/www.tgrthaber.com\/mavikadin\/wp-content\/uploads\/Adsiz-tasarim-30-5-768x432.jpg 768w, https:\/\/www.tgrthaber.com\/mavikadin\/wp-content\/uploads\/Adsiz-tasarim-30-5-1536x864.jpg 1536w, https:\/\/www.tgrthaber.com\/mavikadin\/wp-content\/uploads\/Adsiz-tasarim-30-5.jpg 1600w\" sizes=\"(max-width: 1024px) 100vw, 1024px\" \/><\/p>\n<p>Sahipsizler dizisi, anne ve babalar\u0131n\u0131 bir gecede ans\u0131z\u0131n kaybeden 6 karde\u015fin hayata tutunma \u00e7abalar\u0131n\u0131 konu al\u0131yor. Zeliha ise bu 6 karde\u015ften biri olarak kar\u015f\u0131m\u0131za \u00e7\u0131k\u0131yor. Zeliha, zor bir hayatla m\u00fccadele etmesine ra\u011fmen karde\u015fleriyle hayata tutunmaya \u00e7al\u0131\u015fan 6 karde\u015ften biridir.<\/p>\n<p>Zeliha ya\u015fanan t\u00fcm olumsuzluklara ra\u011fmen pes etmeyen ve m\u00fccadeleci bir yap\u0131ya sahiptir. Anne ve babas\u0131n\u0131n \u00f6l\u00fcm\u00fcnden kendini sorumlu tutan Zeliha, karde\u015flerini korumak i\u00e7in her t\u00fcrl\u00fc fedakarl\u0131\u011f\u0131 yap\u0131yor.<\/p>\n<h3>DO\u011eA BAYRAM K\u0130MD\u0130R?<\/h3>\n<p>Do\u011fa Bayram, 14 May\u0131s 2002 tarihinde \u0130stanbul\u2019da d\u00fcnyaya geldi. \u0130lkokul, ortaokul ve lise e\u011fitimini tamamlayan Bayram, kariyerini oyunculuk alan\u0131nda geli\u015ftirmek istemi\u015f ve bu y\u00f6nde \u00e7e\u015fitli e\u011fitimler alm\u0131\u015ft\u0131r.<\/p>\n<p><img loading=\"lazy\" decoding=\"async\" class=\"alignnone wp-image-103180 size-large\" src=\"https:\/\/www.tgrthaber.com\/mavikadin\/wp-content\/uploads\/Adsiz-tasarim-31-4-1024x576.jpg\" alt=\"Do\u011fa Bayram kimdir? \" width=\"1024\" height=\"576\" title=\"\" srcset=\"https:\/\/www.tgrthaber.com\/mavikadin\/wp-content\/uploads\/Adsiz-tasarim-31-4-1024x576.jpg 1024w, https:\/\/www.tgrthaber.com\/mavikadin\/wp-content\/uploads\/Adsiz-tasarim-31-4-300x169.jpg 300w, https:\/\/www.tgrthaber.com\/mavikadin\/wp-content\/uploads\/Adsiz-tasarim-31-4-768x432.jpg 768w, https:\/\/www.tgrthaber.com\/mavikadin\/wp-content\/uploads\/Adsiz-tasarim-31-4-1536x864.jpg 1536w, https:\/\/www.tgrthaber.com\/mavikadin\/wp-content\/uploads\/Adsiz-tasarim-31-4.jpg 1600w\" sizes=\"(max-width: 1024px) 100vw, 1024px\" \/><\/p>\n<p>Oyunculu\u011fun yan\u0131 s\u0131ra sanatsal ve sportif bir ki\u015fili\u011fe sahip olan Do\u011fa Bayram, lisansl\u0131 bir basketbol oyuncusuydu. Basketbol alan\u0131nda da \u00f6nemli ba\u015far\u0131lara imza atan Bayram, m\u00fczik ve dans alan\u0131nda da olduk\u00e7a ba\u015far\u0131l\u0131d\u0131r.<\/p>\n<h3>DO\u011eA BAYRAM KA\u00c7 YA\u015eINDA?<\/h3>\n<p>\u015eimdilerde 22 ya\u015f\u0131nda olan ba\u015far\u0131l\u0131 oyuncu Do\u011fa Bayram, 2024 y\u0131l\u0131 itibariyle oyunculu\u011fa ba\u015flam\u0131\u015ft\u0131r. Oyunculu\u011fa h\u0131zl\u0131 bir giri\u015f yapan Bayram, gen\u00e7 ya\u015f\u0131na ra\u011fmen olduk\u00e7a ba\u015far\u0131l\u0131 bir performans sergilemektedir.<\/p>\n<p><img loading=\"lazy\" decoding=\"async\" class=\"alignnone wp-image-103182 size-large\" src=\"https:\/\/www.tgrthaber.com\/mavikadin\/wp-content\/uploads\/Adsiz-tasarim-34-7-1024x576.jpg\" alt=\"Sahipsizler Zeliha kimdir? \" width=\"1024\" height=\"576\" title=\"\" srcset=\"https:\/\/www.tgrthaber.com\/mavikadin\/wp-content\/uploads\/Adsiz-tasarim-34-7-1024x576.jpg 1024w, https:\/\/www.tgrthaber.com\/mavikadin\/wp-content\/uploads\/Adsiz-tasarim-34-7-300x169.jpg 300w, https:\/\/www.tgrthaber.com\/mavikadin\/wp-content\/uploads\/Adsiz-tasarim-34-7-768x432.jpg 768w, https:\/\/www.tgrthaber.com\/mavikadin\/wp-content\/uploads\/Adsiz-tasarim-34-7-1536x864.jpg 1536w, https:\/\/www.tgrthaber.com\/mavikadin\/wp-content\/uploads\/Adsiz-tasarim-34-7.jpg 1600w\" sizes=\"(max-width: 1024px) 100vw, 1024px\" \/><\/p>\n<p>\u0130lk oyunculuk deneyimini NOW TV ekranlar\u0131nda izleyici kar\u015f\u0131s\u0131na \u00e7\u0131kan \u201cGaddar\u201d dizisindeki \u201cArzu\u201d karakteriyle ger\u00e7ekle\u015ftiren Do\u011fa Bayram, bu rol\u00fcyle ba\u015far\u0131l\u0131 bir performans sergileyerek ad\u0131n\u0131 duyurmu\u015ftur.<\/p>\n<p>\u015eimdilerde ise Star TV ekranlar\u0131nda yay\u0131mlanan \u201cSahipsizler\u201d dizisindeki \u201cZeliha\u201d karakteriyle izleyici kar\u015f\u0131s\u0131na \u00e7\u0131kan Do\u011fa Bayram, bu rol\u00fcyle de seyircinin dikkatini \u00e7ekiyor. M\u00fccadeleci bir abla karakterine can veren Bayram, ba\u015far\u0131l\u0131 performans\u0131yla izleyicinin be\u011fenisi kazan\u0131yor.<\/p>\n","protected":false},"excerpt":{"rendered":"<p>Sahipsizler dizisinin Zeliha\u2019s\u0131 Do\u011fa Bayram\u2019\u0131n kim oldu\u011fu izleyiciler taraf\u0131ndan merak ediliyor. Peki, Sahipsizler Zeliha kimdir? Sahipsizler dizisinin Zeliha\u2019s\u0131 Do\u011fa Bayram kimdir? Do\u011fa Bayram kimdir, ka\u00e7 ya\u015f\u0131nda? <\/p>\n","protected":false},"author":26,"featured_media":103183,"comment_status":"closed","ping_status":"closed","sticky":false,"template":"","format":"standard","meta":{"rank_math_lock_modified_date":false,"footnotes":""},"categories":[491],"tags":[3673,3533,3534],"class_list":["post-103178","post","type-post","status-publish","format-standard","has-post-thumbnail","hentry","category-biyografi","tag-doga-bayram","tag-sahipsizler","tag-sahipsizler-dizisi"],"_links":{"self":[{"href":"https:\/\/www.tgrthaber.com\/mavikadin\/wp-json\/wp\/v2\/posts\/103178"}],"collection":[{"href":"https:\/\/www.tgrthaber.com\/mavikadin\/wp-json\/wp\/v2\/posts"}],"about":[{"href":"https:\/\/www.tgrthaber.com\/mavikadin\/wp-json\/wp\/v2\/types\/post"}],"author":[{"embeddable":true,"href":"https:\/\/www.tgrthaber.com\/mavikadin\/wp-json\/wp\/v2\/users\/26"}],"replies":[{"embeddable":true,"href":"https:\/\/www.tgrthaber.com\/mavikadin\/wp-json\/wp\/v2\/comments?post=103178"}],"version-history":[{"count":2,"href":"https:\/\/www.tgrthaber.com\/mavikadin\/wp-json\/wp\/v2\/posts\/103178\/revisions"}],"predecessor-version":[{"id":103185,"href":"https:\/\/www.tgrthaber.com\/mavikadin\/wp-json\/wp\/v2\/posts\/103178\/revisions\/103185"}],"wp:featuredmedia":[{"embeddable":true,"href":"https:\/\/www.tgrthaber.com\/mavikadin\/wp-json\/wp\/v2\/media\/103183"}],"wp:attachment":[{"href":"https:\/\/www.tgrthaber.com\/mavikadin\/wp-json\/wp\/v2\/media?parent=103178"}],"wp:term":[{"taxonomy":"category","embeddable":true,"href":"https:\/\/www.tgrthaber.com\/mavikadin\/wp-json\/wp\/v2\/categories?post=103178"},{"taxonomy":"post_tag","embeddable":true,"href":"https:\/\/www.tgrthaber.com\/mavikadin\/wp-json\/wp\/v2\/tags?post=103178"}],"curies":[{"name":"wp","href":"https:\/\/api.w.org\/{rel}","templated":true}]}}