{"id":103354,"date":"2024-12-08T20:13:34","date_gmt":"2024-12-08T17:13:34","guid":{"rendered":"https:\/\/www.tgrthaber.com\/mavikadin\/?p=103354"},"modified":"2024-12-08T20:13:34","modified_gmt":"2024-12-08T17:13:34","slug":"berna-ozturk-sevgilisi-sunny-levi-ile-altin-kelebek-odul-torenine-katildi","status":"publish","type":"post","link":"https:\/\/www.tgrthaber.com\/mavikadin\/berna-ozturk-sevgilisi-sunny-levi-ile-altin-kelebek-odul-torenine-katildi\/","title":{"rendered":"Berna \u00d6zt\u00fcrk, sevgilisi Sunny Levi ile Alt\u0131n Kelebek \u00d6d\u00fcl t\u00f6renine kat\u0131ld\u0131!"},"content":{"rendered":"<p>Tarkan&#8217;\u0131n bald\u0131z\u0131 olarak tan\u0131nan Berna \u00d6zt\u00fcrk, sevgilisi Sunny Levi ile Alt\u0131n Kelebek \u00d6d\u00fcl t\u00f6reninde g\u00f6z al\u0131c\u0131 bir g\u00f6r\u00fcn\u00fcm sergiledi. Derin bacak y\u0131rtmac\u0131yla dikkatleri \u00fczerine \u00e7eken Berna \u00d6zt\u00fcrk, geceye iddial\u0131 bir tarzla damga vurdu. Zarafeti ve cesur tercihleriyle ad\u0131ndan s\u00f6z ettiren Berna \u00d6zt\u00fcrk, Sunny Levi ile uyumlu bir \u00e7ift olu\u015fturarak gecenin en \u015f\u0131k isimleri aras\u0131nda yerini ald\u0131.<\/p>\n<h3>BERNA \u00d6ZT\u00dcRK ANNEL\u0130\u011eE I\u015eIK YAKTI<\/h3>\n<p>\u00dcnl\u00fc oyuncu Berna \u00d6zt\u00fcrk&#8217;\u00fcn son zamanlardaki davran\u0131\u015flar\u0131 ve a\u00e7\u0131klamalar\u0131 magazin d\u00fcnyas\u0131nda g\u00fcndem yaratmaya devam ediyor. Ge\u00e7ti\u011fimiz g\u00fcnlerde sevgilisi Sunny Levi ile birlikte kat\u0131ld\u0131\u011f\u0131 davette astrologlar\u0131n a\u015fk, evlilik ve \u00e7ocuk konular\u0131na dair yapt\u0131klar\u0131 kehanetlerle ilgili ilgin\u00e7 bir yorum yaparak dikkatleri \u00fczerine \u00e7ekti. \u00d6zt\u00fcrk&#8217;\u00fcn &#8220;Bir ihtimal daha var, o da hi\u00e7 anne olmamak m\u0131 dersin?&#8221; s\u00f6zleriyle anne olma fikrine ye\u015fil \u0131\u015f\u0131k yakt\u0131.<\/p>\n<div style=\"width: 480px;\" class=\"wp-video\"><!--[if lt IE 9]><script>document.createElement('video');<\/script><![endif]-->\n<video class=\"wp-video-shortcode\" id=\"video-103354-1\" width=\"480\" height=\"854\" preload=\"metadata\" controls=\"controls\"><source type=\"video\/mp4\" src=\"https:\/\/www.tgrthaber.com\/mavikadin\/wp-content\/uploads\/Berna-Ozturk-sevgilisi-Sunny-Levi-altin-kelebekte.mp4?_=1\" \/><a href=\"https:\/\/www.tgrthaber.com\/mavikadin\/wp-content\/uploads\/Berna-Ozturk-sevgilisi-Sunny-Levi-altin-kelebekte.mp4\">https:\/\/www.tgrthaber.com\/mavikadin\/wp-content\/uploads\/Berna-Ozturk-sevgilisi-Sunny-Levi-altin-kelebekte.mp4<\/a><\/video><\/div>\n<h3>BERNA \u00d6ZT\u00dcRK TARZIYLA D\u0130KKAT \u00c7EKT\u0130<\/h3>\n<p>Siyah g\u00f6\u011f\u00fcs dekoltesi ve derin bacak y\u0131rtmac\u0131yla dikkatleri \u00fczerine \u00e7eken Berna \u00d6zt\u00fcrk, geceye iddial\u0131 bir \u015f\u0131kl\u0131kla damga vurdu. Elbisesiyle t\u00fcm bak\u0131\u015flar\u0131 \u00fczerine \u00e7eken Berna \u00d6zt\u00fcrk, cesur tercihleriyle geceye adeta \u0131\u015f\u0131k sa\u00e7t\u0131. Siyah\u0131n asaletini ve seksi detaylar\u0131 ustal\u0131kla harmanlayan Berna \u00d6zt\u00fcrk, modern ve \u015f\u0131k bir g\u00f6r\u00fcn\u00fcm sergiledi. G\u00f6z al\u0131c\u0131 elbisesiyle ad\u0131ndan s\u00f6z ettiren Berna \u00d6zt\u00fcrk, geceye farkl\u0131 bir hava katt\u0131.<\/p>\n","protected":false},"excerpt":{"rendered":"<p>Tarkan&#8217;\u0131n bald\u0131z\u0131 olarak \u00fcnlenen Berna \u00d6zt\u00fcrk, sevgilisi Sunny Levi ile Alt\u0131n Kelebek \u00d6d\u00fcl t\u00f6reninde boy g\u00f6sterdi. Derin bacak y\u0131rtmac\u0131 ile Berna \u00d6zt\u00fcrk, t\u00fcm bak\u0131\u015flar\u0131 \u00fczerine \u00e7ekti. <\/p>\n","protected":false},"author":10,"featured_media":103355,"comment_status":"closed","ping_status":"closed","sticky":false,"template":"","format":"standard","meta":{"rank_math_lock_modified_date":false,"footnotes":""},"categories":[76],"tags":[3690,2876],"class_list":["post-103354","post","type-post","status-publish","format-standard","has-post-thumbnail","hentry","category-magazin","tag-berna-ozturk","tag-pantane-altin-kelebek"],"_links":{"self":[{"href":"https:\/\/www.tgrthaber.com\/mavikadin\/wp-json\/wp\/v2\/posts\/103354"}],"collection":[{"href":"https:\/\/www.tgrthaber.com\/mavikadin\/wp-json\/wp\/v2\/posts"}],"about":[{"href":"https:\/\/www.tgrthaber.com\/mavikadin\/wp-json\/wp\/v2\/types\/post"}],"author":[{"embeddable":true,"href":"https:\/\/www.tgrthaber.com\/mavikadin\/wp-json\/wp\/v2\/users\/10"}],"replies":[{"embeddable":true,"href":"https:\/\/www.tgrthaber.com\/mavikadin\/wp-json\/wp\/v2\/comments?post=103354"}],"version-history":[{"count":2,"href":"https:\/\/www.tgrthaber.com\/mavikadin\/wp-json\/wp\/v2\/posts\/103354\/revisions"}],"predecessor-version":[{"id":103359,"href":"https:\/\/www.tgrthaber.com\/mavikadin\/wp-json\/wp\/v2\/posts\/103354\/revisions\/103359"}],"wp:featuredmedia":[{"embeddable":true,"href":"https:\/\/www.tgrthaber.com\/mavikadin\/wp-json\/wp\/v2\/media\/103355"}],"wp:attachment":[{"href":"https:\/\/www.tgrthaber.com\/mavikadin\/wp-json\/wp\/v2\/media?parent=103354"}],"wp:term":[{"taxonomy":"category","embeddable":true,"href":"https:\/\/www.tgrthaber.com\/mavikadin\/wp-json\/wp\/v2\/categories?post=103354"},{"taxonomy":"post_tag","embeddable":true,"href":"https:\/\/www.tgrthaber.com\/mavikadin\/wp-json\/wp\/v2\/tags?post=103354"}],"curies":[{"name":"wp","href":"https:\/\/api.w.org\/{rel}","templated":true}]}}