{"id":103356,"date":"2024-12-08T20:38:50","date_gmt":"2024-12-08T17:38:50","guid":{"rendered":"https:\/\/www.tgrthaber.com\/mavikadin\/?p=103356"},"modified":"2024-12-08T20:44:26","modified_gmt":"2024-12-08T17:44:26","slug":"sinan-akcil-o-ses-turkiye-jurisi-oldu-mu-tarziyla-pantene-altin-kelebek-odul-toreninde-dikkat-cekti","status":"publish","type":"post","link":"https:\/\/www.tgrthaber.com\/mavikadin\/sinan-akcil-o-ses-turkiye-jurisi-oldu-mu-tarziyla-pantene-altin-kelebek-odul-toreninde-dikkat-cekti\/","title":{"rendered":"Sinan Ak\u00e7\u0131l &#8216;O Ses T\u00fcrkiye&#8217; j\u00fcrisi oldu mu? Tarz\u0131yla &#8216;Pantene Alt\u0131n Kelebek&#8217; \u00f6d\u00fcl t\u00f6reninde dikkat \u00e7ekti!"},"content":{"rendered":"<p class=\"p1\">O Ses T\u00fcrkiye, 3 y\u0131l aradan sonra 2025 sezonuyla yeniden izleyiciyle bulu\u015fuyor. Ancak bu sezon, \u00f6nceki y\u0131llardan olduk\u00e7a farkl\u0131 olacak. J\u00fcri koltu\u011funda, al\u0131\u015f\u0131k oldu\u011fumuz isimler yerine yepyeni y\u00fczler yer alacak. \u0130lk olarak Sinan Ak\u00e7\u0131l\u2019\u0131n j\u00fcri \u00fcyeli\u011fiyle programa kat\u0131laca\u011f\u0131 duyuruldu. Pantene Alt\u0131n Kelebek \u00f6d\u00fcl t\u00f6reninde yer alan Ak\u00e7\u0131l, muhabirin &#8220;O Ses T\u00fcrkiye&#8217;ye kat\u0131lacak m\u0131s\u0131n\u0131z?&#8221; sorusuna verdi\u011fi yan\u0131tla dikkat \u00e7ekti. Ayr\u0131ca, geceye kat\u0131lanlar aras\u0131nda tarz\u0131 en \u00e7ok konu\u015fulan isimlerden biri olan Sinan Ak\u00e7\u0131l, bu yeni d\u00f6nemdeki s\u00fcrpriz j\u00fcri \u00fcyesi olarak beklentileri art\u0131rd\u0131.<\/p>\n<h3>S\u0130NAN AK\u00c7IL &#8216;O SES T\u00dcRK\u0130YE&#8217; J\u00dcR\u0130S\u0130 OLDU MU?<\/h3>\n<p class=\"p1\">Acun Il\u0131cal\u0131&#8217;n\u0131n sunumuyla ekranlara gelen ve y\u0131llard\u0131r b\u00fcy\u00fck bir ilgiyle takip edilen O Ses T\u00fcrkiye, 2025 sezonu i\u00e7in geri say\u0131m ba\u015flad\u0131. Ge\u00e7mi\u015f y\u0131llarda bir\u00e7ok \u00fcnl\u00fc ismin j\u00fcri koltu\u011funda yer ald\u0131\u011f\u0131 yar\u0131\u015fma program\u0131, bu sezonda da izleyicilerini heyecanland\u0131r\u0131yor. Yar\u0131\u015fma, uzun bir aran\u0131n ard\u0131ndan yeniden ekranlara d\u00f6nmeye haz\u0131rlan\u0131rken, j\u00fcrideki isimlerin kimler olaca\u011f\u0131 b\u00fcy\u00fck bir merak konusu haline gelmi\u015fti. J\u00fcri koltu\u011funa oturaca\u011f\u0131 iddia edilen isimlerden biri de Sinan Ak\u00e7\u0131l&#8217;d\u0131. Pantane Alt\u0131n Kelebek \u00f6d\u00fcl t\u00f6reninde muhabirlerin sorular\u0131n\u0131 yan\u0131tlayan Ak\u00e7\u0131l&#8217;\u0131n &#8216;O Ses T\u00fcrkiye&#8217; cevab\u0131 merak uyand\u0131rd\u0131.<\/p>\n<div style=\"width: 640px;\" class=\"wp-video\"><!--[if lt IE 9]><script>document.createElement('video');<\/script><![endif]-->\n<video class=\"wp-video-shortcode\" id=\"video-103356-1\" width=\"640\" height=\"1140\" preload=\"metadata\" controls=\"controls\"><source type=\"video\/mp4\" src=\"https:\/\/www.tgrthaber.com\/mavikadin\/wp-content\/uploads\/Instagram-2.sayfaofficial-stories-3518660057677231138-online-video-cutter.com-online-video-cutter.com_.mp4?_=1\" \/><a href=\"https:\/\/www.tgrthaber.com\/mavikadin\/wp-content\/uploads\/Instagram-2.sayfaofficial-stories-3518660057677231138-online-video-cutter.com-online-video-cutter.com_.mp4\">https:\/\/www.tgrthaber.com\/mavikadin\/wp-content\/uploads\/Instagram-2.sayfaofficial-stories-3518660057677231138-online-video-cutter.com-online-video-cutter.com_.mp4<\/a><\/video><\/div>\n<h3>TARZIYLA PANTENE ALTIN KELEBEK \u00d6D\u00dcL GECES\u0130NE DAMGA VURDU<\/h3>\n<p class=\"p1\">Acun Il\u0131cal\u0131\u2019n\u0131n sundu\u011fu ve T\u00fcrkiye&#8217;nin en sevilen ses yar\u0131\u015fmas\u0131 olan O Ses T\u00fcrkiye i\u00e7in heyecan verici haz\u0131rl\u0131klar ba\u015flad\u0131. Ge\u00e7ti\u011fimiz y\u0131llarda j\u00fcri koltu\u011funda Ebru G\u00fcnde\u015f, Murat Boz ve Beyaz\u0131t \u00d6zt\u00fcrk gibi isimleri g\u00f6rmeye al\u0131\u015fm\u0131\u015ft\u0131k, ancak bu sezon programda baz\u0131 de\u011fi\u015fiklikler olacak. J\u00fcri koltu\u011funda yer alacak yeni isimler, izleyicilerde merak uyand\u0131r\u0131rken, heyecanla beklenen a\u00e7\u0131klamalar gelmeye ba\u015flad\u0131. Sinan Ak\u00e7\u0131l, j\u00fcri i\u00e7in ad\u0131 a\u00e7\u0131klanan ilk isim oldu ve bu durum, yar\u0131\u015fma severler aras\u0131nda b\u00fcy\u00fck bir ilgi g\u00f6rd\u00fc. Pantane Alt\u0131n Kelebek \u00f6d\u00fcl gecesinde muhabirlerle olan samimi tavr\u0131 dikkat \u00e7eken Sinan Ak\u00e7\u0131l&#8217;\u0131n tarz\u0131 da geceye damga vurdu. Bordo renkli bir tak\u0131m giyen Ak\u00e7\u0131l, ku\u015fkusuz gecenin en dikkat \u00e7eken isimlerinden biriydi.<\/p>\n<p class=\"p1\">\u00d6te yandan, Hadise, Fatih Altayl\u0131\u2019ya verdi\u011fi bir r\u00f6portajda Beyaz\u0131t \u00d6zt\u00fcrk\u2019\u00fcn projede olup olmad\u0131\u011f\u0131 konusunda net bir bilgi sahibi olmad\u0131\u011f\u0131n\u0131 belirtti. \u015eu ana kadar Beyaz\u2019tan resmi bir a\u00e7\u0131klama gelmezken, Athena grubunun solisti G\u00f6khan \u00d6zo\u011fuz, sosyal medya hesab\u0131 \u00fczerinden bu sezonda j\u00fcride yer alaca\u011f\u0131 m\u00fcjdesini verdi. B\u00f6ylece, O Ses T\u00fcrkiye\u2019nin yeni sezonu, hem eski hem de yeni j\u00fcri \u00fcyeleriyle renkli ve heyecanl\u0131 bir \u015fekilde ekranlarda yer alacak gibi g\u00f6r\u00fcn\u00fcyor.<\/p>\n<p>&nbsp;<\/p>\n","protected":false},"excerpt":{"rendered":"<p>O Ses T\u00fcrkiye, \u00fc\u00e7 y\u0131l aradan sonra 2025 sezonuyla ekranlara d\u00f6n\u00fcyor ve bu sezon j\u00fcri koltu\u011funda s\u00fcrpriz isimler yer alacak. \u0130lk a\u00e7\u0131klanan j\u00fcri \u00fcyesi ise Sinan Ak\u00e7\u0131l oldu. Pantene Alt\u0131n Kelebek \u00f6d\u00fcl t\u00f6reninde yapt\u0131\u011f\u0131 a\u00e7\u0131klamalarla dikkat \u00e7eken Ak\u00e7\u0131l, yeni d\u00f6nemdeki j\u00fcri \u00fcyeli\u011fiyle b\u00fcy\u00fck heyecan olu\u015fturdu. <\/p>\n","protected":false},"author":16,"featured_media":103367,"comment_status":"closed","ping_status":"closed","sticky":false,"template":"","format":"standard","meta":{"rank_math_lock_modified_date":false,"footnotes":""},"categories":[76],"tags":[3693,3694,3695],"class_list":["post-103356","post","type-post","status-publish","format-standard","has-post-thumbnail","hentry","category-magazin","tag-sinan-akcil","tag-sinan-akcil-o-ses-turkiye","tag-sinan-akcil-panten-altin-kelebek-odul-toreni"],"_links":{"self":[{"href":"https:\/\/www.tgrthaber.com\/mavikadin\/wp-json\/wp\/v2\/posts\/103356"}],"collection":[{"href":"https:\/\/www.tgrthaber.com\/mavikadin\/wp-json\/wp\/v2\/posts"}],"about":[{"href":"https:\/\/www.tgrthaber.com\/mavikadin\/wp-json\/wp\/v2\/types\/post"}],"author":[{"embeddable":true,"href":"https:\/\/www.tgrthaber.com\/mavikadin\/wp-json\/wp\/v2\/users\/16"}],"replies":[{"embeddable":true,"href":"https:\/\/www.tgrthaber.com\/mavikadin\/wp-json\/wp\/v2\/comments?post=103356"}],"version-history":[{"count":1,"href":"https:\/\/www.tgrthaber.com\/mavikadin\/wp-json\/wp\/v2\/posts\/103356\/revisions"}],"predecessor-version":[{"id":103368,"href":"https:\/\/www.tgrthaber.com\/mavikadin\/wp-json\/wp\/v2\/posts\/103356\/revisions\/103368"}],"wp:featuredmedia":[{"embeddable":true,"href":"https:\/\/www.tgrthaber.com\/mavikadin\/wp-json\/wp\/v2\/media\/103367"}],"wp:attachment":[{"href":"https:\/\/www.tgrthaber.com\/mavikadin\/wp-json\/wp\/v2\/media?parent=103356"}],"wp:term":[{"taxonomy":"category","embeddable":true,"href":"https:\/\/www.tgrthaber.com\/mavikadin\/wp-json\/wp\/v2\/categories?post=103356"},{"taxonomy":"post_tag","embeddable":true,"href":"https:\/\/www.tgrthaber.com\/mavikadin\/wp-json\/wp\/v2\/tags?post=103356"}],"curies":[{"name":"wp","href":"https:\/\/api.w.org\/{rel}","templated":true}]}}