{"id":103444,"date":"2024-12-08T23:04:47","date_gmt":"2024-12-08T20:04:47","guid":{"rendered":"https:\/\/www.tgrthaber.com\/mavikadin\/?p=103444"},"modified":"2024-12-08T23:05:53","modified_gmt":"2024-12-08T20:05:53","slug":"demet-evgarin-konusmasi-altin-kelebek-odulleri-gecesine-damgasini-vurdu","status":"publish","type":"post","link":"https:\/\/www.tgrthaber.com\/mavikadin\/demet-evgarin-konusmasi-altin-kelebek-odulleri-gecesine-damgasini-vurdu\/","title":{"rendered":"Demet Evgar\u2019\u0131n konu\u015fmas\u0131 Alt\u0131n Kelebek \u00d6d\u00fclleri gecesine damgas\u0131n\u0131 vurdu!"},"content":{"rendered":"<p>Pantene Alt\u0131n Kelebek \u00d6d\u00fcl T\u00f6reni&#8217;nin 50. y\u0131l\u0131nda &#8216;En \u0130yi Kad\u0131n Oyuncu&#8217; \u00f6d\u00fcl\u00fcn\u00fc kazanan Demet Evgar, gecenin en anlaml\u0131 anlar\u0131ndan birine imza att\u0131. Kad\u0131n haklar\u0131na verdi\u011fi \u00f6nem ve duru\u015fuyla tan\u0131nan Evgar, \u00f6d\u00fcl konu\u015fmas\u0131yla geceye damgas\u0131n\u0131 vurdu. Sahne \u00fczerinde hemcinslerine seslenerek \u00fclkedeki kad\u0131n sorunlar\u0131na dikkat \u00e7eken oyuncu, duygusal ve etkileyici bir konu\u015fma ile izleyicileri derinden etkiledi.<\/p>\n<h3>EN \u0130Y\u0130 KADIN OYUNCU DEMET EVGAR<\/h3>\n<p>Demet Evgar, Bahar dizisinde sergiledi\u011fi etkileyici performansla Alt\u0131n Kelebek \u00d6d\u00fclleri&#8217;nde en iyi kad\u0131n oyuncu \u00f6d\u00fcl\u00fcn\u00fc kazanarak geceye damga vurdu. Sahneye \u00e7\u0131karak \u00f6d\u00fcl\u00fcn\u00fc kabul eden Evgar, kad\u0131n kimli\u011fi \u00fczerine dokunakl\u0131 ve g\u00fc\u00e7l\u00fc bir konu\u015fma yaparak izleyicileri derinden etkiledi. Duygusal s\u00f6zleri ve etkileyici duru\u015fuyla g\u00f6n\u00fclleri bir kez daha fetheden Demet Evgar, sadece oyunculu\u011fuyla de\u011fil ayn\u0131 zamanda toplumsal meselelere duyarl\u0131 yakla\u015f\u0131m\u0131yla da b\u00fcy\u00fck takdir toplad\u0131. Bu anlaml\u0131 gece, sanat\u0131n g\u00fcc\u00fcn\u00fc ve kad\u0131nlar\u0131n sesini y\u00fckseltme kararl\u0131l\u0131\u011f\u0131n\u0131 bir kez daha g\u00f6zler \u00f6n\u00fcne serdi.<\/p>\n<h3>\u201cMEHMET EVGAR OLSAYDIM\u201d<\/h3>\n<p>50.Alt\u0131n Kelebek \u00d6d\u00fclleri&#8217;nde Demet Evgar, kad\u0131nlara y\u00f6nelik \u00f6nemli bir mesaj vererek izleyicileri adeta etkiledi. \u00d6d\u00fcl t\u00f6reninde yapt\u0131\u011f\u0131 etkileyici konu\u015fma, sosyal medyada geni\u015f kitlelere ula\u015farak b\u00fcy\u00fck bir yank\u0131 uyand\u0131rd\u0131. Demet Evgar&#8217;\u0131n cesur s\u00f6ylemlerini destekleyen ve takdir eden pek \u00e7ok yorum, sosyal mecralarda h\u0131zla yay\u0131larak dikkatleri \u00fczerine \u00e7ekti.<\/p>\n<p>Demet Evgar, \u201c Bir kad\u0131n hik\u00e2yesi anlat\u0131yoruz. Kad\u0131n meselesi \u00e7ok derin eski ne kadar co\u015fkulu da olsa yaral\u0131da bir mesele. Her ge\u00e7en g\u00fcn g\u00fcndem de\u011fi\u015fse de baz\u0131 ger\u00e7ekler de\u011fi\u015fmiyor. \u00a020 y\u0131ld\u0131r k\u00fcs\u00fcr bu i\u015fi yapan bir kad\u0131n olarak \u015funu t\u00fcm samimiyetimle s\u00f6yleyebilirim ki\u2026 Kendi hik\u00e2yemden \u00e7ok mutluyum. Yanl\u0131\u015f anla\u015f\u0131lmas\u0131n. Kad\u0131n olmaktan da \u00e7ok mutluyum ama samimi s\u00f6yl\u00fcyorum. Demet Evgar de\u011fil de Mehmet Evgar olsayd\u0131m benim i\u00e7in i\u015fler biraz daha kolay oluyor olacakt\u0131\u201d diyerek kad\u0131n olman\u0131n sekt\u00f6rdeki zorluklar\u0131na da de\u011findi.<\/p>\n<div style=\"width: 640px;\" class=\"wp-video\"><!--[if lt IE 9]><script>document.createElement('video');<\/script><![endif]-->\n<video class=\"wp-video-shortcode\" id=\"video-103444-1\" width=\"640\" height=\"346\" preload=\"metadata\" controls=\"controls\"><source type=\"video\/mp4\" src=\"https:\/\/www.tgrthaber.com\/mavikadin\/wp-content\/uploads\/demet-evgar.mp4?_=1\" \/><a href=\"https:\/\/www.tgrthaber.com\/mavikadin\/wp-content\/uploads\/demet-evgar.mp4\">https:\/\/www.tgrthaber.com\/mavikadin\/wp-content\/uploads\/demet-evgar.mp4<\/a><\/video><\/div>\n<h3>\u201cB\u0130Z\u0130M CANIMIZ VE MALIMIZ ERKEKLERDEN SORULUYOR\u201d<\/h3>\n<p>\u201cErke\u011fin sadece erkek olmas\u0131 yeterliyken\u2026 Trajik bir hata yapmad\u0131ysa bir erkek ya da politik olarak \u00fczerinde bir oyun oynanmad\u0131ysa genelde tercih edilen o oluyor. \u00c7\u00fcnk\u00fc bizim can\u0131m\u0131z ve mal\u0131m\u0131z erkeklerden soruluyor. Ama can\u0131m\u0131z\u0131nda mal\u0131m\u0131z\u0131nda durumu ortada. \u015eimdi b\u00f6yleyken bu \u015fuanda bu koltuklarda oturan bir\u00e7ok insan\u0131n ger\u00e7ekten bu kad\u0131n meselesinde bir yerde durdu\u011funu biliyorum ama bu durumu \u00e7ok i\u00e7selle\u015ftirebilirdi\u011fimizi zannetmiyorum. \u00c7\u00fcnk\u00fc bir \u015fekilde koltuklar\u0131m\u0131za sa\u011flam oturmaktan vazge\u00e7emiyoruz bir t\u00fcrl\u00fc. Kad\u0131n meselesi ne zaman yar\u0131lam\u0131\u015f oluruz. Erke\u011finde birinci meselesi oldu\u011funda\u2026 Ve kad\u0131n\u0131n e\u015fit hak ve \u00f6zg\u00fcrl\u00fcklere sahip olamamas\u0131 bir insan haklar\u0131 ihlali olarak g\u00f6r\u00fcld\u00fc\u011f\u00fcnde\u2026\u201d<\/p>\n","protected":false},"excerpt":{"rendered":"<p>50. Pantene Alt\u0131n Kelebek \u00d6d\u00fcl gecesinde en iyi kad\u0131n oyuncu kategorisinde Demet Evgar \u00f6d\u00fcl ald\u0131. \u00d6d\u00fcl sonras\u0131 konu\u015fan Evgar,\u201d &#8220;Demet Evgar yerine Mehmet Evgar olsayd\u0131m \u015fu an \u00e7ok daha iyi yerlerde olurdum.\u201d diyerek geceye damgas\u0131n\u0131 vurdu.<\/p>\n","protected":false},"author":10,"featured_media":103362,"comment_status":"closed","ping_status":"closed","sticky":false,"template":"","format":"standard","meta":{"rank_math_lock_modified_date":false,"footnotes":""},"categories":[76],"tags":[3692,2875,2304],"class_list":["post-103444","post","type-post","status-publish","format-standard","has-post-thumbnail","hentry","category-magazin","tag-50-altin-pantene-kelebek-odulleri","tag-altin-kelebek","tag-demet-evgar"],"_links":{"self":[{"href":"https:\/\/www.tgrthaber.com\/mavikadin\/wp-json\/wp\/v2\/posts\/103444"}],"collection":[{"href":"https:\/\/www.tgrthaber.com\/mavikadin\/wp-json\/wp\/v2\/posts"}],"about":[{"href":"https:\/\/www.tgrthaber.com\/mavikadin\/wp-json\/wp\/v2\/types\/post"}],"author":[{"embeddable":true,"href":"https:\/\/www.tgrthaber.com\/mavikadin\/wp-json\/wp\/v2\/users\/10"}],"replies":[{"embeddable":true,"href":"https:\/\/www.tgrthaber.com\/mavikadin\/wp-json\/wp\/v2\/comments?post=103444"}],"version-history":[{"count":3,"href":"https:\/\/www.tgrthaber.com\/mavikadin\/wp-json\/wp\/v2\/posts\/103444\/revisions"}],"predecessor-version":[{"id":103450,"href":"https:\/\/www.tgrthaber.com\/mavikadin\/wp-json\/wp\/v2\/posts\/103444\/revisions\/103450"}],"wp:featuredmedia":[{"embeddable":true,"href":"https:\/\/www.tgrthaber.com\/mavikadin\/wp-json\/wp\/v2\/media\/103362"}],"wp:attachment":[{"href":"https:\/\/www.tgrthaber.com\/mavikadin\/wp-json\/wp\/v2\/media?parent=103444"}],"wp:term":[{"taxonomy":"category","embeddable":true,"href":"https:\/\/www.tgrthaber.com\/mavikadin\/wp-json\/wp\/v2\/categories?post=103444"},{"taxonomy":"post_tag","embeddable":true,"href":"https:\/\/www.tgrthaber.com\/mavikadin\/wp-json\/wp\/v2\/tags?post=103444"}],"curies":[{"name":"wp","href":"https:\/\/api.w.org\/{rel}","templated":true}]}}