{"id":103540,"date":"2024-12-09T08:30:02","date_gmt":"2024-12-09T05:30:02","guid":{"rendered":"https:\/\/www.tgrthaber.com\/mavikadin\/?p=103540"},"modified":"2024-12-09T08:30:02","modified_gmt":"2024-12-09T05:30:02","slug":"atese-dustum-sarkisinin-soz-yazari-mela-bedel-odulu-eliyle-geri-cevirmesi-dikkat-cekti","status":"publish","type":"post","link":"https:\/\/www.tgrthaber.com\/mavikadin\/atese-dustum-sarkisinin-soz-yazari-mela-bedel-odulu-eliyle-geri-cevirmesi-dikkat-cekti\/","title":{"rendered":"Ate\u015fe D\u00fc\u015ft\u00fcm \u015fark\u0131s\u0131n\u0131n s\u00f6z yazar\u0131 Mela Bedel&#8217;in \u00f6d\u00fcl\u00fc eliyle geri \u00e7evirmesi dikkat \u00e7ekti"},"content":{"rendered":"<p>Ate\u015fe D\u00fc\u015ft\u00fcm \u015fark\u0131s\u0131n\u0131n s\u00f6z yazar\u0131 Mela Bedel, Alt\u0131n Kelebek En \u0130yi \u015eark\u0131 \u00f6d\u00fcl\u00fcn\u00fc ald\u0131. S\u00f6z yazar\u0131 olan Mela Bedel sahnede \u00f6d\u00fcl\u00fcn\u00fc almaya \u00e7\u0131kt\u0131\u011f\u0131nda \u00f6yle bir hareket yapt\u0131 ki herkesin dikkatini \u00e7ekti. Mela Bedel Ate\u015fe D\u00fc\u015ft\u00fcm \u015fark\u0131s\u0131n\u0131 da nas\u0131l yazd\u0131\u011f\u0131n\u0131 sahnede heyecan i\u00e7inde anlatt\u0131.<\/p>\n<h3>MELA BEDEL\u00a0 ATE\u015eE D\u00dc\u015eT\u00dcM \u015eARKISI \u0130LE &#8216;EN \u0130Y\u0130 \u015eARKI&#8217; \u00d6D\u00dcL\u00dcN\u00dc ALAN YAZAR OLDU<\/h3>\n<p>Mela Bedel bu y\u0131l 50.&#8217;si d\u00fczenlenen Alt\u0131n Kelebek \u00d6d\u00fclleri&#8217;nde \u00f6d\u00fcl almak i\u00e7in sahneye \u00e7\u0131kt\u0131. Mert Demir ile birlikte &#8216;en iyi \u015fark\u0131&#8217; \u00f6d\u00fcl\u00fcne lay\u0131k g\u00f6r\u00fclen \u015fark\u0131 yazar\u0131 Mela Bedel \u00f6d\u00fcl\u00fcn\u00fc almak i\u00e7in \u00e7\u0131kt\u0131\u011f\u0131nda Ferhat G\u00f6\u00e7er&#8217;in elinden kendi \u00f6d\u00fcl\u00fcn\u00fc ald\u0131 ve Mert Demir\u2019in \u00f6d\u00fcl\u00fcn\u00fc geri \u00e7evirdi. Herkesin buz kesti\u011fi anlarda Ferhat G\u00f6\u00e7er ise elinde \u00f6d\u00fclle \u00f6ylece kald\u0131.<\/p>\n<div style=\"width: 640px;\" class=\"wp-video\"><!--[if lt IE 9]><script>document.createElement('video');<\/script><![endif]-->\n<video class=\"wp-video-shortcode\" id=\"video-103540-1\" width=\"640\" height=\"360\" preload=\"metadata\" controls=\"controls\"><source type=\"video\/mp4\" src=\"https:\/\/www.tgrthaber.com\/mavikadin\/wp-content\/uploads\/En-Iyi-Sarki-\u2013-Mert-Demir-Mela-Bedel-Atese-Dustum-.mp4?_=1\" \/><a href=\"https:\/\/www.tgrthaber.com\/mavikadin\/wp-content\/uploads\/En-Iyi-Sarki-\u2013-Mert-Demir-Mela-Bedel-Atese-Dustum-.mp4\">https:\/\/www.tgrthaber.com\/mavikadin\/wp-content\/uploads\/En-Iyi-Sarki-\u2013-Mert-Demir-Mela-Bedel-Atese-Dustum-.mp4<\/a><\/video><\/div>\n<p>&nbsp;<\/p>\n<p>Alt\u0131n Kelebek \u00d6d\u00fclleri 8 aral\u0131k gecesi 50.kez sahiplerini buldu. Bir\u00e7ok kategoride onlarca ismin yar\u0131\u015ft\u0131\u011f\u0131 \u00f6d\u00fcl gecesinde konu\u015fulan isimler oldu. Alt\u0131n Kelebek \u00f6d\u00fclleri T\u00fcrkiye&#8217;nin en uzun soulklu \u00f6d\u00fcl gecesi olarak tarihe ge\u00e7ti. Bir\u00e7ok ayr\u0131 kategoride yar\u0131\u015fan ki\u015filer \u00f6d\u00fcllerini sahnede b\u00fcy\u00fck bir organizasyonla alarak konu\u015fmalar\u0131n\u0131 yapt\u0131.<\/p>\n<p><img loading=\"lazy\" decoding=\"async\" class=\"alignnone size-full wp-image-103543\" src=\"https:\/\/www.tgrthaber.com\/mavikadin\/wp-content\/uploads\/Ekran-goruntusu-2024-12-09-080610.png\" alt=\"\" width=\"1919\" height=\"1075\" title=\"\" srcset=\"https:\/\/www.tgrthaber.com\/mavikadin\/wp-content\/uploads\/Ekran-goruntusu-2024-12-09-080610.png 1919w, https:\/\/www.tgrthaber.com\/mavikadin\/wp-content\/uploads\/Ekran-goruntusu-2024-12-09-080610-300x168.png 300w, https:\/\/www.tgrthaber.com\/mavikadin\/wp-content\/uploads\/Ekran-goruntusu-2024-12-09-080610-1024x574.png 1024w, https:\/\/www.tgrthaber.com\/mavikadin\/wp-content\/uploads\/Ekran-goruntusu-2024-12-09-080610-768x430.png 768w, https:\/\/www.tgrthaber.com\/mavikadin\/wp-content\/uploads\/Ekran-goruntusu-2024-12-09-080610-1536x860.png 1536w\" sizes=\"(max-width: 1919px) 100vw, 1919px\" \/><\/p>\n<p>Ate\u015fe D\u00fc\u015ft\u00fcm \u015fark\u0131s\u0131 ile listelerde bir numara olan Mert Demir \u00f6d\u00fcl gecesine kat\u0131lmad\u0131. \u015eark\u0131n\u0131n s\u00f6z yazar\u0131 olan Mela Bedel ise kendi \u00f6d\u00fcl\u00fcn\u00fc alarak Mert Demir&#8217;in \u00f6d\u00fcl\u00fcn\u00fc bir el hareketiyle geri \u00e7evirdi. Sosyal medyada o anlar herkesin ilgisini \u00e7ekti ve bir\u00e7ok yorum geldi. Ferhat G\u00f6\u00e7er&#8217;in elinde \u00f6d\u00fclle kald\u0131\u011f\u0131 anlarda herkes \u015fok oldu. Mela Demir sadece kendi \u00f6d\u00fcl\u00fcn\u00fc alarak konu\u015fmas\u0131n\u0131 yapt\u0131.<\/p>\n<h3>&#8216;BU \u00d6D\u00dcL BEN\u0130 MOT\u0130VE EDECEK&#8217;<\/h3>\n<p>\u00d6d\u00fcl\u00fcn\u00fc almak i\u00e7in sahneye \u00e7\u0131kan Mela Bedel \u00f6d\u00fcl\u00fcn\u00fc ald\u0131ktan sonra bir de konu\u015fma yapt\u0131. Konu\u015fmas\u0131nda \u015fark\u0131y\u0131 yazd\u0131\u011f\u0131 g\u00fcnden bahseden Mela Bedel bundan sonraki yazaca\u011f\u0131 \u015fark\u0131lar i\u00e7in de motivasyonunu buldu\u011funu belirtti. Konu\u015fmas\u0131nda Mert Demir&#8217;i de anan Mela Bedel&#8217;in konu\u015fmas\u0131 \u015f\u00f6yle; Herkese merhaba ben bu \u015fark\u0131y\u0131 \u00e7ok so\u011fuk bir gecede yazd\u0131m. Binlerce y\u00fcre\u011fi \u0131s\u0131tt\u0131 sununda. Mert de \u00e7ok g\u00fczel seslendirdi. Muhte\u015fem seslendirdi. Onu tebrik ediyorum. Bu \u00f6d\u00fcl beni motive edecek. Umar\u0131m s\u00fcrd\u00fcr\u00fclebilir olur. Nicelerine diyelim. \u00c7ok te\u015fekk\u00fcr ediyorum. \u0130yi ak\u015famlar.<\/p>\n<p><img loading=\"lazy\" decoding=\"async\" class=\"alignnone size-full wp-image-103544\" src=\"https:\/\/www.tgrthaber.com\/mavikadin\/wp-content\/uploads\/Ekran-goruntusu-2024-12-09-080627.png\" alt=\"\" width=\"1919\" height=\"1079\" title=\"\" srcset=\"https:\/\/www.tgrthaber.com\/mavikadin\/wp-content\/uploads\/Ekran-goruntusu-2024-12-09-080627.png 1919w, https:\/\/www.tgrthaber.com\/mavikadin\/wp-content\/uploads\/Ekran-goruntusu-2024-12-09-080627-300x169.png 300w, https:\/\/www.tgrthaber.com\/mavikadin\/wp-content\/uploads\/Ekran-goruntusu-2024-12-09-080627-1024x576.png 1024w, https:\/\/www.tgrthaber.com\/mavikadin\/wp-content\/uploads\/Ekran-goruntusu-2024-12-09-080627-768x432.png 768w, https:\/\/www.tgrthaber.com\/mavikadin\/wp-content\/uploads\/Ekran-goruntusu-2024-12-09-080627-1536x864.png 1536w\" sizes=\"(max-width: 1919px) 100vw, 1919px\" \/><\/p>\n<p>Mert Demir&#8217;in ge\u00e7ti\u011fimiz g\u00fcnlerde ald\u0131\u011f\u0131 \u00f6d\u00fcl sonras\u0131 C\u00fcneyt \u00d6zdemir taraf\u0131ndan ele\u015ftirilmesi y\u00fcz\u00fcnden bu \u00f6d\u00fcl \u00a0t\u00f6renine kat\u0131lmad\u0131\u011f\u0131 d\u00fc\u015f\u00fcn\u00fcl\u00fcyor. \u00d6d\u00fcllerini ba\u015far\u0131s\u0131ndan dolay\u0131 de\u011fil Serenay Sar\u0131kaya&#8217;n\u0131n sevgilisi oldu\u011fu i\u00e7in ald\u0131\u011f\u0131 konu\u015fulmu\u015f ve bir\u00e7ok ki\u015fi de bunu onaylam\u0131\u015ft\u0131. Mert Demir bu konu\u015fmalar sonras\u0131 T\u00fcrkiye&#8217;nin en b\u00fcy\u00fck \u00f6d\u00fcl gecelerinden biri olan Alt\u0131n Kelebek \u00d6d\u00fclleri gecesine kat\u0131lmad\u0131.<\/p>\n","protected":false},"excerpt":{"rendered":"<p>Alt\u0131n Kelebek \u00d6d\u00fclleri bu y\u0131l 50.si d\u00fczenlendi ve \u00f6d\u00fcller sahiplerini buldu. Geceye damga vuran bir\u00e7ok olay ya\u015fand\u0131 ancak Mela Bedel&#8217;in &#8216;en iyi \u015fark\u0131&#8217; \u00f6d\u00fcl\u00fcn\u00fc al\u0131rken yapt\u0131\u011f\u0131 el hareketi de \u00e7ok konu\u015fuldu. <\/p>\n","protected":false},"author":25,"featured_media":103541,"comment_status":"closed","ping_status":"closed","sticky":false,"template":"","format":"standard","meta":{"rank_math_lock_modified_date":false,"footnotes":""},"categories":[76],"tags":[2875,3700,3724,3278],"class_list":["post-103540","post","type-post","status-publish","format-standard","has-post-thumbnail","hentry","category-magazin","tag-altin-kelebek","tag-altin-kelebek-odul-gecesi","tag-mela-bedel","tag-mert-demir"],"_links":{"self":[{"href":"https:\/\/www.tgrthaber.com\/mavikadin\/wp-json\/wp\/v2\/posts\/103540"}],"collection":[{"href":"https:\/\/www.tgrthaber.com\/mavikadin\/wp-json\/wp\/v2\/posts"}],"about":[{"href":"https:\/\/www.tgrthaber.com\/mavikadin\/wp-json\/wp\/v2\/types\/post"}],"author":[{"embeddable":true,"href":"https:\/\/www.tgrthaber.com\/mavikadin\/wp-json\/wp\/v2\/users\/25"}],"replies":[{"embeddable":true,"href":"https:\/\/www.tgrthaber.com\/mavikadin\/wp-json\/wp\/v2\/comments?post=103540"}],"version-history":[{"count":1,"href":"https:\/\/www.tgrthaber.com\/mavikadin\/wp-json\/wp\/v2\/posts\/103540\/revisions"}],"predecessor-version":[{"id":103545,"href":"https:\/\/www.tgrthaber.com\/mavikadin\/wp-json\/wp\/v2\/posts\/103540\/revisions\/103545"}],"wp:featuredmedia":[{"embeddable":true,"href":"https:\/\/www.tgrthaber.com\/mavikadin\/wp-json\/wp\/v2\/media\/103541"}],"wp:attachment":[{"href":"https:\/\/www.tgrthaber.com\/mavikadin\/wp-json\/wp\/v2\/media?parent=103540"}],"wp:term":[{"taxonomy":"category","embeddable":true,"href":"https:\/\/www.tgrthaber.com\/mavikadin\/wp-json\/wp\/v2\/categories?post=103540"},{"taxonomy":"post_tag","embeddable":true,"href":"https:\/\/www.tgrthaber.com\/mavikadin\/wp-json\/wp\/v2\/tags?post=103540"}],"curies":[{"name":"wp","href":"https:\/\/api.w.org\/{rel}","templated":true}]}}