{"id":103546,"date":"2024-12-09T09:06:42","date_gmt":"2024-12-09T06:06:42","guid":{"rendered":"https:\/\/www.tgrthaber.com\/mavikadin\/?p=103546"},"modified":"2024-12-09T09:06:42","modified_gmt":"2024-12-09T06:06:42","slug":"yasemin-sakallioglu-altin-kelebek-odul-gecesinde-salonu-gulmekten-kirdi-gecirdi","status":"publish","type":"post","link":"https:\/\/www.tgrthaber.com\/mavikadin\/yasemin-sakallioglu-altin-kelebek-odul-gecesinde-salonu-gulmekten-kirdi-gecirdi\/","title":{"rendered":"Yasemin Sakall\u0131o\u011flu Alt\u0131n Kelebek \u00d6d\u00fcl gecesinde salonu g\u00fclmekten k\u0131rd\u0131 ge\u00e7irdi"},"content":{"rendered":"<p>Yasemin Sakall\u0131o\u011flu Alt\u0131n Kelebek \u00d6d\u00fcl gecesinde damga vuran isimlerden biri oldu. Herkesi g\u00fcld\u00fcren Yasemin Sakall\u0131o\u011flu hi\u00e7 \u015fa\u015f\u0131rtmad\u0131. Davetlilerin kahkahalarla g\u00fcld\u00fc\u011f\u00fc anlar sosyal medyada \u00e7ok konu\u015fuldu. En iyi dijital i\u00e7erik \u00fcretici \u00f6d\u00fcl\u00fcn\u00fc alan Yasemin Sakall\u0131o\u011flu konu\u015fmas\u0131nda annesine de te\u015fekk\u00fcr etmeyi ihmal etmedi.<\/p>\n<h3>YASEM\u0130N SAKALLIO\u011eLU D\u00d6\u00dcL KONU\u015eMASINDA HERKES\u0130 G\u00dcLD\u00dcRD\u00dc<\/h3>\n<p>Alt\u0131n Kelebek \u00d6d\u00fclleri g\u00f6rkemli bir gecede sahiplerini buldu. T\u00fcrkiye&#8217;nin en \u00f6nemli \u00f6d\u00fcl gecesi olan Alt\u0131n Kelebek&#8217;te \u00f6d\u00fcl alan ki\u015filerin yapt\u0131\u011f\u0131 konu\u015fma \u00f6d\u00fclden daha fazla konu\u015fuluyor adeta. Herkesin ilgisini \u00e7eken ve salonu kahkahalara bo\u011fan ki\u015filerden biri de Yasemin Sakall\u0131o\u011flu oldu. Sosyal medyada yapt\u0131\u011f\u0131 komik tiplemelerle herkesi g\u00fcld\u00fcren ve T\u00fcrkiye&#8217;nin tek kad\u0131n \u015fovmeni olan Yasemin Sakall\u0131ol\u011fu en iyi dijital i\u00e7erik \u00fcretici kad\u0131n \u00f6d\u00fcl\u00fcn\u00fc ald\u0131.<\/p>\n<div style=\"width: 640px;\" class=\"wp-video\"><!--[if lt IE 9]><script>document.createElement('video');<\/script><![endif]-->\n<video class=\"wp-video-shortcode\" id=\"video-103546-1\" width=\"640\" height=\"360\" preload=\"metadata\" controls=\"controls\"><source type=\"video\/mp4\" src=\"https:\/\/www.tgrthaber.com\/mavikadin\/wp-content\/uploads\/En-Iyi-Dijital-Kadin-Icerik-Uretici-\u2013-Yasemin-Sakallioglu-.mp4?_=1\" \/><a href=\"https:\/\/www.tgrthaber.com\/mavikadin\/wp-content\/uploads\/En-Iyi-Dijital-Kadin-Icerik-Uretici-\u2013-Yasemin-Sakallioglu-.mp4\">https:\/\/www.tgrthaber.com\/mavikadin\/wp-content\/uploads\/En-Iyi-Dijital-Kadin-Icerik-Uretici-\u2013-Yasemin-Sakallioglu-.mp4<\/a><\/video><\/div>\n<p>Herkesin g\u00fclmekten k\u0131r\u0131ld\u0131\u011f\u0131 konu\u015fmas\u0131nda ise sosyal medyadan, annesinden ailesinden bahsetmeyi ihmal etmedi. Yasemin Sakall\u0131o\u011flu konu\u015fmas\u0131nda &#8216;Bu ak\u015fam hayat\u0131mda en \u00e7ok te\u015fekk\u00fcr duydu\u011fum ak\u015fam. Beni \u00e7ok etkiledi ve oturdu\u011fum yerde 32 tane falan te\u015fekk\u00fcr azaltt\u0131m. \u00c7ok da s\u0131caklad\u0131m. Battaniye giymi\u015fim. Tasar\u0131mc\u0131m sa\u011f olsun d\u00fcnyadaki t\u00fcm dekolteleri dengelemek ad\u0131na beni bo\u011faz\u0131ma kadar giydirdi. \u0130smini s\u00f6yleyemedi\u011fi \u00f6d\u00fcl\u00fcn ad\u0131n\u0131 s\u00f6ylemek isterim. En az\u0131ndan bu ak\u015fam ne ald\u0131\u011f\u0131m belli olsun. En iyi dijital i\u00e7erik \u00fcreticisi kad\u0131n \u00f6d\u00fcl\u00fcn\u00fc ald\u0131m.\u00a0 Ve bunu etkile\u015fimimin en k\u00f6t\u00fc odlu\u011fu saatte ald\u0131m. O y\u00fczden kendimi \u00f6d\u00fcls\u00fcz payla\u015ft\u0131m ki foto\u011fraf\u0131m yeteri kadar be\u011feni als\u0131n. \u00d6d\u00fcl\u00fc yar\u0131n ba\u015fka bir k\u0131yafetle payla\u015faca\u011f\u0131m. Te\u015fekk\u00fcr ediyorum. Bir ki\u015fiye te\u015fekk\u00fcr etmek istiyorum. Yoksa eve giremem. Annem ortal\u0131\u011f\u0131 aya\u011fa kald\u0131rd\u0131. Belki de alt\u0131n kelebek uygulamas\u0131na ilk defa bu kadar \u00e7ok 65 ya\u015f \u00fcst\u00fc kad\u0131n girip bana oy vermi\u015ftir. O y\u00fczden anneme \u00e7ok te\u015fekk\u00fcr ediyorum. Bug\u00fcn ailemde k\u0131zd\u0131\u011f\u0131m ne varsa beni bu g\u00fcnlere getirdi. Hepsine te\u015fekk\u00fcr ediyorum.&#8217; dedi.<\/p>\n<p><img loading=\"lazy\" decoding=\"async\" class=\"alignnone size-full wp-image-103549\" src=\"https:\/\/www.tgrthaber.com\/mavikadin\/wp-content\/uploads\/Ekran-goruntusu-2024-12-09-085919.png\" alt=\"\" width=\"1919\" height=\"1079\" title=\"\" srcset=\"https:\/\/www.tgrthaber.com\/mavikadin\/wp-content\/uploads\/Ekran-goruntusu-2024-12-09-085919.png 1919w, https:\/\/www.tgrthaber.com\/mavikadin\/wp-content\/uploads\/Ekran-goruntusu-2024-12-09-085919-300x169.png 300w, https:\/\/www.tgrthaber.com\/mavikadin\/wp-content\/uploads\/Ekran-goruntusu-2024-12-09-085919-1024x576.png 1024w, https:\/\/www.tgrthaber.com\/mavikadin\/wp-content\/uploads\/Ekran-goruntusu-2024-12-09-085919-768x432.png 768w, https:\/\/www.tgrthaber.com\/mavikadin\/wp-content\/uploads\/Ekran-goruntusu-2024-12-09-085919-1536x864.png 1536w\" sizes=\"(max-width: 1919px) 100vw, 1919px\" \/><\/p>\n<p>T\u00fclin \u015eahin\u2019in \u00f6d\u00fcl\u00fc anons ederken kekelemesi ve bir t\u00fcrl\u00fc do\u011fru \u015fekilde okuyamamas\u0131 \u00fczerine Yasemin Sakall\u0131ol\u011flu esprili bir a\u00e7\u0131klama yapt\u0131. Esprili ve hicivli bir konu\u015fma tarz\u0131yla ilgi \u00e7eken Yasemin Sakall\u0131o\u011flu &#8216;ismini s\u00f6yleyemedi\u011fi \u00f6d\u00fcl\u00fcn ad\u0131n\u0131 s\u00f6ylemek isterim. En az\u0131ndan bu ak\u015fam ne ald\u0131\u011f\u0131m belli olsun. En iyi dijital i\u00e7erik \u00fcreticisi kad\u0131n \u00f6d\u00fcl\u00fcn\u00fc ald\u0131m.&#8217; dedi.<\/p>\n<p><img loading=\"lazy\" decoding=\"async\" class=\"alignnone size-full wp-image-103550\" src=\"https:\/\/www.tgrthaber.com\/mavikadin\/wp-content\/uploads\/Ekran-goruntusu-2024-12-09-085930.png\" alt=\"\" width=\"1919\" height=\"1079\" title=\"\" srcset=\"https:\/\/www.tgrthaber.com\/mavikadin\/wp-content\/uploads\/Ekran-goruntusu-2024-12-09-085930.png 1919w, https:\/\/www.tgrthaber.com\/mavikadin\/wp-content\/uploads\/Ekran-goruntusu-2024-12-09-085930-300x169.png 300w, https:\/\/www.tgrthaber.com\/mavikadin\/wp-content\/uploads\/Ekran-goruntusu-2024-12-09-085930-1024x576.png 1024w, https:\/\/www.tgrthaber.com\/mavikadin\/wp-content\/uploads\/Ekran-goruntusu-2024-12-09-085930-768x432.png 768w, https:\/\/www.tgrthaber.com\/mavikadin\/wp-content\/uploads\/Ekran-goruntusu-2024-12-09-085930-1536x864.png 1536w\" sizes=\"(max-width: 1919px) 100vw, 1919px\" \/><\/p>\n<p>Alt\u0131n Kelebek \u00d6d\u00fclleri gecesinde \u00f6d\u00fcller sahiplerini bulurken ortaya \u00e7\u0131kan g\u00f6r\u00fcnt\u00fclerde davetlilerin en e\u00e7ok e\u011flendi\u011fi ve g\u00fcld\u00fc\u011f\u00fc \u00f6d\u00fcl konu\u015fmas\u0131 Yasemin Sakall\u0131o\u011flu&#8217;nun oldu. T\u00fcrkiye&#8217;de kad\u0131n olarak sahne komedi \u015fovu yapan tek ki\u015fi olan Yasemin Sakall\u0131o\u011flu bu y\u0131l \u00f6d\u00fcl\u00fcn\u00fc &#8216;en iyi dijital i\u00e7erik \u00fcretici kad\u0131n&#8217; olarak ald\u0131. Sahnede tek ba\u015f\u0131na talk \u015fov yapan Yasemin Sakall\u0131o\u011flu annesiyle an\u0131lar\u0131n\u0131 anlatarak herkesi g\u00fcld\u00fcr\u00fcyor.<\/p>\n<p>&nbsp;<\/p>\n<p>E\u015fiyle mutlu birlikteli\u011fi olan Yasemin Sakall\u0131o\u011flu sosyal medyada da g\u00fcld\u00fcren i\u00e7erikler payla\u015fmaya devam ediyor.<\/p>\n","protected":false},"excerpt":{"rendered":"<p>Yasemin Sakall\u0131o\u011flu \u00f6d\u00fcl gecesinde herkesi g\u00fcld\u00fcren bir konu\u015fma yapt\u0131. D\u00fcnyadaki t\u00fcm dekolteleri dengelemek ad\u0131na kapal\u0131 giyindi\u011fini s\u00f6yleyen Yasemin Sakall\u0131o\u011flu annesinin \u00f6d\u00fcl almas\u0131ndaki etkisini de unutmad\u0131. <\/p>\n","protected":false},"author":25,"featured_media":103547,"comment_status":"closed","ping_status":"closed","sticky":false,"template":"","format":"standard","meta":{"rank_math_lock_modified_date":false,"footnotes":""},"categories":[76],"tags":[3700,3691,3725],"class_list":["post-103546","post","type-post","status-publish","format-standard","has-post-thumbnail","hentry","category-magazin","tag-altin-kelebek-odul-gecesi","tag-altin-kelebek-odulleri","tag-yasemin-sakallioglu"],"_links":{"self":[{"href":"https:\/\/www.tgrthaber.com\/mavikadin\/wp-json\/wp\/v2\/posts\/103546"}],"collection":[{"href":"https:\/\/www.tgrthaber.com\/mavikadin\/wp-json\/wp\/v2\/posts"}],"about":[{"href":"https:\/\/www.tgrthaber.com\/mavikadin\/wp-json\/wp\/v2\/types\/post"}],"author":[{"embeddable":true,"href":"https:\/\/www.tgrthaber.com\/mavikadin\/wp-json\/wp\/v2\/users\/25"}],"replies":[{"embeddable":true,"href":"https:\/\/www.tgrthaber.com\/mavikadin\/wp-json\/wp\/v2\/comments?post=103546"}],"version-history":[{"count":2,"href":"https:\/\/www.tgrthaber.com\/mavikadin\/wp-json\/wp\/v2\/posts\/103546\/revisions"}],"predecessor-version":[{"id":103552,"href":"https:\/\/www.tgrthaber.com\/mavikadin\/wp-json\/wp\/v2\/posts\/103546\/revisions\/103552"}],"wp:featuredmedia":[{"embeddable":true,"href":"https:\/\/www.tgrthaber.com\/mavikadin\/wp-json\/wp\/v2\/media\/103547"}],"wp:attachment":[{"href":"https:\/\/www.tgrthaber.com\/mavikadin\/wp-json\/wp\/v2\/media?parent=103546"}],"wp:term":[{"taxonomy":"category","embeddable":true,"href":"https:\/\/www.tgrthaber.com\/mavikadin\/wp-json\/wp\/v2\/categories?post=103546"},{"taxonomy":"post_tag","embeddable":true,"href":"https:\/\/www.tgrthaber.com\/mavikadin\/wp-json\/wp\/v2\/tags?post=103546"}],"curies":[{"name":"wp","href":"https:\/\/api.w.org\/{rel}","templated":true}]}}