{"id":103628,"date":"2024-12-09T12:16:44","date_gmt":"2024-12-09T09:16:44","guid":{"rendered":"https:\/\/www.tgrthaber.com\/mavikadin\/?p=103628"},"modified":"2024-12-09T12:21:21","modified_gmt":"2024-12-09T09:21:21","slug":"serenay-sarikaya-ve-mert-demir-ayrildi-iddiasi-gundem-oldu-buyuk-ask-bitti-mi","status":"publish","type":"post","link":"https:\/\/www.tgrthaber.com\/mavikadin\/serenay-sarikaya-ve-mert-demir-ayrildi-iddiasi-gundem-oldu-buyuk-ask-bitti-mi\/","title":{"rendered":"Serenay Sar\u0131kaya ve Mert Demir ayr\u0131ld\u0131 iddias\u0131 g\u00fcndem oldu! B\u00fcy\u00fck a\u015fk bitti mi?"},"content":{"rendered":"<p>Son d\u00f6nemin pop\u00fcler \u00e7iftlerinden Serenay Sar\u0131kaya ve Mert Demir ayr\u0131ld\u0131 iddias\u0131 g\u00fcndem oldu. \u0130kilinin kar\u015f\u0131l\u0131kl\u0131 konu\u015farak bu duruma karar verdi\u011fi s\u00f6yleniyor.<\/p>\n<h3>SERENAY SARIKAYA VE MERT DEM\u0130R AYRILDI \u0130DD\u0130ASI<\/h3>\n<p>Sevilen \u00e7ift Serenay Sar\u0131kaya ve Mert Demir\u2019den hayranlar\u0131n\u0131 \u00fczen haber geldi. \u0130ddialara g\u00f6re \u00e7ift kar\u015f\u0131l\u0131kl\u0131 konu\u015farak ayr\u0131l\u0131k karar\u0131 ald\u0131.<\/p>\n<p>&#8216;\u0130kimizin Yerine&#8217;, &#8216;Adanal\u0131&#8217;,\u2019 Behzat \u00c7. Ankara Yan\u0131yor&#8217;, \u2018Fi\u2019, &#8216;Medcezir&#8217; gibi yap\u0131mlarda rol alan Serenay Sar\u0131kaya kariyerinin yan\u0131 s\u0131ra a\u015fk hayat\u0131yla da g\u00fcndem oluyor.<\/p>\n<h3>YILIN A\u015eKI B\u0130TT\u0130 M\u0130?<\/h3>\n<p>Ge\u00e7ti\u011fimiz A\u011fustos ay\u0131nda ayr\u0131l\u0131k haberleri g\u00fcndem olan \u00e7ift bu iddialar\u0131 daha sonra yalanlayarak ili\u015fkilerine devam etti. Sosyal medya hesaplar\u0131ndan mutluluk pozlar\u0131na devam eden Sar\u0131kaya ve Demir\u2019in ayr\u0131ld\u0131\u011f\u0131 iddia edildi.<\/p>\n<p><img loading=\"lazy\" decoding=\"async\" class=\"alignnone size-full wp-image-103630\" src=\"https:\/\/www.tgrthaber.com\/mavikadin\/wp-content\/uploads\/Mert-Demir-Serenay-Sarikaya.jpg\" alt=\"\" width=\"630\" height=\"776\" title=\"\" srcset=\"https:\/\/www.tgrthaber.com\/mavikadin\/wp-content\/uploads\/Mert-Demir-Serenay-Sarikaya.jpg 630w, https:\/\/www.tgrthaber.com\/mavikadin\/wp-content\/uploads\/Mert-Demir-Serenay-Sarikaya-244x300.jpg 244w\" sizes=\"(max-width: 630px) 100vw, 630px\" \/><\/p>\n<h3>MERT DEM\u0130R K\u0130MD\u0130R?<\/h3>\n<p>Kariyeri kadar \u00f6zel hayat\u0131yla da ad\u0131ndan s\u00f6z ettiren Mert Demir, Antidepresan, Pusulam R\u00fczgar\u00a0gibi pop\u00fcler \u015fark\u0131larla b\u00fcy\u00fck bir \u00e7\u0131k\u0131\u015f yakalad\u0131.<\/p>\n<p>26 Aral\u0131k 1993 tarihinde \u0130stanbul, Beyo\u011flu&#8217;nda d\u00fcnyaya gelen Mert Demir, T\u00fcrk \u015fark\u0131c\u0131, s\u00f6z yazar\u0131, prod\u00fckt\u00f6r, yap\u0131mc\u0131 ve aranj\u00f6rd\u00fcr.<\/p>\n<p>M\u00fczi\u011fe olan ilgisi hen\u00fcz \u00e7ocukken ba\u015flayan Mert Demir, m\u00fczikle gitar \u00e7almaya ba\u015flayarak tan\u0131\u015ft\u0131.<\/p>\n<p><img loading=\"lazy\" decoding=\"async\" class=\"alignnone size-full wp-image-103631\" src=\"https:\/\/www.tgrthaber.com\/mavikadin\/wp-content\/uploads\/Mert-Demir-1.jpg\" alt=\"\" width=\"600\" height=\"600\" title=\"\" srcset=\"https:\/\/www.tgrthaber.com\/mavikadin\/wp-content\/uploads\/Mert-Demir-1.jpg 600w, https:\/\/www.tgrthaber.com\/mavikadin\/wp-content\/uploads\/Mert-Demir-1-300x300.jpg 300w, https:\/\/www.tgrthaber.com\/mavikadin\/wp-content\/uploads\/Mert-Demir-1-150x150.jpg 150w\" sizes=\"(max-width: 600px) 100vw, 600px\" \/><\/p>\n<h3>O SES T\u00dcRK\u0130YE&#8217;YE M\u0130 KATILDI?<\/h3>\n<p>Liseden mezun olduktan sonra O Ses T\u00fcrkiye\u00a0yar\u0131\u015fmas\u0131na kat\u0131larak sesini duyuran Mert Demir profesyonel kariyerine ad\u0131m atm\u0131\u015f oldu.<\/p>\n<p>Sahne performanslar\u0131, retro \u015fovmenli\u011fi ile dikkat \u00e7eken Mert Demir ba\u015far\u0131l\u0131 performanslar\u0131yla tan\u0131nd\u0131.<\/p>\n<p><img loading=\"lazy\" decoding=\"async\" class=\"alignnone size-large wp-image-103632\" src=\"https:\/\/www.tgrthaber.com\/mavikadin\/wp-content\/uploads\/Mert-Demir-3-1-819x1024.jpg\" alt=\"\" width=\"640\" height=\"800\" title=\"\" srcset=\"https:\/\/www.tgrthaber.com\/mavikadin\/wp-content\/uploads\/Mert-Demir-3-1-819x1024.jpg 819w, https:\/\/www.tgrthaber.com\/mavikadin\/wp-content\/uploads\/Mert-Demir-3-1-240x300.jpg 240w, https:\/\/www.tgrthaber.com\/mavikadin\/wp-content\/uploads\/Mert-Demir-3-1-768x960.jpg 768w, https:\/\/www.tgrthaber.com\/mavikadin\/wp-content\/uploads\/Mert-Demir-3-1.jpg 1080w\" sizes=\"(max-width: 640px) 100vw, 640px\" \/><\/p>\n<h3>MEL\u0130KE \u015eAH\u0130N VE MABEL MAT\u0130Z D\u00dcETLER\u0130YLE TANINDI<\/h3>\n<p>Melike \u015eahin\u00a0ile birlikte seslendirdi\u011fi\u00a0&#8220;Pusulam R\u00fczgar&#8221;\u00a0ve\u00a0Mabel Matiz\u00a0ile olan i\u015fbirli\u011fi\u00a0&#8220;Antidepresan&#8221;\u00a0gibi \u015fark\u0131larla ad\u0131ndan s\u00f6z ettiren Mert Demir 2022 y\u0131l\u0131nda\u00a0&#8220;Herkesin\u00a0Kafa Gidik&#8221;\u00a0ve\u00a0&#8220;Unutma Beni\u00a0\/\u00a0Unut Gitsin&#8221;\u00a0gibi i\u015flere imza att\u0131.<\/p>\n","protected":false},"excerpt":{"rendered":"<p>Serenay Sar\u0131kaya ve Mert Demir ayr\u0131ld\u0131 iddialar\u0131 g\u00fcndeme bomba gibi d\u00fc\u015ft\u00fc. Magazin g\u00fcndemine konu olan ikilinin ayr\u0131ld\u0131\u011f\u0131 y\u00f6n\u00fcndeki haberler sevenlerini \u00fczd\u00fc. \u00a0<\/p>\n","protected":false},"author":5,"featured_media":103629,"comment_status":"closed","ping_status":"closed","sticky":false,"template":"","format":"standard","meta":{"rank_math_lock_modified_date":false,"footnotes":""},"categories":[76],"tags":[3278,2688],"class_list":["post-103628","post","type-post","status-publish","format-standard","has-post-thumbnail","hentry","category-magazin","tag-mert-demir","tag-serenay-sarikaya"],"_links":{"self":[{"href":"https:\/\/www.tgrthaber.com\/mavikadin\/wp-json\/wp\/v2\/posts\/103628"}],"collection":[{"href":"https:\/\/www.tgrthaber.com\/mavikadin\/wp-json\/wp\/v2\/posts"}],"about":[{"href":"https:\/\/www.tgrthaber.com\/mavikadin\/wp-json\/wp\/v2\/types\/post"}],"author":[{"embeddable":true,"href":"https:\/\/www.tgrthaber.com\/mavikadin\/wp-json\/wp\/v2\/users\/5"}],"replies":[{"embeddable":true,"href":"https:\/\/www.tgrthaber.com\/mavikadin\/wp-json\/wp\/v2\/comments?post=103628"}],"version-history":[{"count":5,"href":"https:\/\/www.tgrthaber.com\/mavikadin\/wp-json\/wp\/v2\/posts\/103628\/revisions"}],"predecessor-version":[{"id":103639,"href":"https:\/\/www.tgrthaber.com\/mavikadin\/wp-json\/wp\/v2\/posts\/103628\/revisions\/103639"}],"wp:featuredmedia":[{"embeddable":true,"href":"https:\/\/www.tgrthaber.com\/mavikadin\/wp-json\/wp\/v2\/media\/103629"}],"wp:attachment":[{"href":"https:\/\/www.tgrthaber.com\/mavikadin\/wp-json\/wp\/v2\/media?parent=103628"}],"wp:term":[{"taxonomy":"category","embeddable":true,"href":"https:\/\/www.tgrthaber.com\/mavikadin\/wp-json\/wp\/v2\/categories?post=103628"},{"taxonomy":"post_tag","embeddable":true,"href":"https:\/\/www.tgrthaber.com\/mavikadin\/wp-json\/wp\/v2\/tags?post=103628"}],"curies":[{"name":"wp","href":"https:\/\/api.w.org\/{rel}","templated":true}]}}