{"id":103660,"date":"2024-12-09T12:49:58","date_gmt":"2024-12-09T09:49:58","guid":{"rendered":"https:\/\/www.tgrthaber.com\/mavikadin\/?p=103660"},"modified":"2025-01-21T14:32:11","modified_gmt":"2025-01-21T11:32:11","slug":"canan-karatayin-kocasi-kimdir-ne-is-yapiyor-merak-konusu-oldu","status":"publish","type":"post","link":"https:\/\/www.tgrthaber.com\/mavikadin\/canan-karatayin-kocasi-kimdir-ne-is-yapiyor-merak-konusu-oldu\/","title":{"rendered":"Canan Karatay\u2019\u0131n kocas\u0131 kimdir, ne i\u015f yap\u0131yor? merak konusu oldu"},"content":{"rendered":"<p>Kalp ve \u0130\u00e7 Hastal\u0131klar\u0131 Profes\u00f6r\u00fc Canan Karatay&#8217;\u0131n kocas\u0131 kimdir, ne i\u015f yap\u0131yor? Merak ediliyor. 77 ya\u015f\u0131ndaki e\u015fi Ali Karatay&#8217;la foto\u011fraf\u0131 ortaya \u00e7\u0131kan Canan Karatay bir TV program\u0131nda e\u015fine hala a\u015f\u0131k oldu\u011funu ifade etmi\u015fti.<\/p>\n<h3>CANAN KARATAY\u2019IN KOCASI K\u0130MD\u0130R?<\/h3>\n<p>Obeziteyle m\u00fccadele ad\u0131na yapt\u0131\u011f\u0131 a\u00e7\u0131klamalar\u0131yla g\u00fcndem olan Canan Karatay zaman zaman g\u00fcndem oluyor. Kimi zaman ele\u015ftirilerin oda\u011f\u0131 haline gelen Karatay bu kez e\u015fiyle g\u00fcndeme geldi. Canan Karatay\u2019\u0131n kocas\u0131 kimdir, ne i\u015f yap\u0131yor? Merak konusu oldu.<\/p>\n<p>Kendisinden 4 ya\u015f k\u00fc\u00e7\u00fck e\u015fine hala ilk g\u00fcnk\u00fc gibi a\u015f\u0131k olan Canan Karatay\u2019\u0131n her a\u00e7\u0131klamas\u0131 g\u00fcndem oluyor.<\/p>\n<p>Bo\u011fazi\u00e7i \u00dcniversitesi Felsefe B\u00f6l\u00fcm\u00fc kurucular\u0131ndan olan Canan Karatay&#8217;\u0131n e\u015fi Ali Ba\u015fak Karatay, \u015fimdilerde de akademik kariyerine devam ediyor.<\/p>\n<p><img loading=\"lazy\" decoding=\"async\" class=\"alignnone wp-image-103667\" src=\"https:\/\/www.tgrthaber.com\/mavikadin\/wp-content\/uploads\/Canan-Karatay.webp\" alt=\"\" width=\"1208\" height=\"680\" title=\"\" srcset=\"https:\/\/www.tgrthaber.com\/mavikadin\/wp-content\/uploads\/Canan-Karatay.webp 750w, https:\/\/www.tgrthaber.com\/mavikadin\/wp-content\/uploads\/Canan-Karatay-300x169.webp 300w\" sizes=\"(max-width: 1208px) 100vw, 1208px\" \/><\/p>\n<hr \/>\n<h3>AL\u0130 BA\u015eAK KARATAY NE \u0130\u015e YAPIYOR?<\/h3>\n<p>Canan Karatay\u2019\u0131n e\u015fi olan Ali Ba\u015fak Karatay, 1947 y\u0131l\u0131nda \u0130stanbul&#8217;da do\u011fdu. \u0130stanbul \u00dcniversitesi Felsefe B\u00f6l\u00fcm\u00fc&#8217;nden mezun olan Karatay, \u0130stanbul Bilim \u00dcniversitesi&#8217;nde Felsefe B\u00f6l\u00fcm\u00fc&#8217;nde \u00f6\u011fretim \u00fcyesi olarak g\u00f6rev yap\u0131yor.<\/p>\n<p><img loading=\"lazy\" decoding=\"async\" class=\"alignnone wp-image-124021\" src=\"https:\/\/www.tgrthaber.com\/mavikadin\/wp-content\/uploads\/Canan-Karatay-kocasi.jpg\" alt=\"\" width=\"1208\" height=\"778\" title=\"\" srcset=\"https:\/\/www.tgrthaber.com\/mavikadin\/wp-content\/uploads\/Canan-Karatay-kocasi.jpg 590w, https:\/\/www.tgrthaber.com\/mavikadin\/wp-content\/uploads\/Canan-Karatay-kocasi-300x193.jpg 300w\" sizes=\"(max-width: 1208px) 100vw, 1208px\" \/><\/p>\n<hr \/>\n<p>Felsefenin bilimi ve sanat\u0131n birle\u015fti\u011fi bir alan oldu\u011funa inanan Karatay, bu inanc\u0131 do\u011frultusunda felsefe derslerinde \u00f6\u011frencilere kavramlar\u0131 ve teorileri, sanat ve edebiyat eserleri ile ili\u015fkilendirerek \u00f6\u011fretiyor.<\/p>\n<p>Ali Ba\u015fak Karatay, Canan Karatay&#8217;\u0131n Karatay Diyeti ve Ya\u015fam Tarz\u0131 adl\u0131 televizyon program\u0131nda da yer al\u0131yor.<\/p>\n<p><img loading=\"lazy\" decoding=\"async\" class=\"alignnone size-full wp-image-103666\" src=\"https:\/\/www.tgrthaber.com\/mavikadin\/wp-content\/uploads\/Ali-Basak-Karatay.jpg\" alt=\"\" width=\"600\" height=\"963\" title=\"\" srcset=\"https:\/\/www.tgrthaber.com\/mavikadin\/wp-content\/uploads\/Ali-Basak-Karatay.jpg 600w, https:\/\/www.tgrthaber.com\/mavikadin\/wp-content\/uploads\/Ali-Basak-Karatay-187x300.jpg 187w\" sizes=\"(max-width: 600px) 100vw, 600px\" \/><\/p>\n<hr \/>\n<p>Bu programda e\u015finin beslenme ve ya\u015fam tarz\u0131 \u00f6nerilerini desteklemek i\u00e7in bilimsel ve felsefi arg\u00fcmanlar sunuyor.<\/p>\n<p>\u00c7iftin bu evliliklerinden bir o\u011flu bulunuyor.<\/p>\n<p>&nbsp;<\/p>\n","protected":false},"excerpt":{"rendered":"<p>Canan Karatay\u2019\u0131n kocas\u0131 kimdir, ne i\u015f yap\u0131yor merak konusu oldu. Yapt\u0131\u011f\u0131 her a\u00e7\u0131klamas\u0131yla g\u00fcndem olan Kalp ve \u0130\u00e7 Hastal\u0131klar\u0131 Profes\u00f6r\u00fc Canan Karatay\u2019\u0131n e\u015fi kimdir ne i\u015fle me\u015fguld\u00fcr ara\u015ft\u0131r\u0131lmaya ba\u015fland\u0131.<\/p>\n","protected":false},"author":5,"featured_media":103662,"comment_status":"closed","ping_status":"closed","sticky":false,"template":"","format":"standard","meta":{"rank_math_lock_modified_date":false,"footnotes":""},"categories":[491],"tags":[3740,3739,120],"class_list":["post-103660","post","type-post","status-publish","format-standard","has-post-thumbnail","hentry","category-biyografi","tag-ali-basak-karatay","tag-ali-karatay","tag-canan-karatay"],"_links":{"self":[{"href":"https:\/\/www.tgrthaber.com\/mavikadin\/wp-json\/wp\/v2\/posts\/103660"}],"collection":[{"href":"https:\/\/www.tgrthaber.com\/mavikadin\/wp-json\/wp\/v2\/posts"}],"about":[{"href":"https:\/\/www.tgrthaber.com\/mavikadin\/wp-json\/wp\/v2\/types\/post"}],"author":[{"embeddable":true,"href":"https:\/\/www.tgrthaber.com\/mavikadin\/wp-json\/wp\/v2\/users\/5"}],"replies":[{"embeddable":true,"href":"https:\/\/www.tgrthaber.com\/mavikadin\/wp-json\/wp\/v2\/comments?post=103660"}],"version-history":[{"count":5,"href":"https:\/\/www.tgrthaber.com\/mavikadin\/wp-json\/wp\/v2\/posts\/103660\/revisions"}],"predecessor-version":[{"id":124024,"href":"https:\/\/www.tgrthaber.com\/mavikadin\/wp-json\/wp\/v2\/posts\/103660\/revisions\/124024"}],"wp:featuredmedia":[{"embeddable":true,"href":"https:\/\/www.tgrthaber.com\/mavikadin\/wp-json\/wp\/v2\/media\/103662"}],"wp:attachment":[{"href":"https:\/\/www.tgrthaber.com\/mavikadin\/wp-json\/wp\/v2\/media?parent=103660"}],"wp:term":[{"taxonomy":"category","embeddable":true,"href":"https:\/\/www.tgrthaber.com\/mavikadin\/wp-json\/wp\/v2\/categories?post=103660"},{"taxonomy":"post_tag","embeddable":true,"href":"https:\/\/www.tgrthaber.com\/mavikadin\/wp-json\/wp\/v2\/tags?post=103660"}],"curies":[{"name":"wp","href":"https:\/\/api.w.org\/{rel}","templated":true}]}}