{"id":103725,"date":"2024-12-09T16:31:04","date_gmt":"2024-12-09T13:31:04","guid":{"rendered":"https:\/\/www.tgrthaber.com\/mavikadin\/?p=103725"},"modified":"2024-12-09T17:00:52","modified_gmt":"2024-12-09T14:00:52","slug":"oyunculugu-begenilmeyen-selena-gomez-hayranlarini-hayal-kirikligian-ugratti","status":"publish","type":"post","link":"https:\/\/www.tgrthaber.com\/mavikadin\/oyunculugu-begenilmeyen-selena-gomez-hayranlarini-hayal-kirikligian-ugratti\/","title":{"rendered":"Oyunculu\u011fu be\u011fenilmeyen Selena Gomez hayranlar\u0131n\u0131 hayal k\u0131r\u0131kl\u0131\u011f\u0131na u\u011fratt\u0131!"},"content":{"rendered":"<p>D\u00fcnyaca \u00fcnl\u00fc \u015fark\u0131c\u0131lardan biri olup yo\u011fun bir hayran kitlesine sahip olan \u015fark\u0131c\u0131 Selena Gomez, m\u00fczik listelerinde dinlenme rekoru k\u0131rmas\u0131n\u0131n yan\u0131 s\u0131ra \u015fu s\u0131ralar oyunculu\u011fa da merak sard\u0131. &#8220;Emilia Perez&#8221; isimli filmde oynayarak magazin g\u00fcndemine konu olan Selena Gomez i\u00e7in beklenen oyunculuk performans\u0131 g\u00f6r\u00fclemeyince hayal k\u0131r\u0131kl\u0131\u011f\u0131na u\u011frand\u0131.<\/p>\n<h3>CANNES&#8217;DA \u00d6D\u00dcL ALAN SELENA GOMEZ \u00d6D\u00dcL ALMASINA RA\u011eMEN BE\u011eEN\u0130LMED\u0130<\/h3>\n<p>Sosyal medyan\u0131n en \u00e7ok takip edilen isimlerden biri olan Selena Gomez,\u00a0 oynad\u0131\u011f\u0131 Emilia P\u00e9rez filmindeki karakteri ile Cannes&#8217;da \u00f6d\u00fcle lay\u0131k g\u00f6r\u00fclse de hayranlar\u0131n\u0131n g\u00f6z\u00fcne giremedi. Filmdeki 4 kad\u0131n oyuncu, \u00f6d\u00fcl gecesinde &#8216;En \u0130yi Kad\u0131n Oyuncu&#8217; \u00f6d\u00fcl\u00fcn\u00fc alarak festival tarihinde iz b\u0131rakmay\u0131 ba\u015fard\u0131.<\/p>\n<p><img loading=\"lazy\" decoding=\"async\" class=\"alignnone size-full wp-image-103748\" src=\"https:\/\/www.tgrthaber.com\/mavikadin\/wp-content\/uploads\/Adsiz-tasarim-2024-12-09T162501.654.jpg\" alt=\"\" width=\"1920\" height=\"1080\" title=\"\" srcset=\"https:\/\/www.tgrthaber.com\/mavikadin\/wp-content\/uploads\/Adsiz-tasarim-2024-12-09T162501.654.jpg 1920w, https:\/\/www.tgrthaber.com\/mavikadin\/wp-content\/uploads\/Adsiz-tasarim-2024-12-09T162501.654-300x169.jpg 300w, https:\/\/www.tgrthaber.com\/mavikadin\/wp-content\/uploads\/Adsiz-tasarim-2024-12-09T162501.654-1024x576.jpg 1024w, https:\/\/www.tgrthaber.com\/mavikadin\/wp-content\/uploads\/Adsiz-tasarim-2024-12-09T162501.654-768x432.jpg 768w, https:\/\/www.tgrthaber.com\/mavikadin\/wp-content\/uploads\/Adsiz-tasarim-2024-12-09T162501.654-1536x864.jpg 1536w\" sizes=\"(max-width: 1920px) 100vw, 1920px\" \/><\/p>\n<p>\u0130mzas\u0131 Jacques Audiard&#8217;a ait olan filmdeki oyuncu kadrosunda yer alan isimlerden Zoe Saldana, Selena Gomez, Karla Sof\u00eda Gasc\u00f3n ve Adriana Paz, En \u0130yi Kad\u0131n Oyuncu \u00f6d\u00fcl\u00fcne lay\u0131k g\u00f6r\u00fcld\u00fc. Gomez, yer ald\u0131\u011f\u0131 filmde Jessi del Monte karakteri ile ekran kar\u015f\u0131s\u0131na \u00e7\u0131kt\u0131.<\/p>\n<h3>SELENA GOMEZ ELE\u015eT\u0130R\u0130LERE MARUZ KALDI<\/h3>\n<p>Filmdeki oyunculuk performans\u0131 Eugenio Derbez taraf\u0131ndan ele\u015ftirilen Gomez&#8217;in \u0130spanyolca&#8217;y\u0131 do\u011fru d\u00fczg\u00fcn konu\u015famad\u0131\u011f\u0131 i\u00e7in be\u011fenmedi\u011fini &#8220;Filmdeki her sahnesinde arkada\u015flar\u0131mla birbirimize d\u00f6n\u00fcp &#8216;Bu ne b\u00f6yle?&#8217; dedik&#8221; s\u00f6zleriyle belli etti.<\/p>\n<p><img loading=\"lazy\" decoding=\"async\" class=\"alignnone size-full wp-image-103747\" src=\"https:\/\/www.tgrthaber.com\/mavikadin\/wp-content\/uploads\/Adsiz-tasarim-2024-12-09T162532.938.jpg\" alt=\"\" width=\"1920\" height=\"1080\" title=\"\" srcset=\"https:\/\/www.tgrthaber.com\/mavikadin\/wp-content\/uploads\/Adsiz-tasarim-2024-12-09T162532.938.jpg 1920w, https:\/\/www.tgrthaber.com\/mavikadin\/wp-content\/uploads\/Adsiz-tasarim-2024-12-09T162532.938-300x169.jpg 300w, https:\/\/www.tgrthaber.com\/mavikadin\/wp-content\/uploads\/Adsiz-tasarim-2024-12-09T162532.938-1024x576.jpg 1024w, https:\/\/www.tgrthaber.com\/mavikadin\/wp-content\/uploads\/Adsiz-tasarim-2024-12-09T162532.938-768x432.jpg 768w, https:\/\/www.tgrthaber.com\/mavikadin\/wp-content\/uploads\/Adsiz-tasarim-2024-12-09T162532.938-1536x864.jpg 1536w\" sizes=\"(max-width: 1920px) 100vw, 1920px\" \/><\/p>\n<p>Derbez, &#8220;Selena&#8217;n\u0131n sahneleri d\u0131\u015f\u0131nda filmi be\u011fendim \u00e7\u00fcnk\u00fc kurtar\u0131labilir \u015feyler i\u00e7eriyor. Ama kendi kendime, &#8216;Y\u00f6netmenin \u0130ngilizce veya \u0130spanyolca bilmemesi ve filmin \u0130spanyolca ve \u0130ngilizce olmas\u0131 ve Meksika&#8217;da ge\u00e7mesi ve k\u00fclt\u00fcr\u00fc anlamamas\u0131 ne kadar tuhaf&#8217; dedim&#8221; a\u00e7\u0131klamas\u0131nda bulundu.<\/p>\n<h3>SELENA GOMEZ ELE\u015eT\u0130R\u0130LER\u0130N ALTINDAN KALKAMADI!<\/h3>\n<p>Ele\u015ftiri oklar\u0131n\u0131n hedefi olan Selena Gomez, TikTok&#8217;ta &#8220;Nereden geldi\u011fini anl\u0131yorum. Bana verilen s\u00fcrede elimden gelenin en iyisini yapt\u0131\u011f\u0131m i\u00e7in \u00fczg\u00fcn\u00fcm. Bu filme ne kadar emek verdi\u011fim ger\u00e7e\u011fini de\u011fi\u015ftirmiyor&#8221; cevab\u0131nda bulundu.<\/p>\n<p>Derbez, Gomez&#8217;in yapt\u0131\u011f\u0131 bu a\u00e7\u0131klamas\u0131 kar\u015f\u0131s\u0131nda utan\u0131p, pi\u015fmanl\u0131\u011f\u0131n\u0131 dile getirerek oyuncudan \u00f6z\u00fcr diledi.<\/p>\n","protected":false},"excerpt":{"rendered":"<p>Cannes \u00f6d\u00fcll\u00fc oyuncu ve \u015fark\u0131c\u0131 Selena Gomez, rol ald\u0131\u011f\u0131 filmdeki performans\u0131na y\u00f6nelik olumsuz ele\u015ftiri al\u0131nca yap\u0131lan yorumlara sessiz kalamay\u0131p a\u00e7\u0131klamada bulundu.<\/p>\n","protected":false},"author":27,"featured_media":103749,"comment_status":"closed","ping_status":"closed","sticky":false,"template":"","format":"standard","meta":{"rank_math_lock_modified_date":false,"footnotes":""},"categories":[76],"tags":[3757,3756],"class_list":["post-103725","post","type-post","status-publish","format-standard","has-post-thumbnail","hentry","category-magazin","tag-emilia-perez","tag-selena-gomez"],"_links":{"self":[{"href":"https:\/\/www.tgrthaber.com\/mavikadin\/wp-json\/wp\/v2\/posts\/103725"}],"collection":[{"href":"https:\/\/www.tgrthaber.com\/mavikadin\/wp-json\/wp\/v2\/posts"}],"about":[{"href":"https:\/\/www.tgrthaber.com\/mavikadin\/wp-json\/wp\/v2\/types\/post"}],"author":[{"embeddable":true,"href":"https:\/\/www.tgrthaber.com\/mavikadin\/wp-json\/wp\/v2\/users\/27"}],"replies":[{"embeddable":true,"href":"https:\/\/www.tgrthaber.com\/mavikadin\/wp-json\/wp\/v2\/comments?post=103725"}],"version-history":[{"count":2,"href":"https:\/\/www.tgrthaber.com\/mavikadin\/wp-json\/wp\/v2\/posts\/103725\/revisions"}],"predecessor-version":[{"id":103775,"href":"https:\/\/www.tgrthaber.com\/mavikadin\/wp-json\/wp\/v2\/posts\/103725\/revisions\/103775"}],"wp:featuredmedia":[{"embeddable":true,"href":"https:\/\/www.tgrthaber.com\/mavikadin\/wp-json\/wp\/v2\/media\/103749"}],"wp:attachment":[{"href":"https:\/\/www.tgrthaber.com\/mavikadin\/wp-json\/wp\/v2\/media?parent=103725"}],"wp:term":[{"taxonomy":"category","embeddable":true,"href":"https:\/\/www.tgrthaber.com\/mavikadin\/wp-json\/wp\/v2\/categories?post=103725"},{"taxonomy":"post_tag","embeddable":true,"href":"https:\/\/www.tgrthaber.com\/mavikadin\/wp-json\/wp\/v2\/tags?post=103725"}],"curies":[{"name":"wp","href":"https:\/\/api.w.org\/{rel}","templated":true}]}}