{"id":103727,"date":"2024-12-09T16:19:53","date_gmt":"2024-12-09T13:19:53","guid":{"rendered":"https:\/\/www.tgrthaber.com\/mavikadin\/?p=103727"},"modified":"2025-02-06T09:55:46","modified_gmt":"2025-02-06T06:55:46","slug":"cagla-sikelin-oglu-kuzey-kac-yasinda-boyu-kac-cm","status":"publish","type":"post","link":"https:\/\/www.tgrthaber.com\/mavikadin\/cagla-sikelin-oglu-kuzey-kac-yasinda-boyu-kac-cm\/","title":{"rendered":"\u00c7a\u011fla \u015e\u0131kel\u2019in o\u011flu Kuzey ka\u00e7 ya\u015f\u0131nda, boyu ka\u00e7 cm?"},"content":{"rendered":"<p>\u00dcnl\u00fc manken \u00c7a\u011fla \u015e\u0131kel\u2019in o\u011flu Kuzey ka\u00e7 ya\u015f\u0131nda g\u00fcndem oldu. Alt\u0131n Kelebek \u00d6d\u00fcl T\u00f6reni\u2019nde sahneye o\u011fullar\u0131 ile birlikte \u00e7\u0131kan \u015e\u0131kel\u2019in \u00e7ocuklar\u0131 merak edildi.<\/p>\n<h3>\u00c7A\u011eLA \u015eIKEL\u2019\u0130N O\u011eLU KUZEY KA\u00c7 YA\u015eINDA?<\/h3>\n<p>\u00c7a\u011fla \u015e\u0131kel&#8217;in Emre Altu\u011f ile evlili\u011finden d\u00fcnyaya gelen b\u00fcy\u00fck o\u011flu Kuzey ka\u00e7 ya\u015f\u0131nda, boyu ka\u00e7 cm? g\u00fcndem oldu.<\/p>\n<p>\u0130ki ay \u00f6nce 15 ya\u015f\u0131na basan Kuzey Altu\u011f\u2019un annesini ge\u00e7en uzun boyu sosyal medyay\u0131 sallad\u0131. \u00c7a\u011fla \u015e\u0131kel\u2019in boyunun 1.80 oldu\u011fu d\u00fc\u015f\u00fcn\u00fcld\u00fc\u011f\u00fcnde o\u011flunun de en az 1.80 oldu\u011funu s\u00f6ylemek m\u00fcmk\u00fcn.<\/p>\n<p><img loading=\"lazy\" decoding=\"async\" class=\"alignnone wp-image-103737\" src=\"https:\/\/www.tgrthaber.com\/mavikadin\/wp-content\/uploads\/Cagla-Sikelin-oglu-Kuzey-2-1024x1024.jpg\" alt=\"\" width=\"1208\" height=\"1207\" title=\"\" srcset=\"https:\/\/www.tgrthaber.com\/mavikadin\/wp-content\/uploads\/Cagla-Sikelin-oglu-Kuzey-2-1024x1024.jpg 1024w, https:\/\/www.tgrthaber.com\/mavikadin\/wp-content\/uploads\/Cagla-Sikelin-oglu-Kuzey-2-300x300.jpg 300w, https:\/\/www.tgrthaber.com\/mavikadin\/wp-content\/uploads\/Cagla-Sikelin-oglu-Kuzey-2-150x150.jpg 150w, https:\/\/www.tgrthaber.com\/mavikadin\/wp-content\/uploads\/Cagla-Sikelin-oglu-Kuzey-2-768x767.jpg 768w, https:\/\/www.tgrthaber.com\/mavikadin\/wp-content\/uploads\/Cagla-Sikelin-oglu-Kuzey-2.jpg 1080w\" sizes=\"(max-width: 1208px) 100vw, 1208px\" \/><\/p>\n<hr \/>\n<h3>\u00c7OCUKLARI \u0130\u00c7\u0130N SIK SIK B\u0130R ARAYA GEL\u0130YORLAR<\/h3>\n<p>\u00c7a\u011fla \u015e\u0131kel ve Emre Altu\u011f \u00e7ocuklar\u0131 i\u00e7in s\u0131k s\u0131k bir araya geliyor. Kuzey\u00a0ve Uzay ad\u0131nda iki \u00e7ocuklar\u0131 olan ikili bo\u015fanmalar\u0131na ra\u011fmen \u00f6rnek ebeveyn olarak g\u00f6steriliyor.<\/p>\n<p><img loading=\"lazy\" decoding=\"async\" class=\"alignnone wp-image-129926\" src=\"https:\/\/www.tgrthaber.com\/mavikadin\/wp-content\/uploads\/Cagla-Sikel-2-1.jpg\" alt=\"\" width=\"1208\" height=\"680\" title=\"\" srcset=\"https:\/\/www.tgrthaber.com\/mavikadin\/wp-content\/uploads\/Cagla-Sikel-2-1.jpg 1920w, https:\/\/www.tgrthaber.com\/mavikadin\/wp-content\/uploads\/Cagla-Sikel-2-1-300x169.jpg 300w, https:\/\/www.tgrthaber.com\/mavikadin\/wp-content\/uploads\/Cagla-Sikel-2-1-1024x576.jpg 1024w, https:\/\/www.tgrthaber.com\/mavikadin\/wp-content\/uploads\/Cagla-Sikel-2-1-768x432.jpg 768w, https:\/\/www.tgrthaber.com\/mavikadin\/wp-content\/uploads\/Cagla-Sikel-2-1-1536x864.jpg 1536w\" sizes=\"(max-width: 1208px) 100vw, 1208px\" \/><\/p>\n<hr \/>\n<h3>\u201cDO\u011eDU\u011eUN G\u00dcN KUTLU OLSUN O\u011eLUM\u201d<\/h3>\n<p>\u00c7a\u011fla \u015e\u0131kel o\u011flu Kuzey\u2019in do\u011fum g\u00fcn\u00fcnde yapt\u0131\u011f\u0131 payla\u015f\u0131ma \u015fu notu d\u00fc\u015fm\u00fc\u015ft\u00fc:<\/p>\n<p>&#8220;Do\u011fdu\u011fun g\u00fcn kutlu olsun o\u011flum. Hayat sana hep hayal etti\u011fin gibi mucizeleriyle gelsin.\u00a0Ve sana te\u015fekk\u00fcr ederim bana anneli\u011fimi b\u00f6ylesine, iliklerime kadar tutkulu ve unutulmaz ya\u015fatt\u0131\u011f\u0131n i\u00e7in&#8221;<\/p>\n<p><img loading=\"lazy\" decoding=\"async\" class=\"alignnone wp-image-129925\" src=\"https:\/\/www.tgrthaber.com\/mavikadin\/wp-content\/uploads\/Cagla-Sikel-1-2.jpg\" alt=\"\" width=\"1208\" height=\"680\" title=\"\" srcset=\"https:\/\/www.tgrthaber.com\/mavikadin\/wp-content\/uploads\/Cagla-Sikel-1-2.jpg 1920w, https:\/\/www.tgrthaber.com\/mavikadin\/wp-content\/uploads\/Cagla-Sikel-1-2-300x169.jpg 300w, https:\/\/www.tgrthaber.com\/mavikadin\/wp-content\/uploads\/Cagla-Sikel-1-2-1024x576.jpg 1024w, https:\/\/www.tgrthaber.com\/mavikadin\/wp-content\/uploads\/Cagla-Sikel-1-2-768x432.jpg 768w, https:\/\/www.tgrthaber.com\/mavikadin\/wp-content\/uploads\/Cagla-Sikel-1-2-1536x864.jpg 1536w\" sizes=\"(max-width: 1208px) 100vw, 1208px\" \/><\/p>\n<hr \/>\n<p><strong>\u00dcnl\u00fc manken ve sunucu s\u00f6zlerine \u015fu \u015fekilde devam etti:<\/strong><\/p>\n<p>&#8220;15 sanki yeni 18 gibi&#8230; Benimlesin ayn\u0131 \u00e7at\u0131 alt\u0131nday\u0131z ama biliyorum hissediyorum dokunsam uyanaca\u011f\u0131m r\u00fcyadan gibi. Ah Kuzey seni izlemek o kadar g\u00fczel ki o\u011flum\u2026 O kadar gururlu ve mutluyum ki yazacak kelime bulam\u0131yorum&#8221;<\/p>\n<p><img loading=\"lazy\" decoding=\"async\" class=\"alignnone wp-image-103739\" src=\"https:\/\/www.tgrthaber.com\/mavikadin\/wp-content\/uploads\/Cagla-sikel-2-846x1024.webp\" alt=\"\" width=\"1208\" height=\"1462\" title=\"\" srcset=\"https:\/\/www.tgrthaber.com\/mavikadin\/wp-content\/uploads\/Cagla-sikel-2-846x1024.webp 846w, https:\/\/www.tgrthaber.com\/mavikadin\/wp-content\/uploads\/Cagla-sikel-2-248x300.webp 248w, https:\/\/www.tgrthaber.com\/mavikadin\/wp-content\/uploads\/Cagla-sikel-2-768x929.webp 768w, https:\/\/www.tgrthaber.com\/mavikadin\/wp-content\/uploads\/Cagla-sikel-2.webp 1000w\" sizes=\"(max-width: 1208px) 100vw, 1208px\" \/><\/p>\n<hr \/>\n<h3>\u201cBEN\u0130M SONSUZ DEN\u0130Z\u0130M\u201d<\/h3>\n<p>Duygusal ruh halinin \u00f6n\u00fcne ge\u00e7emeyen \u015e\u0131kel, &#8220;Damlaya damlaya g\u00f6ller, denizler oykanuslar\u0131ms\u0131n benim sonsuz denizim\u2026 Sen dalgalan ben durulurum. Senin sakinli\u011fine dalga olurum. Elini uzatt\u0131\u011f\u0131n, g\u00f6z\u00fcn\u00fc devirdi\u011fin her yerdeyim o\u011flum. \u0130yi g\u00fcnde, \u00e7ok da iyi olmayan g\u00fcnlerde, hayat\u0131n ger\u00e7eklerinde&#8230; Ya\u011fmurunda, \u00e7amurunda, esip g\u00fcrledi\u011finde, g\u00fcne\u015f olup a\u00e7t\u0131\u011f\u0131nda senin i\u00e7in g\u00f6ky\u00fcz\u00fc olurum ben&#8230; Sen yeter ki iyi ol, sa\u011fl\u0131kl\u0131 ol, mutlu ol. \u00c7ok ama \u00e7ok seviyorum seni. \u015eimdi ve son nefesime kadar&#8221; s\u00f6zlerini b\u00f6yle noktalad\u0131.<\/p>\n<p><img loading=\"lazy\" decoding=\"async\" class=\"alignnone wp-image-103742\" src=\"https:\/\/www.tgrthaber.com\/mavikadin\/wp-content\/uploads\/Cagle-Kuzey-3-1024x576.jpg\" alt=\"\" width=\"1208\" height=\"680\" title=\"\" srcset=\"https:\/\/www.tgrthaber.com\/mavikadin\/wp-content\/uploads\/Cagle-Kuzey-3-1024x576.jpg 1024w, https:\/\/www.tgrthaber.com\/mavikadin\/wp-content\/uploads\/Cagle-Kuzey-3-300x169.jpg 300w, https:\/\/www.tgrthaber.com\/mavikadin\/wp-content\/uploads\/Cagle-Kuzey-3-768x432.jpg 768w, https:\/\/www.tgrthaber.com\/mavikadin\/wp-content\/uploads\/Cagle-Kuzey-3-1536x864.jpg 1536w, https:\/\/www.tgrthaber.com\/mavikadin\/wp-content\/uploads\/Cagle-Kuzey-3.jpg 1600w\" sizes=\"(max-width: 1208px) 100vw, 1208px\" \/><\/p>\n<hr \/>\n<h3>\u201cKALB\u0130M\u0130 DOLUP TA\u015eIRAN B\u0130R DUYGU\u201d<\/h3>\n<p>Empati program\u0131na kat\u0131lan \u015e\u0131kel o\u011flu Kuzey ile ilgili \u015fu s\u00f6zleri s\u00f6yleyerek \u015fa\u015f\u0131rtm\u0131\u015ft\u0131:<\/p>\n<p>\u015e\u0131kel &#8220;Kuzey bir k\u0131za a\u015f\u0131k oldu. Kuzey ba\u015fkas\u0131na a\u015f\u0131k olunca \u00e7ok tuhaf hissettim. Platoni\u011fe d\u00fc\u015ft\u00fcm. \u00c7\u00fcnk\u00fc o bana a\u015f\u0131k diye d\u00fc\u015f\u00fcn\u00fcyordum. Ben de ona a\u015f\u0131\u011f\u0131m. Bir g\u00fcn Kuzey&#8217;e &#8216;Neden benim sevgilim olmuyor biliyor musun?&#8217; dedim. &#8216;Kalbimi o kadar \u00e7ok dolduruyorsun ki yer yok&#8217; dedim. Sonra durup kendime &#8216;Ben bu \u00e7ocu\u011fa ne dedim?&#8217; diye d\u00fc\u015f\u00fcnd\u00fcm. O an i\u00e7imden \u00f6yle s\u00f6ylemek geldi. O kadar kalbimi dolup ta\u015f\u0131ran bir duygu. \u0130yi ki onlar gibi evlatlar\u0131m var. \u0130yi ki anne olmu\u015fum. \u00c7ok \u015fansl\u0131y\u0131m&#8221; demi\u015fti.<\/p>\n","protected":false},"excerpt":{"rendered":"<p>\u00c7a\u011fla \u015e\u0131kel\u2019in o\u011flu Kuzey ka\u00e7 ya\u015f\u0131nda g\u00fcndem oldu. Alt\u0131n Kelebek \u00d6d\u00fcl T\u00f6reni\u2019nde o\u011fullar\u0131yla beraber sahne alan \u00fcnl\u00fc ismin b\u00fcy\u00fck o\u011flu Kuzey\u2019i g\u00f6renler g\u00f6zlerine inanamad\u0131. \u015e\u0131kel\u2019e \u2018o\u011flunun yan\u0131nda k\u0131sa kalm\u0131\u015f\u2019 yorumlar\u0131 geldi.<\/p>\n","protected":false},"author":5,"featured_media":103734,"comment_status":"closed","ping_status":"closed","sticky":false,"template":"","format":"standard","meta":{"rank_math_lock_modified_date":false,"footnotes":""},"categories":[76],"tags":[2584,3752,3753],"class_list":["post-103727","post","type-post","status-publish","format-standard","has-post-thumbnail","hentry","category-magazin","tag-cagla-sikel","tag-emre-altug","tag-kuzey-altug"],"_links":{"self":[{"href":"https:\/\/www.tgrthaber.com\/mavikadin\/wp-json\/wp\/v2\/posts\/103727"}],"collection":[{"href":"https:\/\/www.tgrthaber.com\/mavikadin\/wp-json\/wp\/v2\/posts"}],"about":[{"href":"https:\/\/www.tgrthaber.com\/mavikadin\/wp-json\/wp\/v2\/types\/post"}],"author":[{"embeddable":true,"href":"https:\/\/www.tgrthaber.com\/mavikadin\/wp-json\/wp\/v2\/users\/5"}],"replies":[{"embeddable":true,"href":"https:\/\/www.tgrthaber.com\/mavikadin\/wp-json\/wp\/v2\/comments?post=103727"}],"version-history":[{"count":5,"href":"https:\/\/www.tgrthaber.com\/mavikadin\/wp-json\/wp\/v2\/posts\/103727\/revisions"}],"predecessor-version":[{"id":129928,"href":"https:\/\/www.tgrthaber.com\/mavikadin\/wp-json\/wp\/v2\/posts\/103727\/revisions\/129928"}],"wp:featuredmedia":[{"embeddable":true,"href":"https:\/\/www.tgrthaber.com\/mavikadin\/wp-json\/wp\/v2\/media\/103734"}],"wp:attachment":[{"href":"https:\/\/www.tgrthaber.com\/mavikadin\/wp-json\/wp\/v2\/media?parent=103727"}],"wp:term":[{"taxonomy":"category","embeddable":true,"href":"https:\/\/www.tgrthaber.com\/mavikadin\/wp-json\/wp\/v2\/categories?post=103727"},{"taxonomy":"post_tag","embeddable":true,"href":"https:\/\/www.tgrthaber.com\/mavikadin\/wp-json\/wp\/v2\/tags?post=103727"}],"curies":[{"name":"wp","href":"https:\/\/api.w.org\/{rel}","templated":true}]}}