{"id":103797,"date":"2024-12-09T18:29:52","date_gmt":"2024-12-09T15:29:52","guid":{"rendered":"https:\/\/www.tgrthaber.com\/mavikadin\/?p=103797"},"modified":"2024-12-09T18:36:08","modified_gmt":"2024-12-09T15:36:08","slug":"ispartadaki-helikopter-kazasina-unlu-isimlerden-taziye-mesaji","status":"publish","type":"post","link":"https:\/\/www.tgrthaber.com\/mavikadin\/ispartadaki-helikopter-kazasina-unlu-isimlerden-taziye-mesaji\/","title":{"rendered":"Isparta&#8217;daki helikopter kazas\u0131na \u00fcnl\u00fc isimlerden taziye mesaj\u0131"},"content":{"rendered":"<p class=\"p1\">Televizyon d\u00fcnyas\u0131n\u0131n en sevilen isimlerinden K\u0131van\u00e7 Tatl\u0131tu\u011f, sadece oyunculu\u011fu ile de\u011fil, sosyal sorumluluk sistemlerine ve toplumsal olaylara ayr\u0131nt\u0131larla da ayr\u0131n s\u00f6z ettiriyor. \u00dcnl\u00fc oyuncu, Isparta&#8217;da ya\u015fanan ve 6 kahraman askerin \u015fehit oldu\u011fu helikopterin kazas\u0131n\u0131n ard\u0131ndan, sosyal medya hesab\u0131ndan yay\u0131nlanan taziye mesaj\u0131yla bir kez daha g\u00f6n\u00fclleri fethetti. Samimi ve duygusal payla\u015f\u0131m\u0131 ile \u015fehitlere rahmet, ailelerine sab\u0131r dileyen Tatl\u0131tu\u011f, toplumun her kesiminden takdir toplad\u0131.<\/p>\n<h3 class=\"p1\">ISPARTA HEL\u0130KOPTER KAZASI: 6 \u015eEH\u0130T<\/h3>\n<p class=\"p1\">Isparta&#8217;n\u0131n Ke\u00e7iborlu il\u00e7esinde bug\u00fcn sabah saatlerinde \u00fcz\u00fcc\u00fc bir askeri helikopter kazas\u0131 meydana geldi. Isparta-Afyon Karayolu&#8217;nun 34. kilometresinde, bir akaryak\u0131t istasyonunun yakla\u015f\u0131k 300 metre yak\u0131n\u0131nda UH-1 tipi askeri helikopter kaza yaparak d\u00fc\u015ft\u00fc. Ya\u015fanan bu trajik olayda \u015fehit olan kahraman askerlerimizin isimleri belli oldu. \u015eehitler aras\u0131nda Tu\u011fgeneral \u0130sa Baydilli (52), Astsubay K\u0131demli \u00c7avu\u015f H\u00fcseyin \u0130pek (26), Te\u011fmen Mustafa Atakan Dut (24), Te\u011fmen Tunahan Da\u011fl\u0131 (24), Te\u011fmen Ceyhun Kalyoncu (25) ve Astsubay \u00c7avu\u015f Taha Nergis (24) bulunuyor. Bu ac\u0131 olay, hem b\u00f6lgeyi hem de \u00fclkeyi derin bir yasa bo\u011fdu.<\/p>\n<p><img loading=\"lazy\" decoding=\"async\" class=\"alignnone wp-image-103799 size-large\" src=\"https:\/\/www.tgrthaber.com\/mavikadin\/wp-content\/uploads\/Ekran-Resmi-2024-12-09-18.22.37-1024x727.png\" alt=\"k\u0131van\u00e7 tatl\u0131tu\u011f \" width=\"1024\" height=\"727\" title=\"\" srcset=\"https:\/\/www.tgrthaber.com\/mavikadin\/wp-content\/uploads\/Ekran-Resmi-2024-12-09-18.22.37-1024x727.png 1024w, https:\/\/www.tgrthaber.com\/mavikadin\/wp-content\/uploads\/Ekran-Resmi-2024-12-09-18.22.37-300x213.png 300w, https:\/\/www.tgrthaber.com\/mavikadin\/wp-content\/uploads\/Ekran-Resmi-2024-12-09-18.22.37-768x545.png 768w, https:\/\/www.tgrthaber.com\/mavikadin\/wp-content\/uploads\/Ekran-Resmi-2024-12-09-18.22.37-1536x1091.png 1536w, https:\/\/www.tgrthaber.com\/mavikadin\/wp-content\/uploads\/Ekran-Resmi-2024-12-09-18.22.37.png 1712w\" sizes=\"(max-width: 1024px) 100vw, 1024px\" \/><\/p>\n<h3>\u00dcNL\u00dc \u0130S\u0130MLERDEN ISPARTA&#8217;DAK\u0130 HEL\u0130KOPTER KAZASI \u0130\u00c7\u0130N TAZ\u0130YE MESAJI<\/h3>\n<p class=\"p1\">\u00dcnl\u00fc oyuncu K\u0131van\u00e7 Tatl\u0131tu\u011f, Isparta&#8217;da meydana gelen ve 6 askerin \u015fehit oldu\u011fu askeri helikopter kazas\u0131n\u0131n ard\u0131ndan sosyal medya hesab\u0131ndan duygusal bir taziye mesaj\u0131 yay\u0131nlad\u0131. Tatl\u0131tu\u011f, payla\u015f\u0131m\u0131nda, &#8220;Isparta\u2019da ger\u00e7ekle\u015fen elim helikopter kazas\u0131nda \u015fehit olan kahraman askerlerimize Allah\u2019tan rahmet, ailelerine ve yak\u0131nlar\u0131na sab\u0131r diliyorum. Milletimizin ba\u015f\u0131 sa\u011f olsun,&#8221; ifadelerine yer verdi. Bu mesaj, binlerce takip\u00e7isi taraf\u0131ndan be\u011fenilip payla\u015f\u0131l\u0131rken, sanat\u00e7\u0131n\u0131n duyarl\u0131l\u0131\u011f\u0131 takdir toplad\u0131.<\/p>\n<p class=\"p1\">Tatl\u0131tu\u011f\u2019un bu payla\u015f\u0131m\u0131, kazan\u0131n ard\u0131ndan \u00fclke genelinde artan \u00fcz\u00fcnt\u00fc ve birlik duygusunu yans\u0131tt\u0131. Sanat\u00e7\u0131, \u00fcnl\u00fclerin sosyal medyada ya\u015fanan olaylara duyars\u0131z kalmamalar\u0131 gerekti\u011fini daha \u00f6nce defalarca dile getirmi\u015fti. Bu taziye mesaj\u0131, yaln\u0131zca \u015fehit ailelerinin ac\u0131s\u0131n\u0131 payla\u015fmakla kalmad\u0131, ayn\u0131 zamanda toplumda dayan\u0131\u015fma ruhunun g\u00fc\u00e7lenmesine de katk\u0131 sa\u011flad\u0131.<\/p>\n<p><strong>\u0130\u015fte o payla\u015f\u0131m&#8230;\u00a0<\/strong><\/p>\n<p><img loading=\"lazy\" decoding=\"async\" class=\"alignnone wp-image-103798 \" src=\"https:\/\/www.tgrthaber.com\/mavikadin\/wp-content\/uploads\/Ekran-Resmi-2024-12-09-18.16.10-586x1024.png\" alt=\"k\u0131van\u00e7 tatl\u0131tu\u011f \" width=\"914\" height=\"1597\" title=\"\" srcset=\"https:\/\/www.tgrthaber.com\/mavikadin\/wp-content\/uploads\/Ekran-Resmi-2024-12-09-18.16.10-586x1024.png 586w, https:\/\/www.tgrthaber.com\/mavikadin\/wp-content\/uploads\/Ekran-Resmi-2024-12-09-18.16.10-172x300.png 172w, https:\/\/www.tgrthaber.com\/mavikadin\/wp-content\/uploads\/Ekran-Resmi-2024-12-09-18.16.10.png 628w\" sizes=\"(max-width: 914px) 100vw, 914px\" \/><\/p>\n<h3>KIVAN\u00c7 TATLITU\u011e K\u0130MD\u0130R?<\/h3>\n<p class=\"p1\">K\u0131van\u00e7 Tatl\u0131tu\u011f, 27 Ekim 1983 tarihinde Adana\u2019da d\u00fcnyaya gelmi\u015ftir. Annesi Edirneli, babas\u0131 ise Bo\u015fnak k\u00f6kenli bir Adanal\u0131d\u0131r. \u00c7ocukluk ve gen\u00e7lik y\u0131llar\u0131nda sporla i\u00e7 i\u00e7e olan Tatl\u0131tu\u011f, basketbol kariyerinde \u00f6nemli ad\u0131mlar atm\u0131\u015f, \u00dclkerspor, Fenerbah\u00e7e ve Be\u015fikta\u015f gibi b\u00fcy\u00fck kul\u00fcplerde forma giymi\u015ftir. Ancak, bir antrenmanda ya\u015fad\u0131\u011f\u0131 sakatl\u0131k sonras\u0131 basketbol kariyerine veda etmek zorunda kalm\u0131\u015ft\u0131r. Bu d\u00f6n\u00fcm noktas\u0131, onu farkl\u0131 bir yola y\u00f6nlendirmi\u015f ve annesinin bir market ilan\u0131 sayesinde mankenlik kariyerine ad\u0131m atm\u0131\u015ft\u0131r. 2002 y\u0131l\u0131nda \u201cBest Model of Turkey\u201d ve \u201cBest Model of the World\u201d yar\u0131\u015fmalar\u0131n\u0131 kazanarak ad\u0131n\u0131 duyurmu\u015f ve kariyerinde b\u00fcy\u00fck bir s\u0131\u00e7rama yapm\u0131\u015ft\u0131r.<\/p>\n<p><img loading=\"lazy\" decoding=\"async\" class=\"alignnone wp-image-103800 \" src=\"https:\/\/www.tgrthaber.com\/mavikadin\/wp-content\/uploads\/Ekran-Resmi-2024-12-09-18.22.44-1024x689.png\" alt=\"k\u0131vanc tatl\u0131tug \" width=\"936\" height=\"630\" title=\"\" srcset=\"https:\/\/www.tgrthaber.com\/mavikadin\/wp-content\/uploads\/Ekran-Resmi-2024-12-09-18.22.44-1024x689.png 1024w, https:\/\/www.tgrthaber.com\/mavikadin\/wp-content\/uploads\/Ekran-Resmi-2024-12-09-18.22.44-300x202.png 300w, https:\/\/www.tgrthaber.com\/mavikadin\/wp-content\/uploads\/Ekran-Resmi-2024-12-09-18.22.44-768x517.png 768w, https:\/\/www.tgrthaber.com\/mavikadin\/wp-content\/uploads\/Ekran-Resmi-2024-12-09-18.22.44-1536x1033.png 1536w, https:\/\/www.tgrthaber.com\/mavikadin\/wp-content\/uploads\/Ekran-Resmi-2024-12-09-18.22.44.png 1662w\" sizes=\"(max-width: 936px) 100vw, 936px\" \/><\/p>\n<p class=\"p1\">Oyunculuk kariyerine 2005 y\u0131l\u0131nda, <i>G\u00fcm\u00fc\u015f<\/i> dizisindeki Mehmet karakteriyle ba\u015flayan Tatl\u0131tu\u011f, k\u0131sa s\u00fcrede televizyon d\u00fcnyas\u0131n\u0131n en pop\u00fcler isimlerinden biri haline gelmi\u015ftir. Sonras\u0131nda <i>Menek\u015fe ile Halil<\/i>, <i>A\u015fk-\u0131 Memnu<\/i>, <i>Kuzey G\u00fcney<\/i> ve <i>Kurt Seyit ve \u015eura<\/i> gibi \u00f6nemli yap\u0131mlarda ba\u015frol oynayarak oyunculuk yetene\u011fini kan\u0131tlam\u0131\u015ft\u0131r. \u00d6zellikle <i>A\u015fk-\u0131 Memnu<\/i> dizisinde canland\u0131rd\u0131\u011f\u0131 Behl\u00fcl karakteri, hem T\u00fcrkiye\u2019de hem de yurt d\u0131\u015f\u0131nda b\u00fcy\u00fck bir hayran kitlesine ula\u015fm\u0131\u015ft\u0131r. Tatl\u0131tu\u011f, ba\u015far\u0131s\u0131n\u0131 her ge\u00e7en g\u00fcn art\u0131ran projeleri ve do\u011fal karizmas\u0131yla, T\u00fcrk televizyon ve sinema d\u00fcnyas\u0131n\u0131n en sevilen isimleri aras\u0131nda yer almaya devam etmektedir.<\/p>\n","protected":false},"excerpt":{"rendered":"<p>T\u00fcrk televizyon ve sinema d\u00fcnyas\u0131n\u0131n parlayan y\u0131ld\u0131z\u0131 K\u0131van\u00e7 Tatl\u0131tu\u011f, yaln\u0131zca ba\u015far\u0131l\u0131 oyunculu\u011fuyla de\u011fil, toplumsal duyarl\u0131l\u0131\u011f\u0131yla da ad\u0131ndan s\u00f6z ettiriyor. Isparta\u2019da meydana gelen ve 6 askerin \u015fehit oldu\u011fu helikopter kazas\u0131 sonras\u0131 sosyal medya hesab\u0131ndan anlaml\u0131 bir taziye mesaj\u0131 payla\u015fan Tatl\u0131tu\u011f, duyarl\u0131l\u0131\u011f\u0131yla bir kez daha g\u00f6n\u00fclleri fethetti. <\/p>\n","protected":false},"author":16,"featured_media":103801,"comment_status":"closed","ping_status":"closed","sticky":false,"template":"","format":"standard","meta":{"rank_math_lock_modified_date":false,"footnotes":""},"categories":[76],"tags":[3764,2498,3763],"class_list":["post-103797","post","type-post","status-publish","format-standard","has-post-thumbnail","hentry","category-magazin","tag-isparta-helikopter-kazasi","tag-kivanc-tatlitug","tag-kivanc-tatlitug-isparta-helikopter-kazasi"],"_links":{"self":[{"href":"https:\/\/www.tgrthaber.com\/mavikadin\/wp-json\/wp\/v2\/posts\/103797"}],"collection":[{"href":"https:\/\/www.tgrthaber.com\/mavikadin\/wp-json\/wp\/v2\/posts"}],"about":[{"href":"https:\/\/www.tgrthaber.com\/mavikadin\/wp-json\/wp\/v2\/types\/post"}],"author":[{"embeddable":true,"href":"https:\/\/www.tgrthaber.com\/mavikadin\/wp-json\/wp\/v2\/users\/16"}],"replies":[{"embeddable":true,"href":"https:\/\/www.tgrthaber.com\/mavikadin\/wp-json\/wp\/v2\/comments?post=103797"}],"version-history":[{"count":2,"href":"https:\/\/www.tgrthaber.com\/mavikadin\/wp-json\/wp\/v2\/posts\/103797\/revisions"}],"predecessor-version":[{"id":103803,"href":"https:\/\/www.tgrthaber.com\/mavikadin\/wp-json\/wp\/v2\/posts\/103797\/revisions\/103803"}],"wp:featuredmedia":[{"embeddable":true,"href":"https:\/\/www.tgrthaber.com\/mavikadin\/wp-json\/wp\/v2\/media\/103801"}],"wp:attachment":[{"href":"https:\/\/www.tgrthaber.com\/mavikadin\/wp-json\/wp\/v2\/media?parent=103797"}],"wp:term":[{"taxonomy":"category","embeddable":true,"href":"https:\/\/www.tgrthaber.com\/mavikadin\/wp-json\/wp\/v2\/categories?post=103797"},{"taxonomy":"post_tag","embeddable":true,"href":"https:\/\/www.tgrthaber.com\/mavikadin\/wp-json\/wp\/v2\/tags?post=103797"}],"curies":[{"name":"wp","href":"https:\/\/api.w.org\/{rel}","templated":true}]}}