{"id":103804,"date":"2024-12-09T19:00:44","date_gmt":"2024-12-09T16:00:44","guid":{"rendered":"https:\/\/www.tgrthaber.com\/mavikadin\/?p=103804"},"modified":"2024-12-09T19:05:00","modified_gmt":"2024-12-09T16:05:00","slug":"selcuk-yontemin-hayati-film-oluyor-ismi-kafalari-karistirdi","status":"publish","type":"post","link":"https:\/\/www.tgrthaber.com\/mavikadin\/selcuk-yontemin-hayati-film-oluyor-ismi-kafalari-karistirdi\/","title":{"rendered":"Sel\u00e7uk Y\u00f6ntem&#8217;in hayat\u0131 film oluyor! \u0130smi kafalar\u0131 kar\u0131\u015ft\u0131rd\u0131!"},"content":{"rendered":"<p class=\"p1\">Usta oyuncu Sel\u00e7uk Y\u00f6ntem\u2019in hayat\u0131n\u0131 ve kariyerini konu alan <i>Sel\u00e7uk Bey Yes Man<\/i> adl\u0131 belgesel filminin \u00e7ekimleri sona yakla\u015f\u0131rken, proje b\u00fcy\u00fck bir heyecanla izleyiciyle bulu\u015fmaya haz\u0131rlan\u0131yor. Bir y\u0131l\u0131 a\u015fk\u0131n s\u00fcredir titizlikle \u00fczerinde \u00e7al\u0131\u015f\u0131lan bu belgesel, Y\u00f6ntem\u2019in sanat hayat\u0131ndaki \u00f6nemli d\u00f6n\u00fcm noktalar\u0131n\u0131, kazan\u0131mlar\u0131n\u0131 ve unutulmaz an\u0131lar\u0131n\u0131 derinlemesine inceliyor. Ayr\u0131ca, \u00fcnl\u00fc isimlerin Y\u00f6ntem\u2019le ilgili an\u0131lar\u0131n\u0131 payla\u015ft\u0131\u011f\u0131 bu yap\u0131m, izleyicilere duygusal ve keyifli bir yolculuk vaad ediyor. Merakla beklenen yap\u0131m, yak\u0131nda dijital bir platformda izleyicilerle bulu\u015fmaya haz\u0131rlan\u0131yor. \u0130\u015fte film hakk\u0131nda merak edilen t\u00fcm detaylar&#8230;<\/p>\n<h3 class=\"p1\"><b>SEL\u00c7UK Y\u00d6NTEM\u2019\u0130N HAYATI F\u0130LM OLUYOR!<span class=\"Apple-converted-space\">\u00a0<\/span><\/b><\/h3>\n<p class=\"p1\">Usta oyuncu Sel\u00e7uk Y\u00f6ntem\u2019in hayat\u0131n\u0131 konu alan <i>Sel\u00e7uk Bey Yes Man<\/i> adl\u0131 belgesel film, \u00e7ekimlerinin son a\u015famas\u0131na geldi. Bir y\u0131l\u0131 a\u015fk\u0131n s\u00fcredir titizlikle \u00fczerinde \u00e7al\u0131\u015f\u0131lan bu yap\u0131m, Y\u00f6ntem\u2019in sanat yolculu\u011funu, ki\u015fisel hikayelerini ve iz b\u0131rakan performanslar\u0131n\u0131 ekrana ta\u015f\u0131maya haz\u0131rlan\u0131yor. \u00dcnl\u00fc dostlar\u0131n\u0131n da onunla ilgili an\u0131lar\u0131n\u0131 payla\u015faca\u011f\u0131 belgesel, samimi ve nostaljik bir atmosfer sunarak izleyicilere unutulmaz bir deneyim vaat ediyor. Bu \u00f6zel yap\u0131m, dijital bir platformda yay\u0131nlanacak ve b\u00fcy\u00fck bir merakla bekleniyor.<\/p>\n<p><img loading=\"lazy\" decoding=\"async\" class=\"alignnone wp-image-103805 size-large\" src=\"https:\/\/www.tgrthaber.com\/mavikadin\/wp-content\/uploads\/Ekran-Resmi-2024-12-09-18.52.30-1024x687.png\" alt=\"SEL\u00c7UK Y\u00d6NTEM \" width=\"1024\" height=\"687\" title=\"\" srcset=\"https:\/\/www.tgrthaber.com\/mavikadin\/wp-content\/uploads\/Ekran-Resmi-2024-12-09-18.52.30-1024x687.png 1024w, https:\/\/www.tgrthaber.com\/mavikadin\/wp-content\/uploads\/Ekran-Resmi-2024-12-09-18.52.30-300x201.png 300w, https:\/\/www.tgrthaber.com\/mavikadin\/wp-content\/uploads\/Ekran-Resmi-2024-12-09-18.52.30-768x516.png 768w, https:\/\/www.tgrthaber.com\/mavikadin\/wp-content\/uploads\/Ekran-Resmi-2024-12-09-18.52.30-1536x1031.png 1536w, https:\/\/www.tgrthaber.com\/mavikadin\/wp-content\/uploads\/Ekran-Resmi-2024-12-09-18.52.30.png 1570w\" sizes=\"(max-width: 1024px) 100vw, 1024px\" \/><\/p>\n<p class=\"p1\">\u201cDeli Y\u00fcrek\u201d, \u201cKurtlar Vadisi\u201d ve \u201cA\u015fk-\u0131 Memnu\u201d gibi k\u00fclt dizilerdeki performanslar\u0131yla geni\u015f bir hayran kitlesine ula\u015fan Sel\u00e7uk Y\u00f6ntem\u2019in ba\u015far\u0131larla dolu kariyeri, \u0130lker Sava\u015fkurt\u2019un y\u00f6netmenli\u011finde belgeselle\u015ftiriliyor. Daha \u00f6nce \u201cReflection\u201d filminde Taro Emir Tekin ile Y\u00f6ntem\u2019in ba\u015frollerini y\u00f6neten Sava\u015fkurt, bu projede usta sanat\u00e7\u0131n\u0131n sahne arkas\u0131ndaki y\u00f6nlerini ve sanata adanm\u0131\u015fl\u0131\u011f\u0131n\u0131 izleyicilere aktarmay\u0131 hedefliyor. Belgesel, yaln\u0131zca Y\u00f6ntem\u2019in kariyerine de\u011fil, T\u00fcrk sanat d\u00fcnyas\u0131na olan katk\u0131lar\u0131na da \u0131\u015f\u0131k tutacak.<\/p>\n<h3>F\u0130LM\u0130N \u00c7EK\u0130MLER\u0130 TAMAMLANMAK \u00dcZERE!<\/h3>\n<p class=\"p1\">Birsen Altunta\u015f\u2019\u0131n haberine g\u00f6re, senaryosu Mehmet Kala taraf\u0131ndan kaleme al\u0131nan ve g\u00f6r\u00fcnt\u00fc y\u00f6netmenli\u011fini Can Erdo\u011fan\u2019\u0131n \u00fcstlendi\u011fi film, farkl\u0131 co\u011frafyalarda \u00e7ekimleri tamamlamak \u00fczere. Berlin, Londra, K\u00f6ln, Bodrum, K\u0131br\u0131s, Ankara ve \u0130stanbul gibi pek \u00e7ok \u015fehirde ge\u00e7en sahnelerle izleyicilere g\u00f6rsel bir \u015f\u00f6len sunmaya haz\u0131rlanan yap\u0131m, birbirinden \u00fcnl\u00fc isimleri bir araya getirecek. Filmin uluslararas\u0131 bir izleyici kitlesi hedefledi\u011fi ve oyuncu kadrosundaki s\u00fcrpriz isimlerle dikkat \u00e7ekece\u011fi \u00f6\u011frenildi.<\/p>\n<p><img loading=\"lazy\" decoding=\"async\" class=\"alignnone wp-image-103806 size-large\" src=\"https:\/\/www.tgrthaber.com\/mavikadin\/wp-content\/uploads\/Ekran-Resmi-2024-12-09-18.52.37-1024x674.png\" alt=\"SEL\u00c7UK Y\u00d6NTEM \" width=\"1024\" height=\"674\" title=\"\" srcset=\"https:\/\/www.tgrthaber.com\/mavikadin\/wp-content\/uploads\/Ekran-Resmi-2024-12-09-18.52.37-1024x674.png 1024w, https:\/\/www.tgrthaber.com\/mavikadin\/wp-content\/uploads\/Ekran-Resmi-2024-12-09-18.52.37-300x197.png 300w, https:\/\/www.tgrthaber.com\/mavikadin\/wp-content\/uploads\/Ekran-Resmi-2024-12-09-18.52.37-768x505.png 768w, https:\/\/www.tgrthaber.com\/mavikadin\/wp-content\/uploads\/Ekran-Resmi-2024-12-09-18.52.37-1536x1011.png 1536w, https:\/\/www.tgrthaber.com\/mavikadin\/wp-content\/uploads\/Ekran-Resmi-2024-12-09-18.52.37.png 1620w\" sizes=\"(max-width: 1024px) 100vw, 1024px\" \/><\/p>\n<h3>\u00dcNL\u00dcLER SEL\u00c7UK Y\u00d6NTEM&#8217;\u0130 ANLATACAK<\/h3>\n<p class=\"p1\">Sanat d\u00fcnyas\u0131n\u0131n sevilen isimleri, Sel\u00e7uk Y\u00f6ntem\u2019in hayat\u0131n\u0131 ve sanat kariyerini konu alan belgeselde, usta oyuncuyla ya\u015fad\u0131klar\u0131 \u00f6zel an\u0131lar\u0131 payla\u015facak. Beren Saat, Hazal Kaya, Oktay Kaynarca, Mehmet Aslantu\u011f, Haldun Dormen ve Zuhal Olcay gibi \u00f6nemli isimler, Y\u00f6ntem\u2019in sanat\u0131na katt\u0131\u011f\u0131 derinli\u011fi ve ki\u015fili\u011fiyle b\u0131rakt\u0131\u011f\u0131 izleri anlat\u0131rken, belgesel adeta bir duygu yolculu\u011fu sunacak.<\/p>\n<p><img loading=\"lazy\" decoding=\"async\" class=\"alignnone wp-image-103807 size-large\" src=\"https:\/\/www.tgrthaber.com\/mavikadin\/wp-content\/uploads\/Ekran-Resmi-2024-12-09-18.54.14-1024x984.png\" alt=\"\" width=\"1024\" height=\"984\" title=\"\" srcset=\"https:\/\/www.tgrthaber.com\/mavikadin\/wp-content\/uploads\/Ekran-Resmi-2024-12-09-18.54.14-1024x984.png 1024w, https:\/\/www.tgrthaber.com\/mavikadin\/wp-content\/uploads\/Ekran-Resmi-2024-12-09-18.54.14-300x288.png 300w, https:\/\/www.tgrthaber.com\/mavikadin\/wp-content\/uploads\/Ekran-Resmi-2024-12-09-18.54.14-768x738.png 768w, https:\/\/www.tgrthaber.com\/mavikadin\/wp-content\/uploads\/Ekran-Resmi-2024-12-09-18.54.14.png 1190w\" sizes=\"(max-width: 1024px) 100vw, 1024px\" \/><\/p>\n<p class=\"p1\">Y\u00f6netmen Hilal Saral, m\u00fczisyen B\u00fclent Orta\u00e7gil ve futbol d\u00fcnyas\u0131ndan Mustafa Denizli gibi farkl\u0131 alanlardan isimlerin de yer ald\u0131\u011f\u0131 proje, Sel\u00e7uk Y\u00f6ntem\u2019in sanat d\u00fcnyas\u0131ndaki \u00e7ok y\u00f6nl\u00fcl\u00fc\u011f\u00fcn\u00fc g\u00f6zler \u00f6n\u00fcne seriyor.<\/p>\n<h3 class=\"p1\"><b>BELGESEL\u0130N ADI D\u0130KKAT \u00c7EKT\u0130<\/b><\/h3>\n<p class=\"p3\">Sel\u00e7uk Y\u00f6ntem\u2019in hayat\u0131 boyunca sergiledi\u011fi pozitif tutum ve insanlara katt\u0131\u011f\u0131 de\u011ferler yer al\u0131yor. Bu ba\u015fl\u0131k, Y\u00f6ntem\u2019in ya\u015fam\u0131 boyunca kar\u015f\u0131la\u015ft\u0131\u011f\u0131 zorluklara ra\u011fmen her zaman iyimser bir bak\u0131\u015f a\u00e7\u0131s\u0131yla yakla\u015fmas\u0131 ve insanlara ilham vermesiyle \u00f6zde\u015fle\u015fiyor.<\/p>\n","protected":false},"excerpt":{"rendered":"<p>Usta oyuncu Sel\u00e7uk Y\u00f6ntem\u2019in hayat\u0131n\u0131 ve kariyerini konu alan Sel\u00e7uk Bey Yes Man adl\u0131 belgesel filminin \u00e7ekimleri sona yakla\u015f\u0131rken, proje b\u00fcy\u00fck bir heyecanla izleyiciyle bulu\u015fmaya haz\u0131rlan\u0131yor. Bir y\u0131l\u0131 a\u015fk\u0131n s\u00fcredir titizlikle \u00fczerinde \u00e7al\u0131\u015f\u0131lan bu belgesel, Y\u00f6ntem\u2019in sanat hayat\u0131ndaki \u00f6nemli d\u00f6n\u00fcm noktalar\u0131n\u0131, kazan\u0131mlar\u0131n\u0131 ve unutulmaz an\u0131lar\u0131n\u0131 derinlemesine inceliyor. Ayr\u0131ca, \u00fcnl\u00fc isimlerin Y\u00f6ntem\u2019le ilgili an\u0131lar\u0131n\u0131 payla\u015ft\u0131\u011f\u0131 bu [&hellip;]<\/p>\n","protected":false},"author":16,"featured_media":103808,"comment_status":"closed","ping_status":"closed","sticky":false,"template":"","format":"standard","meta":{"rank_math_lock_modified_date":false,"footnotes":""},"categories":[76],"tags":[3765,3139],"class_list":["post-103804","post","type-post","status-publish","format-standard","has-post-thumbnail","hentry","category-magazin","tag-selcuk-bey-yes-man","tag-selcuk-yontem"],"_links":{"self":[{"href":"https:\/\/www.tgrthaber.com\/mavikadin\/wp-json\/wp\/v2\/posts\/103804"}],"collection":[{"href":"https:\/\/www.tgrthaber.com\/mavikadin\/wp-json\/wp\/v2\/posts"}],"about":[{"href":"https:\/\/www.tgrthaber.com\/mavikadin\/wp-json\/wp\/v2\/types\/post"}],"author":[{"embeddable":true,"href":"https:\/\/www.tgrthaber.com\/mavikadin\/wp-json\/wp\/v2\/users\/16"}],"replies":[{"embeddable":true,"href":"https:\/\/www.tgrthaber.com\/mavikadin\/wp-json\/wp\/v2\/comments?post=103804"}],"version-history":[{"count":3,"href":"https:\/\/www.tgrthaber.com\/mavikadin\/wp-json\/wp\/v2\/posts\/103804\/revisions"}],"predecessor-version":[{"id":103811,"href":"https:\/\/www.tgrthaber.com\/mavikadin\/wp-json\/wp\/v2\/posts\/103804\/revisions\/103811"}],"wp:featuredmedia":[{"embeddable":true,"href":"https:\/\/www.tgrthaber.com\/mavikadin\/wp-json\/wp\/v2\/media\/103808"}],"wp:attachment":[{"href":"https:\/\/www.tgrthaber.com\/mavikadin\/wp-json\/wp\/v2\/media?parent=103804"}],"wp:term":[{"taxonomy":"category","embeddable":true,"href":"https:\/\/www.tgrthaber.com\/mavikadin\/wp-json\/wp\/v2\/categories?post=103804"},{"taxonomy":"post_tag","embeddable":true,"href":"https:\/\/www.tgrthaber.com\/mavikadin\/wp-json\/wp\/v2\/tags?post=103804"}],"curies":[{"name":"wp","href":"https:\/\/api.w.org\/{rel}","templated":true}]}}