{"id":103814,"date":"2024-12-09T19:40:49","date_gmt":"2024-12-09T16:40:49","guid":{"rendered":"https:\/\/www.tgrthaber.com\/mavikadin\/?p=103814"},"modified":"2024-12-09T19:40:49","modified_gmt":"2024-12-09T16:40:49","slug":"sahipsizler-fidan-kimdir-sahipsizler-dizisinin-fidani-ece-bagci-kimdir-ece-bagci-kimdir-kac-yasinda","status":"publish","type":"post","link":"https:\/\/www.tgrthaber.com\/mavikadin\/sahipsizler-fidan-kimdir-sahipsizler-dizisinin-fidani-ece-bagci-kimdir-ece-bagci-kimdir-kac-yasinda\/","title":{"rendered":"Sahipsizler Fidan kimdir? Sahipsizler dizisinin Fidan\u2019\u0131 Ece Ba\u011fc\u0131 kimdir? Ece Ba\u011fc\u0131 kimdir, ka\u00e7 ya\u015f\u0131nda?"},"content":{"rendered":"<p>Star TV ekranlar\u0131nda izleyici kar\u015f\u0131s\u0131na \u00e7\u0131kan \u201cSahipsizler\u201d dizisi hem konusuyla hem de g\u00fc\u00e7l\u00fc oyuncu kadrosuyla dikkatleri \u00fczerine \u00e7ekmeye devam ediyor. Reytinglerde y\u00fckseli\u015fe ge\u00e7en dizinin oyuncular\u0131n\u0131n kim oldu\u011fu da merak ediliyor. Dizide \u201cFidan\u201d karakterine can veren Ece Ba\u011fc\u0131\u2019n\u0131n da kim oldu\u011fu izleyiciler taraf\u0131ndan merak edildi. Peki, Sahipsizler Fidan kimdir? Sahipsizler dizisinin Fidan\u2019\u0131 Ece Ba\u011fc\u0131 kimdir? Ece Ba\u011fc\u0131 kimdir, ka\u00e7 ya\u015f\u0131nda? Ece Ba\u011fc\u0131 hakk\u0131nda merak edilenleri sizin i\u00e7in ara\u015ft\u0131rd\u0131k. \u0130\u015fte Ece Ba\u011fc\u0131 hakk\u0131nda bilinmeyenler\u2026<\/p>\n<h3>SAH\u0130PS\u0130ZLER F\u0130DAN K\u0130MD\u0130R?<\/h3>\n<p>Ge\u00e7ti\u011fimiz haftalarda izleyici kar\u015f\u0131s\u0131na \u00e7\u0131kan ve seyircinin ilgisini \u00e7ekmeyi ba\u015faran Sahipsizler dizisi yay\u0131m hayat\u0131na t\u00fcm h\u0131z\u0131yla devam ediyor. Dizideki gen\u00e7 oyuncular\u0131n performanslar\u0131 da izleyiciler taraf\u0131ndan yo\u011fun ilgi g\u00f6r\u00fcyor. Dizide \u201cFidan\u201d karakterine can veren Ece Ba\u011fc\u0131\u2019n\u0131n ba\u015far\u0131l\u0131 performans\u0131 da izleyicilerin dikkatini \u00e7ekiyor.<\/p>\n<p><img loading=\"lazy\" decoding=\"async\" class=\"size-large wp-image-103815\" src=\"https:\/\/www.tgrthaber.com\/mavikadin\/wp-content\/uploads\/Adsiz-tasarim-35-7-1024x576.jpg\" alt=\"Sahipsizler Fidan kimdir? \" width=\"640\" height=\"360\" title=\"\" srcset=\"https:\/\/www.tgrthaber.com\/mavikadin\/wp-content\/uploads\/Adsiz-tasarim-35-7-1024x576.jpg 1024w, https:\/\/www.tgrthaber.com\/mavikadin\/wp-content\/uploads\/Adsiz-tasarim-35-7-300x169.jpg 300w, https:\/\/www.tgrthaber.com\/mavikadin\/wp-content\/uploads\/Adsiz-tasarim-35-7-768x432.jpg 768w, https:\/\/www.tgrthaber.com\/mavikadin\/wp-content\/uploads\/Adsiz-tasarim-35-7-1536x864.jpg 1536w, https:\/\/www.tgrthaber.com\/mavikadin\/wp-content\/uploads\/Adsiz-tasarim-35-7.jpg 1600w\" sizes=\"(max-width: 640px) 100vw, 640px\" \/><\/p>\n<p>Sahipsizler dizisi, anne ve babalar\u0131n\u0131 bir gecede ans\u0131z\u0131n kaybeden 6 karde\u015fin hayata tutunma \u00e7abalar\u0131n\u0131 konu al\u0131yor. Fidan ise bu 6 karde\u015ften biri olarak kar\u015f\u0131m\u0131za \u00e7\u0131k\u0131yor. Fidan, di\u011fer 5 karde\u015fe g\u00f6re daha ters yap\u0131da bir karaktere sahiptir. H\u0131rsl\u0131 bir ki\u015fili\u011fe sahip olan Fidan, ba\u015fka hayatlar\u0131n var oldu\u011funu g\u00f6r\u00fcnce kendi yeti\u015ftirilme tarz\u0131n\u0131 ve de\u011ferlerini \u00e7ok \u00e7abuk terk edebilecek bir karakterdir.<\/p>\n<p>Di\u011fer 5 karde\u015fin aksine daha fazla g\u00f6r\u00fcn\u00fcr olmak, fark edilmek ve ilgi \u00e7ekici olmak ister. Ayn\u0131 zamanda Zeliha ile s\u00fcrekli bir tart\u0131\u015fma i\u00e7erisinde olan Fidan, karde\u015fi Zeliha\u2019y\u0131 k\u0131skan\u0131r. Fidan karakterinin ilerleyen b\u00f6l\u00fcmlerdeki gidi\u015fat\u0131 izleyici taraf\u0131ndan en \u00e7ok merak edilenler aras\u0131nda.<\/p>\n<h3>ECE BA\u011eCI K\u0130MD\u0130R?<\/h3>\n<p>Ece Ba\u011fc\u0131, 2007 y\u0131l\u0131nda \u0130stanbul\u2019da d\u00fcnyaya geldi. \u0130lkokul ve ortaokul e\u011fitimini ba\u015far\u0131yla tamamlayan Ba\u011fc\u0131, \u015fimdilerde Mimar Sinan G\u00fczel Sanatlar Lisesi Tiyatro B\u00f6l\u00fcm\u00fc\u2019nde lise e\u011fitimini devam ettirmektedir.<\/p>\n<p><img loading=\"lazy\" decoding=\"async\" class=\"size-large wp-image-103816\" src=\"https:\/\/www.tgrthaber.com\/mavikadin\/wp-content\/uploads\/Adsiz-tasarim-34-8-1024x576.jpg\" alt=\"Ece Ba\u011fc\u0131 kimdir, ka\u00e7 ya\u015f\u0131nda?\" width=\"640\" height=\"360\" title=\"\" srcset=\"https:\/\/www.tgrthaber.com\/mavikadin\/wp-content\/uploads\/Adsiz-tasarim-34-8-1024x576.jpg 1024w, https:\/\/www.tgrthaber.com\/mavikadin\/wp-content\/uploads\/Adsiz-tasarim-34-8-300x169.jpg 300w, https:\/\/www.tgrthaber.com\/mavikadin\/wp-content\/uploads\/Adsiz-tasarim-34-8-768x432.jpg 768w, https:\/\/www.tgrthaber.com\/mavikadin\/wp-content\/uploads\/Adsiz-tasarim-34-8-1536x864.jpg 1536w, https:\/\/www.tgrthaber.com\/mavikadin\/wp-content\/uploads\/Adsiz-tasarim-34-8.jpg 1600w\" sizes=\"(max-width: 640px) 100vw, 640px\" \/><\/p>\n<p>Oyunculuk kariyerine tiyatro ile ba\u015flayan Ece Ba\u011fc\u0131, kendisini bu alanda geli\u015ftirmi\u015f ve ba\u015far\u0131l\u0131 i\u015flere imza atm\u0131\u015ft\u0131r. Oyunculuk hayat\u0131na \u00e7ok erken ya\u015flarda ba\u015flayan Ba\u011fc\u0131, ba\u015far\u0131l\u0131 performans sergileyerek kariyerini geli\u015ftirmi\u015ftir. Oyunculuk sekt\u00f6r\u00fcne tiyatro ile ba\u015flayan Ba\u011fc\u0131, sinema sekt\u00f6r\u00fcnde de olduk\u00e7a \u00f6nemli projelerde yer alm\u0131\u015ft\u0131r.<\/p>\n<h3>ECE BA\u011eCI KA\u00c7 YA\u015eINDA?<\/h3>\n<p>\u015eimdilerde 17 ya\u015f\u0131nda olan ba\u015far\u0131l\u0131 oyuncu Ece Ba\u011fc\u0131, oyunculuk performans\u0131yla dikkatleri \u00fczerine \u00e7ekiyor. Hen\u00fcz lise \u00f6\u011frencisi olan Ba\u011fc\u0131, oyunculuk sekt\u00f6r\u00fcndeki ilk deneyimlerini tiyatro oyunlar\u0131yla ger\u00e7ekle\u015ftirdi. Ba\u015far\u0131l\u0131 tiyatro oyunlar\u0131nda yer alan Ba\u011fc\u0131, bu alanda kendini geli\u015ftirerek sinema ve televizyon oyunculu\u011funa y\u00f6neldi.<\/p>\n<p><img loading=\"lazy\" decoding=\"async\" class=\"size-large wp-image-103817\" src=\"https:\/\/www.tgrthaber.com\/mavikadin\/wp-content\/uploads\/Adsiz-tasarim-33-6-1024x576.jpg\" alt=\"Ece Ba\u011fc\u0131 kimdir, ka\u00e7 ya\u015f\u0131nda?\" width=\"640\" height=\"360\" title=\"\" srcset=\"https:\/\/www.tgrthaber.com\/mavikadin\/wp-content\/uploads\/Adsiz-tasarim-33-6-1024x576.jpg 1024w, https:\/\/www.tgrthaber.com\/mavikadin\/wp-content\/uploads\/Adsiz-tasarim-33-6-300x169.jpg 300w, https:\/\/www.tgrthaber.com\/mavikadin\/wp-content\/uploads\/Adsiz-tasarim-33-6-768x432.jpg 768w, https:\/\/www.tgrthaber.com\/mavikadin\/wp-content\/uploads\/Adsiz-tasarim-33-6-1536x864.jpg 1536w, https:\/\/www.tgrthaber.com\/mavikadin\/wp-content\/uploads\/Adsiz-tasarim-33-6.jpg 1600w\" sizes=\"(max-width: 640px) 100vw, 640px\" \/><\/p>\n<p>Romeo ve Juliet, \u0130nsan \u00c7a\u011f\u0131, Troyal\u0131 Kad\u0131nlar, Gar ve Phone gibi ba\u015far\u0131l\u0131 tiyatro oyunlar\u0131nda yer alan Ece Ba\u011fc\u0131, sinema sekt\u00f6r\u00fcne ad\u0131m atarak ba\u015far\u0131l\u0131 i\u015flere imza atm\u0131\u015ft\u0131r. \u0130lk sinema deneyimini Nuri Bilge Ceylan\u2019\u0131n \u201cKuru Otlar \u00dcst\u00fcne\u201d adl\u0131 sinema filmindeki \u201cSevim\u201d rol\u00fcyle ger\u00e7ekle\u015ftiren ba\u015far\u0131l\u0131 oyuncu Ece Ba\u011fc\u0131, bu filmdeki rol\u00fcyle kariyerini zirveye ta\u015f\u0131d\u0131.<\/p>\n<p><img loading=\"lazy\" decoding=\"async\" class=\"size-large wp-image-103818\" src=\"https:\/\/www.tgrthaber.com\/mavikadin\/wp-content\/uploads\/Adsiz-tasarim-32-6-1024x576.jpg\" alt=\"Ece Ba\u011fc\u0131 kimdir, ka\u00e7 ya\u015f\u0131nda?\" width=\"640\" height=\"360\" title=\"\" srcset=\"https:\/\/www.tgrthaber.com\/mavikadin\/wp-content\/uploads\/Adsiz-tasarim-32-6-1024x576.jpg 1024w, https:\/\/www.tgrthaber.com\/mavikadin\/wp-content\/uploads\/Adsiz-tasarim-32-6-300x169.jpg 300w, https:\/\/www.tgrthaber.com\/mavikadin\/wp-content\/uploads\/Adsiz-tasarim-32-6-768x432.jpg 768w, https:\/\/www.tgrthaber.com\/mavikadin\/wp-content\/uploads\/Adsiz-tasarim-32-6-1536x864.jpg 1536w, https:\/\/www.tgrthaber.com\/mavikadin\/wp-content\/uploads\/Adsiz-tasarim-32-6.jpg 1600w\" sizes=\"(max-width: 640px) 100vw, 640px\" \/><\/p>\n<p>Ece Ba\u011fc\u0131, Kuru Otlar \u00dcst\u00fcne filmindeki Sevim karakteriyle, Chicago Film Festivali&#8217;nde &#8220;En \u0130yi Yard\u0131mc\u0131 Oyuncu&#8221; \u00f6d\u00fcl\u00fcn\u00fc kazanmaya hak kazand\u0131. Kariyerini ald\u0131\u011f\u0131 \u00f6d\u00fclle \u00f6nemli bir noktaya ta\u015f\u0131yan ba\u015far\u0131l\u0131 oyuncu performans\u0131yla uluslararas\u0131 \u00f6d\u00fcllere aday g\u00f6steriliyor. Gen\u00e7 ya\u015f\u0131na ra\u011fmen kariyerinde b\u00fcy\u00fck ad\u0131mlar atan Ba\u011fc\u0131\u2019n\u0131n Sahipsizler dizisindeki performans\u0131 da seyircinin dikkatini \u00e7ekiyor.<\/p>\n","protected":false},"excerpt":{"rendered":"<p>Sahipsizler dizisinde Fidan karakterine can veren Ece Ba\u011fc\u0131\u2019n\u0131n kim oldu\u011fu merak edildi. Peki, Sahipsizler Fidan kimdir? Sahipsizler dizisinin Fidan\u2019\u0131 Ece Ba\u011fc\u0131 kimdir? Ece Ba\u011fc\u0131 kimdir, ka\u00e7 ya\u015f\u0131nda? \u0130\u015fte ayr\u0131nt\u0131lar\u2026 <\/p>\n","protected":false},"author":26,"featured_media":103819,"comment_status":"closed","ping_status":"closed","sticky":false,"template":"","format":"standard","meta":{"rank_math_lock_modified_date":false,"footnotes":""},"categories":[491],"tags":[3767,3533,3534,3766],"class_list":["post-103814","post","type-post","status-publish","format-standard","has-post-thumbnail","hentry","category-biyografi","tag-ece-bagci","tag-sahipsizler","tag-sahipsizler-dizisi","tag-sahipsizler-fidan"],"_links":{"self":[{"href":"https:\/\/www.tgrthaber.com\/mavikadin\/wp-json\/wp\/v2\/posts\/103814"}],"collection":[{"href":"https:\/\/www.tgrthaber.com\/mavikadin\/wp-json\/wp\/v2\/posts"}],"about":[{"href":"https:\/\/www.tgrthaber.com\/mavikadin\/wp-json\/wp\/v2\/types\/post"}],"author":[{"embeddable":true,"href":"https:\/\/www.tgrthaber.com\/mavikadin\/wp-json\/wp\/v2\/users\/26"}],"replies":[{"embeddable":true,"href":"https:\/\/www.tgrthaber.com\/mavikadin\/wp-json\/wp\/v2\/comments?post=103814"}],"version-history":[{"count":1,"href":"https:\/\/www.tgrthaber.com\/mavikadin\/wp-json\/wp\/v2\/posts\/103814\/revisions"}],"predecessor-version":[{"id":103820,"href":"https:\/\/www.tgrthaber.com\/mavikadin\/wp-json\/wp\/v2\/posts\/103814\/revisions\/103820"}],"wp:featuredmedia":[{"embeddable":true,"href":"https:\/\/www.tgrthaber.com\/mavikadin\/wp-json\/wp\/v2\/media\/103819"}],"wp:attachment":[{"href":"https:\/\/www.tgrthaber.com\/mavikadin\/wp-json\/wp\/v2\/media?parent=103814"}],"wp:term":[{"taxonomy":"category","embeddable":true,"href":"https:\/\/www.tgrthaber.com\/mavikadin\/wp-json\/wp\/v2\/categories?post=103814"},{"taxonomy":"post_tag","embeddable":true,"href":"https:\/\/www.tgrthaber.com\/mavikadin\/wp-json\/wp\/v2\/tags?post=103814"}],"curies":[{"name":"wp","href":"https:\/\/api.w.org\/{rel}","templated":true}]}}