{"id":103832,"date":"2024-12-09T20:25:51","date_gmt":"2024-12-09T17:25:51","guid":{"rendered":"https:\/\/www.tgrthaber.com\/mavikadin\/?p=103832"},"modified":"2024-12-10T11:55:14","modified_gmt":"2024-12-10T08:55:14","slug":"survivor-yarismasiyla-taninan-sahra-isik-anne-oluyor","status":"publish","type":"post","link":"https:\/\/www.tgrthaber.com\/mavikadin\/survivor-yarismasiyla-taninan-sahra-isik-anne-oluyor\/","title":{"rendered":"Survivor yar\u0131\u015fmas\u0131yla tan\u0131nan Sahra I\u015f\u0131k anne oluyor!"},"content":{"rendered":"<p>\u015eu s\u0131ralar a\u015fklar\u0131yla k\u0131skand\u0131ran Sahra I\u015f\u0131k ve e\u015fi \u0130dris Aybirdi, ge\u00e7ti\u011fimiz g\u00fcnlerde do\u011fum g\u00fcn\u00fc kutlamas\u0131nda keyifli anlar ya\u015fam\u0131\u015ft\u0131. Survivor yar\u0131\u015fmas\u0131yla tan\u0131nan voleybolcu Sahra I\u015f\u0131k ve i\u015f insan\u0131 \u0130dris Aybirdi, evliliklerindeki sorunlar\u0131 a\u015fmay\u0131 ba\u015fard\u0131\u011f\u0131n\u0131 da duyurmu\u015ftu. Survivor yar\u0131\u015fmas\u0131yla tan\u0131nan Sahra I\u015f\u0131k anne olmaya haz\u0131rland\u0131\u011f\u0131n\u0131 duyurdu.<\/p>\n<h3>SURV\u0130VOR YARI\u015eMASIYLA TANINAN SAHRA I\u015eIK ANNE OLUYOR<\/h3>\n<p>2019 y\u0131l\u0131nda hayatlar\u0131n\u0131 birle\u015ftiren Sahra I\u015f\u0131k ve \u0130dris Aybirdi, ge\u00e7ti\u011fimiz y\u0131l boyunca s\u0131k\u00e7a ayr\u0131l\u0131k haberleriyle g\u00fcndeme gelmi\u015fti. Evliliklerini kurtarmak ad\u0131na o d\u00f6nemde \u00e7ift terapisine ba\u015fvuran ikili, ili\u015fkilerini d\u00fczeltmeyi ba\u015farm\u0131\u015ft\u0131. Survivor yar\u0131\u015fmas\u0131yla tan\u0131nan Sahra I\u015f\u0131k anne olaca\u011f\u0131n\u0131 duyurdu. Telefonunu yatak odas\u0131na sabitleyen ve e\u015fini odaya \u00e7a\u011f\u0131rarak hamile oldu\u011fu haberini duyuran Sahra I\u015f\u0131k, ya\u015fad\u0131\u011f\u0131 mutlu anlar\u0131 takip\u00e7ileriyle payla\u015ft\u0131.<\/p>\n<div style=\"width: 640px;\" class=\"wp-video\"><!--[if lt IE 9]><script>document.createElement('video');<\/script><![endif]-->\n<video class=\"wp-video-shortcode\" id=\"video-103832-1\" width=\"640\" height=\"1138\" preload=\"metadata\" controls=\"controls\"><source type=\"video\/mp4\" src=\"https:\/\/www.tgrthaber.com\/mavikadin\/wp-content\/uploads\/Baby-is-Coming.mp4?_=1\" \/><a href=\"https:\/\/www.tgrthaber.com\/mavikadin\/wp-content\/uploads\/Baby-is-Coming.mp4\">https:\/\/www.tgrthaber.com\/mavikadin\/wp-content\/uploads\/Baby-is-Coming.mp4<\/a><\/video><\/div>\n<h3>DO\u011eUM G\u00dcN\u00dc KUTLADILAR<\/h3>\n<p>Zor g\u00fcnleri geride b\u0131rakan \u00e7ift, ge\u00e7ti\u011fimiz g\u00fcnlerde do\u011fum g\u00fcn\u00fc kutlamas\u0131 d\u00fczenlemi\u015fti. \u0130dris Aybirdi\u2019nin yeni ya\u015f\u0131n\u0131 kutlad\u0131klar\u0131 gecede doyas\u0131ya e\u011flenen ikili, mekan \u00e7\u0131k\u0131\u015f\u0131nda bas\u0131n mensuplar\u0131n\u0131n sorular\u0131n\u0131 yan\u0131tlad\u0131.\u00a0\u0130dris Aybirdi, ayr\u0131l\u0131k haberlerinin hat\u0131rlat\u0131lmas\u0131 \u00fczerine, \u201cNe yaz\u0131k ki zorlu bir s\u00fcre\u00e7 ya\u015fad\u0131k. Ancak bizim \u00fcstesinden gelemeyece\u011fimiz hi\u00e7bir \u015fey yok. E\u015fimi seviyorum, ba\u015fka bir \u015fey s\u00f6ylemek istemiyorum,\u201d dedi.<\/p>\n<p>Sahra I\u015f\u0131k ise \u201c\u00c7ocuk sahibi olmay\u0131 d\u00fc\u015f\u00fcn\u00fcyor musunuz?\u201d sorusuna g\u00fclerek \u201cTe\u015fekk\u00fcr ederim,\u201d yan\u0131t\u0131n\u0131 verdi.<\/p>\n<figure id=\"attachment_103836\" aria-describedby=\"caption-attachment-103836\" style=\"width: 435px\" class=\"wp-caption alignnone\"><img loading=\"lazy\" decoding=\"async\" class=\"size-full wp-image-103836\" src=\"https:\/\/www.tgrthaber.com\/mavikadin\/wp-content\/uploads\/Basliksiz-1ss-1.jpg\" alt=\"Sahra I\u015f\u0131k\" width=\"435\" height=\"403\" title=\"\" srcset=\"https:\/\/www.tgrthaber.com\/mavikadin\/wp-content\/uploads\/Basliksiz-1ss-1.jpg 435w, https:\/\/www.tgrthaber.com\/mavikadin\/wp-content\/uploads\/Basliksiz-1ss-1-300x278.jpg 300w\" sizes=\"(max-width: 435px) 100vw, 435px\" \/><figcaption id=\"caption-attachment-103836\" class=\"wp-caption-text\">Sahra I\u015f\u0131k<\/figcaption><\/figure>\n<h3>NELER YA\u015eANMI\u015eTI?<\/h3>\n<p>Ge\u00e7en y\u0131l Instagram \u00fczerinden canl\u0131 yay\u0131n yapan ve iddialara a\u00e7\u0131kl\u0131k getiren Sahra I\u015f\u0131k \u015fu \u015fekilde demi\u015fti:<\/p>\n<p>&#8220;Bir\u00e7ok \u015fey yaz\u0131l\u0131yor. \u0130dris ile olan ili\u015fkimi \u00e7ok merak ediyorsunuz. Evlili\u011fimi hep g\u00f6zlerden uzak tuttum. Bo\u015fanma davam vard\u0131, sonra geri \u00e7ekmi\u015ftim. \u0130dris&#8217;le ayr\u0131 de\u011filim. Duyduklar\u0131m nedeniyle beynimden vurulmu\u015f gibiyim. \u0130dris&#8217;in ruh hali bitmi\u015fti, babam hastaneye kald\u0131r\u0131ld\u0131. \u015eu anda her \u015feyi fazla detayland\u0131rmak istemiyorum.<\/p>\n<p>Seda&#8217;ya gelince, ad\u0131n\u0131 bile anmak istemiyorum. Sana sadece iyilik yapt\u0131m. Sen d\u0131\u015far\u0131 \u00e7\u0131k\u0131p, \u0130dris\u2019i aray\u0131p bir\u00e7ok \u015fey s\u00f6yledin. Ama anneme ve babama nas\u0131l b\u00f6yle ithamlarda bulunuyorsun? \u0130dris\u2019in ailesini nas\u0131l arayabiliyorsun? Seda Aktu\u011flu beni \u00f6yle k\u00f6t\u00fc yerlerden vurdu ki&#8230; \u0130dris Dominik\u2019te yan\u0131mdayd\u0131.<\/p>\n<h3>K\u00dcF\u00dcRL\u00dc MESAJLARI PAYLA\u015eMI\u015eTI<\/h3>\n<p>Sert s\u00f6ylemler kullanan Sahra&#8217;n\u0131n a\u00e7\u0131klamalar\u0131n\u0131n ard\u0131ndan Seda Aktu\u011flu, \u0130dris Aybirdi ile olan yaz\u0131\u015fmalar\u0131n\u0131 if\u015fa etmi\u015fti. Sosyal medyada b\u00fcy\u00fck yank\u0131 uyand\u0131ran k\u00fcf\u00fcrl\u00fc mesajlar\u0131n ard\u0131ndan, Altu\u011flu k\u0131sa bir s\u00fcre i\u00e7inde t\u00fcm payla\u015f\u0131mlar\u0131n\u0131 silerek durumu &#8220;kabullenip ge\u00e7irdi\u011fini&#8221; belirtti.<\/p>\n","protected":false},"excerpt":{"rendered":"<p>Bir s\u00fcre ayr\u0131l\u0131k haberleriyle g\u00fcndemde olan Sahra I\u015f\u0131k ve \u0130dris Aybirdi, zorlu g\u00fcnleri geride b\u0131rakt\u0131. Sahra, ge\u00e7en y\u0131l Instagram \u00fczerinden canl\u0131 yay\u0131n yaparak t\u00fcm detaylar\u0131 payla\u015fm\u0131\u015ft\u0131. Survivor yar\u0131\u015fmas\u0131yla tan\u0131nan Sahra I\u015f\u0131k anne olaca\u011f\u0131n\u0131 a\u00e7\u0131klad\u0131.<\/p>\n","protected":false},"author":2,"featured_media":103834,"comment_status":"closed","ping_status":"closed","sticky":false,"template":"","format":"standard","meta":{"rank_math_lock_modified_date":false,"footnotes":""},"categories":[76],"tags":[133,2218,3629,2366],"class_list":["post-103832","post","type-post","status-publish","format-standard","has-post-thumbnail","hentry","category-magazin","tag-magazin","tag-magazin-haberleri","tag-sahra-isik","tag-survivor"],"_links":{"self":[{"href":"https:\/\/www.tgrthaber.com\/mavikadin\/wp-json\/wp\/v2\/posts\/103832"}],"collection":[{"href":"https:\/\/www.tgrthaber.com\/mavikadin\/wp-json\/wp\/v2\/posts"}],"about":[{"href":"https:\/\/www.tgrthaber.com\/mavikadin\/wp-json\/wp\/v2\/types\/post"}],"author":[{"embeddable":true,"href":"https:\/\/www.tgrthaber.com\/mavikadin\/wp-json\/wp\/v2\/users\/2"}],"replies":[{"embeddable":true,"href":"https:\/\/www.tgrthaber.com\/mavikadin\/wp-json\/wp\/v2\/comments?post=103832"}],"version-history":[{"count":1,"href":"https:\/\/www.tgrthaber.com\/mavikadin\/wp-json\/wp\/v2\/posts\/103832\/revisions"}],"predecessor-version":[{"id":103837,"href":"https:\/\/www.tgrthaber.com\/mavikadin\/wp-json\/wp\/v2\/posts\/103832\/revisions\/103837"}],"wp:featuredmedia":[{"embeddable":true,"href":"https:\/\/www.tgrthaber.com\/mavikadin\/wp-json\/wp\/v2\/media\/103834"}],"wp:attachment":[{"href":"https:\/\/www.tgrthaber.com\/mavikadin\/wp-json\/wp\/v2\/media?parent=103832"}],"wp:term":[{"taxonomy":"category","embeddable":true,"href":"https:\/\/www.tgrthaber.com\/mavikadin\/wp-json\/wp\/v2\/categories?post=103832"},{"taxonomy":"post_tag","embeddable":true,"href":"https:\/\/www.tgrthaber.com\/mavikadin\/wp-json\/wp\/v2\/tags?post=103832"}],"curies":[{"name":"wp","href":"https:\/\/api.w.org\/{rel}","templated":true}]}}