{"id":104328,"date":"2024-12-10T18:06:23","date_gmt":"2024-12-10T15:06:23","guid":{"rendered":"https:\/\/www.tgrthaber.com\/mavikadin\/?p=104328"},"modified":"2024-12-10T18:06:23","modified_gmt":"2024-12-10T15:06:23","slug":"seyma-subasi-ve-melisa-ilicali-arasinda-gecen-diyalog-gundem-oldu-yemek-yapmiyorsun-ki-anne","status":"publish","type":"post","link":"https:\/\/www.tgrthaber.com\/mavikadin\/seyma-subasi-ve-melisa-ilicali-arasinda-gecen-diyalog-gundem-oldu-yemek-yapmiyorsun-ki-anne\/","title":{"rendered":"\u015eeyma Suba\u015f\u0131 ve Melisa Il\u0131cal\u0131 aras\u0131nda ge\u00e7en diyalog g\u00fcndem oldu! \u201cYemek yapm\u0131yorsun ki anne\u201d"},"content":{"rendered":"<p>Son zamanlarda k\u0131z\u0131 Melisa Il\u0131cal\u0131 ile \u00e7ekti\u011fi videolarla g\u00fcndeme gelen \u015eeyma Suba\u015f\u0131, magazin d\u00fcnyas\u0131n\u0131n g\u00fcndemine bomba gibi oturdu. \u015eeyma Suba\u015f\u0131 ve k\u0131z\u0131 Melisa Il\u0131cal\u0131 aras\u0131nda ge\u00e7en diyalog sosyal medyada g\u00fcndem oldu. Melisa Il\u0131cal\u0131\u2019n\u0131n annesi \u015eeyma Suba\u015f\u0131 hakk\u0131nda s\u00f6yledikleri herkesi \u015fa\u015f\u0131rtt\u0131. Bak\u0131n Melisa Il\u0131cal\u0131 annesi \u015eeyma Suba\u015f\u0131 hakk\u0131nda ne dedi!<\/p>\n<h3>\u015eEYMA SUBA\u015eI VE MEL\u0130SA ILICALI ARASINDA GE\u00c7EN D\u0130YALOG G\u00dcNDEM OLDU!<\/h3>\n<p>\u015eeyma Suba\u015f\u0131\u2019n\u0131n Acun Il\u0131cal\u0131 ile olan birlikteli\u011finden 2013 y\u0131l\u0131nda Melisa ad\u0131n\u0131 verdikleri k\u0131zlar\u0131 d\u00fcnyaya geldi. Mutlu beraberliklerini 2017 y\u0131l\u0131nda evlilikle ta\u00e7land\u0131ran \u015eeyma Suba\u015f\u0131 ve Acun Il\u0131cal\u0131 \u00e7ifti, k\u0131sa s\u00fcren evliliklerinin ard\u0131ndan 2018 y\u0131l\u0131nda ayr\u0131lma karar\u0131 alarak bo\u015fand\u0131.<\/p>\n<p><img loading=\"lazy\" decoding=\"async\" class=\"size-large wp-image-104331\" src=\"https:\/\/www.tgrthaber.com\/mavikadin\/wp-content\/uploads\/Adsiz-tasarim-12-15-1024x576.jpg\" alt=\"\u015eeyma Suba\u015f\u0131 ve Melisa Il\u0131cal\u0131 \" width=\"640\" height=\"360\" title=\"\" srcset=\"https:\/\/www.tgrthaber.com\/mavikadin\/wp-content\/uploads\/Adsiz-tasarim-12-15-1024x576.jpg 1024w, https:\/\/www.tgrthaber.com\/mavikadin\/wp-content\/uploads\/Adsiz-tasarim-12-15-300x169.jpg 300w, https:\/\/www.tgrthaber.com\/mavikadin\/wp-content\/uploads\/Adsiz-tasarim-12-15-768x432.jpg 768w, https:\/\/www.tgrthaber.com\/mavikadin\/wp-content\/uploads\/Adsiz-tasarim-12-15-1536x864.jpg 1536w, https:\/\/www.tgrthaber.com\/mavikadin\/wp-content\/uploads\/Adsiz-tasarim-12-15.jpg 1600w\" sizes=\"(max-width: 640px) 100vw, 640px\" \/><\/p>\n<p>Acun Il\u0131cal\u0131\u2019dan ayr\u0131ld\u0131ktan sonra ad\u0131 s\u00fcrekli a\u015fk dedikodular\u0131nda gezen \u015eeyma Suba\u015f\u0131, 2018 y\u0131l\u0131nda \u0130talyan DJ Guido Senia ile ili\u015fki ya\u015famaya ba\u015flad\u0131. Suba\u015f\u0131, DJ Guido Senia ile olan ili\u015fkisini 2020 y\u0131l\u0131n\u0131n A\u011fustos ay\u0131nda bitirdi. Daha sonra 2021 y\u0131l\u0131nda M\u0131s\u0131rl\u0131 yat\u0131r\u0131mc\u0131 Mohammed Alsaloussi ile ili\u015fki ya\u015fayan Suba\u015f\u0131 2023 y\u0131l\u0131n\u0131n May\u0131s ay\u0131nda nikah masas\u0131na oturdu. Mohammed Alsaloussi ile olan evlili\u011fi k\u0131sa s\u00fcren Suba\u015f\u0131, ayn\u0131 y\u0131l Eyl\u00fcl ay\u0131nda bo\u015fanma karar\u0131 ald\u0131.<\/p>\n<p><img loading=\"lazy\" decoding=\"async\" class=\"size-large wp-image-104332\" src=\"https:\/\/www.tgrthaber.com\/mavikadin\/wp-content\/uploads\/Adsiz-tasarim-11-10-1024x576.jpg\" alt=\"\u015eeyma Suba\u015f\u0131 \" width=\"640\" height=\"360\" title=\"\" srcset=\"https:\/\/www.tgrthaber.com\/mavikadin\/wp-content\/uploads\/Adsiz-tasarim-11-10-1024x576.jpg 1024w, https:\/\/www.tgrthaber.com\/mavikadin\/wp-content\/uploads\/Adsiz-tasarim-11-10-300x169.jpg 300w, https:\/\/www.tgrthaber.com\/mavikadin\/wp-content\/uploads\/Adsiz-tasarim-11-10-768x432.jpg 768w, https:\/\/www.tgrthaber.com\/mavikadin\/wp-content\/uploads\/Adsiz-tasarim-11-10-1536x864.jpg 1536w, https:\/\/www.tgrthaber.com\/mavikadin\/wp-content\/uploads\/Adsiz-tasarim-11-10.jpg 1600w\" sizes=\"(max-width: 640px) 100vw, 640px\" \/><\/p>\n<p>Genelde ad\u0131 a\u015fk dedikodular\u0131yla an\u0131lan \u015eeyma Suba\u015f\u0131, son zamanlarda k\u0131z\u0131 Melisa ile \u00e7ekti\u011fi videolarla g\u00fcndeme geliyor. K\u0131z\u0131 Melisa Il\u0131cal\u0131 ile videolar \u00e7eken ve bunu sosyal medya hesab\u0131ndan takip\u00e7ileriyle payla\u015fan Suba\u015f\u0131, sosyal medya kullan\u0131c\u0131lar\u0131 taraf\u0131ndan yo\u011fun bir ilgiyle kar\u015f\u0131la\u015f\u0131yor.<\/p>\n<p><img loading=\"lazy\" decoding=\"async\" class=\"size-large wp-image-104333\" src=\"https:\/\/www.tgrthaber.com\/mavikadin\/wp-content\/uploads\/Adsiz-tasarim-10-10-1024x576.jpg\" alt=\"\u015eeyma Suba\u015f\u0131 ve Melisa Il\u0131cal\u0131 \" width=\"640\" height=\"360\" title=\"\" srcset=\"https:\/\/www.tgrthaber.com\/mavikadin\/wp-content\/uploads\/Adsiz-tasarim-10-10-1024x576.jpg 1024w, https:\/\/www.tgrthaber.com\/mavikadin\/wp-content\/uploads\/Adsiz-tasarim-10-10-300x169.jpg 300w, https:\/\/www.tgrthaber.com\/mavikadin\/wp-content\/uploads\/Adsiz-tasarim-10-10-768x432.jpg 768w, https:\/\/www.tgrthaber.com\/mavikadin\/wp-content\/uploads\/Adsiz-tasarim-10-10-1536x864.jpg 1536w, https:\/\/www.tgrthaber.com\/mavikadin\/wp-content\/uploads\/Adsiz-tasarim-10-10.jpg 1600w\" sizes=\"(max-width: 640px) 100vw, 640px\" \/><\/p>\n<p>\u015eeyma Suba\u015f\u0131\u2019n\u0131n k\u0131z\u0131 Melisa Il\u0131cal\u0131 ile \u00e7ekti\u011fi videolar takip\u00e7ileri taraf\u0131nda yo\u011fun bir ilgi g\u00f6r\u00fcyor. Suba\u015f\u0131, k\u0131z\u0131yla \u00e7ekti\u011fi videolarla son zamanlarda magazin d\u00fcnyas\u0131n\u0131n g\u00fcndemine bomba gibi oturdu. \u015eeyma Suba\u015f\u0131 ve k\u0131z\u0131 Melisa Il\u0131cal\u0131 aras\u0131nda ge\u00e7en diyalog sosyal medyada g\u00fcndem oldu. Melisa Il\u0131cal\u0131\u2019n\u0131n annesi \u015eeyma Suba\u015f\u0131 hakk\u0131nda s\u00f6yledikleri herkesi \u015fa\u015f\u0131rtt\u0131. Bak\u0131n Melisa Il\u0131cal\u0131 annesi \u015eeyma Suba\u015f\u0131 hakk\u0131nda ne dedi!<\/p>\n<h3>\u201cYEMEK YAPMIYORSUN K\u0130 ANNE\u201d<\/h3>\n<p>\u015eeyma Suba\u015f\u0131, k\u0131z\u0131 Melisa Il\u0131cal\u0131 ile \u00e7ekti\u011fi e\u011flenceli videolar\u0131 sosyal medya hesab\u0131ndan payla\u015fmay\u0131 unutmuyor. K\u0131z\u0131yla sohbet niteli\u011finde \u00e7ekti\u011fi videolar\u0131 \u201cBold Agency Projects\u201d adl\u0131 Youtube kanal\u0131nda yay\u0131mlayan Suba\u015f\u0131, sosyal medyan\u0131n g\u00fcndeminde bomba gibi oturuyor. \u201c\u015eeyma Suba\u015f\u0131 ve Melisa Il\u0131cal\u0131 ile Size \u00d6zel By \u015eeyma\u201d ba\u015fl\u0131\u011f\u0131 ile yay\u0131mlad\u0131\u011f\u0131 videolar\u0131 takip\u00e7ileri ile payla\u015fan Suba\u015f\u0131, izleyiciler taraf\u0131ndan be\u011feni topluyor.<\/p>\n<p>\u015eeyma Suba\u015f\u0131\u2019n\u0131n yay\u0131mlad\u0131\u011f\u0131 bir videoda k\u0131z\u0131 Melisa Il\u0131cal\u0131 ile aras\u0131nda ge\u00e7en diyalog sosyal medyada g\u00fcndem oldu. Melisa Il\u0131cal\u0131\u2019n\u0131n annesi \u015eeyma Suba\u015f\u0131 hakk\u0131nda s\u00f6yledikleri herkesi \u015fa\u015f\u0131rtt\u0131.<\/p>\n<div style=\"width: 640px;\" class=\"wp-video\"><!--[if lt IE 9]><script>document.createElement('video');<\/script><![endif]-->\n<video class=\"wp-video-shortcode\" id=\"video-104328-1\" width=\"640\" height=\"640\" preload=\"metadata\" controls=\"controls\"><source type=\"video\/mp4\" src=\"https:\/\/www.tgrthaber.com\/mavikadin\/wp-content\/uploads\/Kahverengi-Sade-Zarif-Kucuk-Isletme-Kuafor-Instagram-Video-11.mp4?_=1\" \/><a href=\"https:\/\/www.tgrthaber.com\/mavikadin\/wp-content\/uploads\/Kahverengi-Sade-Zarif-Kucuk-Isletme-Kuafor-Instagram-Video-11.mp4\">https:\/\/www.tgrthaber.com\/mavikadin\/wp-content\/uploads\/Kahverengi-Sade-Zarif-Kucuk-Isletme-Kuafor-Instagram-Video-11.mp4<\/a><\/video><\/div>\n<p>\u015eeyma Suba\u015f\u0131, \u00e7ektikleri videoda k\u0131z\u0131 Melisa\u2019ya \u201cAnnen g\u00fczel yemek yap\u0131yor mu?\u201d sorusunu y\u00f6neltti. K\u0131z\u0131 Melisa ise annesinin sordu\u011fu soru kar\u015f\u0131s\u0131nda \u201cHay\u0131r, yemek bile yapm\u0131yorsun ki anne. Bir tek \u00e7ay ve kahve yapabiliyorsun.\u201d ifadelerini kulland\u0131.<\/p>\n<p>\u015eeyma Suba\u015f\u0131 ise k\u0131z\u0131 Melisa\u2019n\u0131n bu cevab\u0131 kar\u015f\u0131s\u0131nda: \u201cE\u011fer yapmak istersem \u00f6\u011frenirim\u201d ifadelerine yer verdi. \u015eeyma Suba\u015f\u0131 ve Melisa Il\u0131cal\u0131\u2019n\u0131n bu diyalo\u011fu sosyal medyada g\u00fcndem oldu. \u0130kili \u00e7ektikleri videolarla izleyiciler taraf\u0131ndan yo\u011fun ilgi g\u00f6rmeye devam ediyor.<\/p>\n<h3>\u201cMEL\u0130SA BEN\u0130M HER \u015eEY\u0130M, SEVG\u0130M, B\u0130R\u0130C\u0130K KIZIM\u201d<\/h3>\n<p>\u015eeyma Suba\u015f\u0131\u2019n\u0131n k\u0131z\u0131 Melisa Il\u0131cal\u0131 ile \u00e7ekti\u011fi videolar sosyal medyan\u0131n g\u00fcndeminden d\u00fc\u015fm\u00fcyor. Suba\u015f\u0131\u2019n\u0131n videolar\u0131 takip\u00e7ileri taraf\u0131ndan da \u00e7ok seviliyor. \u0130zleyiciler ve takip\u00e7ileri taraf\u0131ndan yo\u011fun ilgiyle kar\u015f\u0131lan Suba\u015f\u0131, sosyal medya hesab\u0131ndan yapt\u0131\u011f\u0131 bir payla\u015f\u0131mla kendisini ve k\u0131z\u0131n\u0131 izleyenlere te\u015fekk\u00fcrlerde bulundu.<\/p>\n<p><img loading=\"lazy\" decoding=\"async\" class=\"size-large wp-image-104338\" src=\"https:\/\/www.tgrthaber.com\/mavikadin\/wp-content\/uploads\/Adsiz-tasarim-9-12-1024x576.jpg\" alt=\"\u015eeyma Suba\u015f\u0131 ve Melisa Il\u0131cal\u0131 \" width=\"640\" height=\"360\" title=\"\" srcset=\"https:\/\/www.tgrthaber.com\/mavikadin\/wp-content\/uploads\/Adsiz-tasarim-9-12-1024x576.jpg 1024w, https:\/\/www.tgrthaber.com\/mavikadin\/wp-content\/uploads\/Adsiz-tasarim-9-12-300x169.jpg 300w, https:\/\/www.tgrthaber.com\/mavikadin\/wp-content\/uploads\/Adsiz-tasarim-9-12-768x432.jpg 768w, https:\/\/www.tgrthaber.com\/mavikadin\/wp-content\/uploads\/Adsiz-tasarim-9-12-1536x864.jpg 1536w, https:\/\/www.tgrthaber.com\/mavikadin\/wp-content\/uploads\/Adsiz-tasarim-9-12.jpg 1600w\" sizes=\"(max-width: 640px) 100vw, 640px\" \/><\/p>\n<p>\u015eeyma Suba\u015f\u0131 Instagram hesab\u0131 \u00fczerinden k\u0131z\u0131 Melisa ile olan videosunu payla\u015ft\u0131. Suba\u015f\u0131 payla\u015ft\u0131\u011f\u0131 videonun alt\u0131na: \u201cDestekleriniz ve sokakta kar\u015f\u0131la\u015ft\u0131\u011f\u0131m\u0131z yabanc\u0131lar\u0131n bile bizi durdurup videomuzu ne kadar sevdiklerini s\u00f6ylemeleri o kadar anlaml\u0131 ki! Bu, Melisa ve benim i\u00e7in \u00e7ok \u015fey ifade ediyor. Beraber severek yapt\u0131\u011f\u0131m\u0131z bir \u015feyin ba\u015fkalar\u0131na da mutluluk getirdi\u011fini bilmek inan\u0131lmaz bir his. Melisa benim her \u015feyim, sevgim, biricik k\u0131z\u0131m. Onunla ge\u00e7irdi\u011fim her an bir hazine gibi. Bu anlar\u0131 onunla payla\u015fmay\u0131 ger\u00e7ekten \u00e7ok seviyorum ve sizin g\u00fczel s\u00f6zleriniz bunu daha da \u00f6zel k\u0131l\u0131yor. B\u00f6yle harika bir deste\u011fe sahip oldu\u011fum i\u00e7in \u00e7ok mutluyum. \u00a0Kalpten te\u015fekk\u00fcr ederim.\u201d notunu d\u00fc\u015ft\u00fc.<\/p>\n","protected":false},"excerpt":{"rendered":"<p>\u015eeyma Suba\u015f\u0131\u2019n\u0131n k\u0131z\u0131 Melisa Il\u0131cal\u0131 ile olan bir videosunda konu\u015ftuklar\u0131 diyalog sosyal medyan\u0131n g\u00fcndemine oturdu. Bak\u0131n Melisa Il\u0131cal\u0131 annesi \u015eeyma Suba\u015f\u0131 hakk\u0131nda ne dedi! <\/p>\n","protected":false},"author":26,"featured_media":104339,"comment_status":"closed","ping_status":"closed","sticky":false,"template":"","format":"standard","meta":{"rank_math_lock_modified_date":false,"footnotes":""},"categories":[101],"tags":[2927,2249],"class_list":["post-104328","post","type-post","status-publish","format-standard","has-post-thumbnail","hentry","category-kesfet","tag-melisa-ilicali","tag-seyma-subasi"],"_links":{"self":[{"href":"https:\/\/www.tgrthaber.com\/mavikadin\/wp-json\/wp\/v2\/posts\/104328"}],"collection":[{"href":"https:\/\/www.tgrthaber.com\/mavikadin\/wp-json\/wp\/v2\/posts"}],"about":[{"href":"https:\/\/www.tgrthaber.com\/mavikadin\/wp-json\/wp\/v2\/types\/post"}],"author":[{"embeddable":true,"href":"https:\/\/www.tgrthaber.com\/mavikadin\/wp-json\/wp\/v2\/users\/26"}],"replies":[{"embeddable":true,"href":"https:\/\/www.tgrthaber.com\/mavikadin\/wp-json\/wp\/v2\/comments?post=104328"}],"version-history":[{"count":1,"href":"https:\/\/www.tgrthaber.com\/mavikadin\/wp-json\/wp\/v2\/posts\/104328\/revisions"}],"predecessor-version":[{"id":104340,"href":"https:\/\/www.tgrthaber.com\/mavikadin\/wp-json\/wp\/v2\/posts\/104328\/revisions\/104340"}],"wp:featuredmedia":[{"embeddable":true,"href":"https:\/\/www.tgrthaber.com\/mavikadin\/wp-json\/wp\/v2\/media\/104339"}],"wp:attachment":[{"href":"https:\/\/www.tgrthaber.com\/mavikadin\/wp-json\/wp\/v2\/media?parent=104328"}],"wp:term":[{"taxonomy":"category","embeddable":true,"href":"https:\/\/www.tgrthaber.com\/mavikadin\/wp-json\/wp\/v2\/categories?post=104328"},{"taxonomy":"post_tag","embeddable":true,"href":"https:\/\/www.tgrthaber.com\/mavikadin\/wp-json\/wp\/v2\/tags?post=104328"}],"curies":[{"name":"wp","href":"https:\/\/api.w.org\/{rel}","templated":true}]}}