{"id":104499,"date":"2024-12-10T23:56:32","date_gmt":"2024-12-10T20:56:32","guid":{"rendered":"https:\/\/www.tgrthaber.com\/mavikadin\/?p=104499"},"modified":"2024-12-10T23:58:13","modified_gmt":"2024-12-10T20:58:13","slug":"oyuncu-beren-saat-selcuk-yontem-belgeseli-ile-ilgili-konustu-eminim-cok-hos-seyler-ortaya-cikacak","status":"publish","type":"post","link":"https:\/\/www.tgrthaber.com\/mavikadin\/oyuncu-beren-saat-selcuk-yontem-belgeseli-ile-ilgili-konustu-eminim-cok-hos-seyler-ortaya-cikacak\/","title":{"rendered":"Oyuncu Beren Saat Sel\u00e7uk Y\u00f6ntem belgeseli ile ilgili konu\u015ftu! &#8220;Eminim \u00e7ok ho\u015f \u015feyler ortaya \u00e7\u0131kacak&#8221;"},"content":{"rendered":"<p>Halit Ziya U\u015fakl\u0131gil&#8217;in eserinden uyarlanarak 2008 y\u0131l\u0131nda Kanal D ekranlar\u0131na verilen A\u015fk-\u0131 Memnu dizisi, yay\u0131nland\u0131\u011f\u0131 1. b\u00f6l\u00fcm\u00fcnden itibaren b\u00fcy\u00fck bir yank\u0131 uyand\u0131rarak izleyicileri ekran ba\u015f\u0131na kilitlemeyi ba\u015farm\u0131\u015ft\u0131. \u0130zlenme rekorlar\u0131 k\u0131rarak \u00f6zellikle de final b\u00f6l\u00fcm\u00fc \u00e7ok konu\u015fulan pop\u00fcler dizi A\u015fk-\u0131 Memnu da Beren Saat, Sel\u00e7uk Y\u00f6ntem, K\u0131van\u00e7 Tatl\u0131tu\u011f, Hazal Kaya, Nebahat \u00c7ehre, Zerrin Tekindor, Batuhan Karacakaya gibi g\u00fc\u00e7l\u00fc isimler yer al\u0131yordu.<\/p>\n<p>Ge\u00e7ti\u011fimiz hafta A\u015fk-\u0131 Memnu oyuncular\u0131ndan Bihter rol\u00fcn\u00fc oynayan Beren Saat, Adnan karakterini oynayan Sel\u00e7uk Y\u00f6ntem ve Nihal karakterini oynayan Hazal Kaya&#8217;n\u0131n bir araya geldi\u011fi anlar sosyal medyaya damga vurmu\u015ftu.<\/p>\n<h3>KONSERDE E\u011eLENEN A\u015eK-I MEMNU EK\u0130B\u0130 SELF\u0130E \u00c7EKM\u0130\u015eT\u0130&#8230;<\/h3>\n<p>Beren Saat&#8217;in e\u015fi kenan Do\u011fulu konserinde birlikte doyas\u0131ya e\u011flenen A\u015fk-\u0131 Memnu ekibinden Sel\u00e7uk Y\u00f6ntem, Beren Saat ve Hazal Kaya, beraber foto\u011fraf \u00e7ektirmeyi de es ge\u00e7memi\u015fti.<\/p>\n<p><img loading=\"lazy\" decoding=\"async\" class=\"alignnone size-full wp-image-104512\" src=\"https:\/\/www.tgrthaber.com\/mavikadin\/wp-content\/uploads\/Adsiz-tasarim-2024-12-10T235000.455.jpg\" alt=\"\" width=\"1920\" height=\"1080\" title=\"\" srcset=\"https:\/\/www.tgrthaber.com\/mavikadin\/wp-content\/uploads\/Adsiz-tasarim-2024-12-10T235000.455.jpg 1920w, https:\/\/www.tgrthaber.com\/mavikadin\/wp-content\/uploads\/Adsiz-tasarim-2024-12-10T235000.455-300x169.jpg 300w, https:\/\/www.tgrthaber.com\/mavikadin\/wp-content\/uploads\/Adsiz-tasarim-2024-12-10T235000.455-1024x576.jpg 1024w, https:\/\/www.tgrthaber.com\/mavikadin\/wp-content\/uploads\/Adsiz-tasarim-2024-12-10T235000.455-768x432.jpg 768w, https:\/\/www.tgrthaber.com\/mavikadin\/wp-content\/uploads\/Adsiz-tasarim-2024-12-10T235000.455-1536x864.jpg 1536w\" sizes=\"(max-width: 1920px) 100vw, 1920px\" \/><\/p>\n<p>Ayn\u0131 dizide rol ald\u0131\u011f\u0131 arkada\u015flar\u0131 Sel\u00e7uk Y\u00f6ntem ve Hazal Kaya ile konserde selfie \u00e7eken oyuncu Beren Saat, o anlar\u0131 sosyal medya hesab\u0131ndan kalp emojisi atarak takip\u00e7ileriyle payla\u015fm\u0131\u015ft\u0131.<\/p>\n<h3>BEREN SAAT&#8217;TEN SEL\u00c7UK Y\u00d6NTEM BELGESEL\u0130NE YORUM!<\/h3>\n<p>Araf&#8217;\u0131n galas\u0131nda e\u015fi Kenan do\u011fulu ile g\u00f6r\u00fcnt\u00fclenen Beren Saat, ge\u00e7ti\u011fimiz haftalarda bir araya geldi\u011fi A\u015fk-\u0131 Memnu oyuncular\u0131ndan Sel\u00e7uk Y\u00f6ntem&#8217;in belgeseli i\u00e7in &#8220;Tatl\u0131 bir sohbet oldu. Ho\u015f bir belgesel oldu\u011funu s\u00f6yl\u00fcyorlar. Farkl\u0131 iller de \u00e7ekimleri yap\u0131lm\u0131\u015f, eminim \u00e7ok ho\u015f \u015feyler ortaya \u00e7\u0131kacak&#8221; a\u00e7\u0131klamas\u0131nda bulundu.<\/p>\n<p><img loading=\"lazy\" decoding=\"async\" class=\"alignnone size-full wp-image-104511\" src=\"https:\/\/www.tgrthaber.com\/mavikadin\/wp-content\/uploads\/Adsiz-tasarim-2024-12-10T234932.957.jpg\" alt=\"\" width=\"1920\" height=\"1080\" title=\"\" srcset=\"https:\/\/www.tgrthaber.com\/mavikadin\/wp-content\/uploads\/Adsiz-tasarim-2024-12-10T234932.957.jpg 1920w, https:\/\/www.tgrthaber.com\/mavikadin\/wp-content\/uploads\/Adsiz-tasarim-2024-12-10T234932.957-300x169.jpg 300w, https:\/\/www.tgrthaber.com\/mavikadin\/wp-content\/uploads\/Adsiz-tasarim-2024-12-10T234932.957-1024x576.jpg 1024w, https:\/\/www.tgrthaber.com\/mavikadin\/wp-content\/uploads\/Adsiz-tasarim-2024-12-10T234932.957-768x432.jpg 768w, https:\/\/www.tgrthaber.com\/mavikadin\/wp-content\/uploads\/Adsiz-tasarim-2024-12-10T234932.957-1536x864.jpg 1536w\" sizes=\"(max-width: 1920px) 100vw, 1920px\" \/><\/p>\n<h3>A\u015eK-I MEMNU&#8217;NUN ADNAN&#8217;I SEL\u00c7UK Y\u00d6NTEM&#8217;\u0130N HAYATI BELGESEL OLUYOR!<\/h3>\n<p>Bir\u00e7ok ba\u015far\u0131l\u0131 projeye imza atan usta oyuncu Sel\u00e7uk Y\u00f6ntem\u2019in hayat\u0131 belgesele d\u00f6n\u00fc\u015ft\u00fcr\u00fcl\u00fcyor. \u0130mzas\u0131 Amirler Film&#8217;in ta\u015f\u0131d\u0131\u011f\u0131\u00a0 vemerakla beklenen belgesel Sel\u00e7uk Y\u00f6ntem ve Taro Emir Tekin\u2019in ba\u015frol\u00fcnde oldu\u011fu \u201cReflection\u201d filmine de imza atan \u00f6d\u00fcll\u00fc y\u00f6netmen \u0130lker Sava\u015fkurt yer al\u0131yor. Mehmet Kala\u2019n\u0131n senaryosunu yazd\u0131\u011f\u0131, g\u00f6r\u00fcnt\u00fc y\u00f6netmenli\u011fini ise Can Erdo\u011fant\u2019\u0131n yapt\u0131\u011f\u0131 belgeselin izlenme s\u00fcresi ortalama 100 dakikadan olu\u015facak.<\/p>\n","protected":false},"excerpt":{"rendered":"<p>Araf filminin galas\u0131na e\u015fi Kenan Do\u011fulu ile kat\u0131lan oyuncu Beren Saat, ge\u00e7ti\u011fimiz haftalarda bir araya geldi\u011fi Sel\u00e7uk Y\u00f6ntem&#8217;in belgeseli hakk\u0131nda konu\u015ftu.<\/p>\n","protected":false},"author":27,"featured_media":104520,"comment_status":"closed","ping_status":"closed","sticky":false,"template":"","format":"standard","meta":{"rank_math_lock_modified_date":false,"footnotes":""},"categories":[76],"tags":[3154,133,3139],"class_list":["post-104499","post","type-post","status-publish","format-standard","has-post-thumbnail","hentry","category-magazin","tag-beren-saat","tag-magazin","tag-selcuk-yontem"],"_links":{"self":[{"href":"https:\/\/www.tgrthaber.com\/mavikadin\/wp-json\/wp\/v2\/posts\/104499"}],"collection":[{"href":"https:\/\/www.tgrthaber.com\/mavikadin\/wp-json\/wp\/v2\/posts"}],"about":[{"href":"https:\/\/www.tgrthaber.com\/mavikadin\/wp-json\/wp\/v2\/types\/post"}],"author":[{"embeddable":true,"href":"https:\/\/www.tgrthaber.com\/mavikadin\/wp-json\/wp\/v2\/users\/27"}],"replies":[{"embeddable":true,"href":"https:\/\/www.tgrthaber.com\/mavikadin\/wp-json\/wp\/v2\/comments?post=104499"}],"version-history":[{"count":3,"href":"https:\/\/www.tgrthaber.com\/mavikadin\/wp-json\/wp\/v2\/posts\/104499\/revisions"}],"predecessor-version":[{"id":104519,"href":"https:\/\/www.tgrthaber.com\/mavikadin\/wp-json\/wp\/v2\/posts\/104499\/revisions\/104519"}],"wp:featuredmedia":[{"embeddable":true,"href":"https:\/\/www.tgrthaber.com\/mavikadin\/wp-json\/wp\/v2\/media\/104520"}],"wp:attachment":[{"href":"https:\/\/www.tgrthaber.com\/mavikadin\/wp-json\/wp\/v2\/media?parent=104499"}],"wp:term":[{"taxonomy":"category","embeddable":true,"href":"https:\/\/www.tgrthaber.com\/mavikadin\/wp-json\/wp\/v2\/categories?post=104499"},{"taxonomy":"post_tag","embeddable":true,"href":"https:\/\/www.tgrthaber.com\/mavikadin\/wp-json\/wp\/v2\/tags?post=104499"}],"curies":[{"name":"wp","href":"https:\/\/api.w.org\/{rel}","templated":true}]}}