{"id":104635,"date":"2024-12-11T11:12:29","date_gmt":"2024-12-11T08:12:29","guid":{"rendered":"https:\/\/www.tgrthaber.com\/mavikadin\/?p=104635"},"modified":"2024-12-11T11:20:22","modified_gmt":"2024-12-11T08:20:22","slug":"reynmendeki-muge-anli-krizi-altin-kelebek-odulleri-savasa-neden-oldu","status":"publish","type":"post","link":"https:\/\/www.tgrthaber.com\/mavikadin\/reynmendeki-muge-anli-krizi-altin-kelebek-odulleri-savasa-neden-oldu\/","title":{"rendered":"Reynmen&#8217;deki M\u00fcge Anl\u0131 krizi! Alt\u0131n Kelebek \u00d6d\u00fclleri sava\u015fa neden oldu"},"content":{"rendered":"<p>Reynmen&#8217;deki M\u00fcge Anl\u0131 krizi sosyal medyada g\u00fcndeme geldi. Kat\u0131ld\u0131\u011f\u0131 programda yapt\u0131\u011f\u0131 a\u00e7\u0131klamalarla dikkat \u00e7eken \u00fcnl\u00fc isim &#8220;Ben M\u00fcge Anl\u0131 sevmem&#8221; dedi.<\/p>\n<h3>REYNMEN&#8217;DEK\u0130 M\u00dcGE ANLI KR\u0130Z\u0130!<\/h3>\n<p>Kat\u0131ld\u0131\u011f\u0131 bir YouTube program\u0131nda M\u00fcge Anl\u0131 hakk\u0131nda s\u00f6yledi\u011fi s\u00f6zlerle g\u00fcndem olan Reymen sosyal medyada tart\u0131\u015fma konusu oldu.<\/p>\n<p>\u0130talya&#8217;da ge\u00e7ti\u011fimiz aylarda uzun zamand\u0131r birlikte oldu\u011fu sevgilisi Emine Cansu ile evlenen \u015fark\u0131c\u0131 YouTube&#8217;da yay\u0131nlanan bir programa konuk oldu.<\/p>\n<p>Alt\u0131n Kelebek \u00d6d\u00fcl T\u00f6reni\u2019ndeki \u00f6d\u00fcller hakk\u0131nda konu\u015fan Reynmen, d\u00fc\u015f\u00fcncelerini a\u00e7\u0131k bir \u015fekilde dile getirmekten \u00e7ekinmedi. Reymen, Anl\u0131 i\u00e7in &#8220;Ben M\u00fcge Anl\u0131 sevmem&#8221; \u015feklinde konu\u015ftu.<\/p>\n<p><img loading=\"lazy\" decoding=\"async\" class=\"alignnone wp-image-104638\" src=\"https:\/\/www.tgrthaber.com\/mavikadin\/wp-content\/uploads\/Reymen.webp\" alt=\"\" width=\"700\" height=\"329\" title=\"\" srcset=\"https:\/\/www.tgrthaber.com\/mavikadin\/wp-content\/uploads\/Reymen.webp 660w, https:\/\/www.tgrthaber.com\/mavikadin\/wp-content\/uploads\/Reymen-300x141.webp 300w\" sizes=\"(max-width: 700px) 100vw, 700px\" \/><\/p>\n<h3>&#8220;HAK EDENE VER\u0130LM\u0130YOR&#8221;<\/h3>\n<p>Reynmen yapt\u0131\u011f\u0131 a\u00e7\u0131klamada: &#8220;Hak edene verilmiyor, yalandan oras\u0131 bir podyum! \u0130nsanlar kendilerini g\u00f6stersin bir cemiyet gibi oras\u0131. Edis&#8217;i severim ama 3 sene arka arkaya Alt\u0131n Kelebek ald\u0131. Bana kal\u0131rsa \u00f6d\u00fcl\u00fc Mabel Matiz almal\u0131yd\u0131, olmaz arka arkaya on kere biri alabilir mi?&#8221; ifadelerini kulland\u0131.<\/p>\n<p><img loading=\"lazy\" decoding=\"async\" class=\"alignnone wp-image-104640\" src=\"https:\/\/www.tgrthaber.com\/mavikadin\/wp-content\/uploads\/muge-anli-2.jpg\" alt=\"\" width=\"700\" height=\"394\" title=\"\" srcset=\"https:\/\/www.tgrthaber.com\/mavikadin\/wp-content\/uploads\/muge-anli-2.jpg 1920w, https:\/\/www.tgrthaber.com\/mavikadin\/wp-content\/uploads\/muge-anli-2-300x169.jpg 300w, https:\/\/www.tgrthaber.com\/mavikadin\/wp-content\/uploads\/muge-anli-2-1024x576.jpg 1024w, https:\/\/www.tgrthaber.com\/mavikadin\/wp-content\/uploads\/muge-anli-2-768x432.jpg 768w, https:\/\/www.tgrthaber.com\/mavikadin\/wp-content\/uploads\/muge-anli-2-1536x864.jpg 1536w\" sizes=\"(max-width: 700px) 100vw, 700px\" \/><\/p>\n<h3>&#8220;BEN H\u0130\u00c7 SEVM\u0130YORUM M\u00dcGE ANLI&#8217;YI&#8221;<\/h3>\n<p>Alt\u0131n Kelebek yorumlar\u0131na devam eden Reynmen M\u00fcge Anl\u0131 hakk\u0131nda fikirlerini a\u00e7\u0131k bir \u015fekilde s\u00f6yledi. \u00dcnl\u00fc \u015fark\u0131c\u0131 Anl\u0131 i\u00e7in, &#8220;Bir tane \u00e7ocu\u011fun babas\u0131 davan\u0131n pe\u015finde ko\u015farken M\u00fcge Anl\u0131 alm\u0131yor davay\u0131&#8230; Ben hi\u00e7 sevmiyorum M\u00fcge Anl\u0131&#8217;y\u0131&#8221; derken di\u011fer yorumcular konuyu de\u011fi\u015ftirme \u00e7abas\u0131na girdi.<\/p>\n","protected":false},"excerpt":{"rendered":"<p>\u00dcnl\u00fc \u015fark\u0131c\u0131 Reymen\u2019deki M\u00fcge Anl\u0131 krizi sosyal medyada g\u00fcndem oldu. \u00dcnl\u00fc isim YouTube&#8217;da kat\u0131ld\u0131\u011f\u0131 bir programda &#8220;Ben M\u00fcge Anl\u0131 sevmem&#8221; s\u00f6zleriyle dikkat \u00e7ekti.<\/p>\n","protected":false},"author":5,"featured_media":104654,"comment_status":"closed","ping_status":"closed","sticky":false,"template":"","format":"standard","meta":{"rank_math_lock_modified_date":false,"footnotes":""},"categories":[76],"tags":[2453,3924],"class_list":["post-104635","post","type-post","status-publish","format-standard","has-post-thumbnail","hentry","category-magazin","tag-muge-anli","tag-reymen"],"_links":{"self":[{"href":"https:\/\/www.tgrthaber.com\/mavikadin\/wp-json\/wp\/v2\/posts\/104635"}],"collection":[{"href":"https:\/\/www.tgrthaber.com\/mavikadin\/wp-json\/wp\/v2\/posts"}],"about":[{"href":"https:\/\/www.tgrthaber.com\/mavikadin\/wp-json\/wp\/v2\/types\/post"}],"author":[{"embeddable":true,"href":"https:\/\/www.tgrthaber.com\/mavikadin\/wp-json\/wp\/v2\/users\/5"}],"replies":[{"embeddable":true,"href":"https:\/\/www.tgrthaber.com\/mavikadin\/wp-json\/wp\/v2\/comments?post=104635"}],"version-history":[{"count":1,"href":"https:\/\/www.tgrthaber.com\/mavikadin\/wp-json\/wp\/v2\/posts\/104635\/revisions"}],"predecessor-version":[{"id":104644,"href":"https:\/\/www.tgrthaber.com\/mavikadin\/wp-json\/wp\/v2\/posts\/104635\/revisions\/104644"}],"wp:featuredmedia":[{"embeddable":true,"href":"https:\/\/www.tgrthaber.com\/mavikadin\/wp-json\/wp\/v2\/media\/104654"}],"wp:attachment":[{"href":"https:\/\/www.tgrthaber.com\/mavikadin\/wp-json\/wp\/v2\/media?parent=104635"}],"wp:term":[{"taxonomy":"category","embeddable":true,"href":"https:\/\/www.tgrthaber.com\/mavikadin\/wp-json\/wp\/v2\/categories?post=104635"},{"taxonomy":"post_tag","embeddable":true,"href":"https:\/\/www.tgrthaber.com\/mavikadin\/wp-json\/wp\/v2\/tags?post=104635"}],"curies":[{"name":"wp","href":"https:\/\/api.w.org\/{rel}","templated":true}]}}