{"id":104778,"date":"2024-12-11T15:30:04","date_gmt":"2024-12-11T12:30:04","guid":{"rendered":"https:\/\/www.tgrthaber.com\/mavikadin\/?p=104778"},"modified":"2024-12-11T15:30:04","modified_gmt":"2024-12-11T12:30:04","slug":"sevgilisi-alfredo-di-blasiodan-oyuncu-belcim-bilgini-utandiran-iltifat","status":"publish","type":"post","link":"https:\/\/www.tgrthaber.com\/mavikadin\/sevgilisi-alfredo-di-blasiodan-oyuncu-belcim-bilgini-utandiran-iltifat\/","title":{"rendered":"Sevgilisi Alfredo Di Blasio&#8217;dan oyuncu Bel\u00e7im Bilgin&#8217;i utand\u0131ran iltifat!"},"content":{"rendered":"<p>\u2018Mutlulu\u011fun Adresi Sosyal Yard\u0131mla\u015fma Derne\u011fi\u2019nin gecesine d\u00f6rt y\u0131l boyunca beraber oldu\u011fu ve mutlu bir a\u015fk ya\u015fad\u0131klar\u0131 bilinen \u0130talyan as\u0131ll\u0131 Kanadal\u0131 yap\u0131mc\u0131 sevgilisi Alfredo Di Blasio ile beraber kat\u0131lan 41 ya\u015f\u0131ndaki oyuncu Bel\u00e7im Bilgin, bas\u0131n mensubuyla ayak\u00fcst\u00fc samimi bir sohbette bulundu.<\/p>\n<h3>OYUNCU BEL\u00c7\u0130M B\u0130LG\u0130N SEVG\u0130L\u0130S\u0130N\u0130N \u0130LT\u0130FATI KAR\u015eISINDA KIPKIRMIZI KES\u0130LD\u0130!<\/h3>\n<p>41 ya\u015f\u0131ndaki g\u00fczel oyuncu Bel\u00e7im Bilgin magazin muhabirlerin kendisine y\u00f6neltti\u011fi, \u201cKendinizi ya\u015flanm\u0131\u015f hissediyor musunuz?\u201d sorusuna kar\u015f\u0131 \u201cYa\u015f almak m\u00fcthi\u015f bir \u015fey. Ben \u00e7ok mutluyum. Trilyonlar verseniz ben geri d\u00f6nmek istemem. Kendimize \u00e7ok iyi bakarak zarif bir \u015fekilde ya\u015f almal\u0131y\u0131z. Formda ve iyi bir \u015fekilde ya\u015f almak \u00f6nemli. Zaman\u0131 geri \u00e7evirmeye gerek yok. Gelece\u011fe bak\u0131p gen\u00e7lerle bir \u015feyler payla\u015fmak \u00e7ok k\u0131ymetli.\u201d \u015feklinde cevap vermi\u015fti.<\/p>\n<p><img loading=\"lazy\" decoding=\"async\" class=\"alignnone size-full wp-image-104785\" src=\"https:\/\/www.tgrthaber.com\/mavikadin\/wp-content\/uploads\/Adsiz-tasarim-2024-12-11T152610.167.jpg\" alt=\"\" width=\"1920\" height=\"1080\" title=\"\" srcset=\"https:\/\/www.tgrthaber.com\/mavikadin\/wp-content\/uploads\/Adsiz-tasarim-2024-12-11T152610.167.jpg 1920w, https:\/\/www.tgrthaber.com\/mavikadin\/wp-content\/uploads\/Adsiz-tasarim-2024-12-11T152610.167-300x169.jpg 300w, https:\/\/www.tgrthaber.com\/mavikadin\/wp-content\/uploads\/Adsiz-tasarim-2024-12-11T152610.167-1024x576.jpg 1024w, https:\/\/www.tgrthaber.com\/mavikadin\/wp-content\/uploads\/Adsiz-tasarim-2024-12-11T152610.167-768x432.jpg 768w, https:\/\/www.tgrthaber.com\/mavikadin\/wp-content\/uploads\/Adsiz-tasarim-2024-12-11T152610.167-1536x864.jpg 1536w\" sizes=\"(max-width: 1920px) 100vw, 1920px\" \/><\/p>\n<p>G\u00fczel oyuncu Bel\u00e7im Bilgin, sevgilisi Alfredo Di Blasio\u2019nun \u201cG\u00fczel kalpli bir kad\u0131nla g\u00fczel bir ak\u015famda beraberiz. Ona bakmak benim ruhumun \u015fark\u0131 s\u00f6ylemesini sa\u011fl\u0131yor\u201d iltifat\u0131n\u0131 duyunca utand\u0131. Oyuncu Bilgin \u201cHerkese a\u015fk dolu bir y\u0131l diliyorum. A\u015fk insan\u0131 g\u00fczelle\u015ftiriyor\u201d diyerek mutlu a\u015fk hayat\u0131n\u0131 dillendirdi.<\/p>\n<h3>BEL\u00c7\u0130M B\u0130LG\u0130N \u0130LE ALFREDO D\u0130 BLAS\u0130O \u00c7\u0130FT\u0130NDEN EVL\u0130L\u0130K A\u00c7IKLAMASI!<\/h3>\n<p>Kanadal\u0131 yap\u0131mc\u0131 Alfredo Di Blasio mutlu bir a\u015fk s\u00fcrd\u00fcrd\u00fc\u011f\u00fc Bel\u00e7im Bilgin ile evlili\u011fe haz\u0131r olup olmad\u0131\u011f\u0131na y\u00f6nelik sorulan sorulara \u201cBiz zaten birbirimize \u00e7ok ba\u011fl\u0131y\u0131z. Ad\u0131n\u0131 ba\u015fka t\u00fcrl\u00fc koymakla ilgili bir derdimiz yok. Sayg\u0131 ve sevgi olsun yeter\u201d yan\u0131t\u0131n\u0131 verdi.<\/p>\n<p><img loading=\"lazy\" decoding=\"async\" class=\"alignnone size-full wp-image-104783\" src=\"https:\/\/www.tgrthaber.com\/mavikadin\/wp-content\/uploads\/Adsiz-tasarim-2024-12-11T152435.657.jpg\" alt=\"\" width=\"1920\" height=\"1080\" title=\"\" srcset=\"https:\/\/www.tgrthaber.com\/mavikadin\/wp-content\/uploads\/Adsiz-tasarim-2024-12-11T152435.657.jpg 1920w, https:\/\/www.tgrthaber.com\/mavikadin\/wp-content\/uploads\/Adsiz-tasarim-2024-12-11T152435.657-300x169.jpg 300w, https:\/\/www.tgrthaber.com\/mavikadin\/wp-content\/uploads\/Adsiz-tasarim-2024-12-11T152435.657-1024x576.jpg 1024w, https:\/\/www.tgrthaber.com\/mavikadin\/wp-content\/uploads\/Adsiz-tasarim-2024-12-11T152435.657-768x432.jpg 768w, https:\/\/www.tgrthaber.com\/mavikadin\/wp-content\/uploads\/Adsiz-tasarim-2024-12-11T152435.657-1536x864.jpg 1536w\" sizes=\"(max-width: 1920px) 100vw, 1920px\" \/><\/p>\n<p>41 ya\u015f\u0131ndaki g\u00fczel oyuncu Bel\u00e7im Bilgin de \u201cBir kad\u0131n olarak siz evlilik teklif eder misiniz?\u201d sorusuna kar\u015f\u0131l\u0131k \u201cHissedersem tabii ki ederim. Bu i\u015fin kad\u0131n\u0131, erke\u011fi yok.\u201d cevab\u0131n\u0131 vermi\u015fti. \u00dcnl\u00fc isim Bel\u00e7in Bilgim&#8217;in vermi\u015f oldu\u011fu bu ifadesinde sevdi\u011fi takdirde kad\u0131n erkek demeden her iki taraf\u0131n da evlilik teklifi edebilece\u011fine dair d\u00fc\u015f\u00fcncesi ortaya koymu\u015ftu.<\/p>\n","protected":false},"excerpt":{"rendered":"<p>\u2018Mutlulu\u011fun Adresi Sosyal Yard\u0131mla\u015fma Derne\u011fi\u2019nin gecesine d\u00f6rt y\u0131l boyunca beraber oldu\u011fu ve mutlu bir a\u015fk ya\u015fad\u0131klar\u0131 bilinen \u0130talyan as\u0131ll\u0131 Kanadal\u0131 yap\u0131mc\u0131 sevgilisi Alfredo Di Blasio ile beraber kat\u0131lan 41 ya\u015f\u0131ndaki oyuncu Bel\u00e7im Bilgin, bas\u0131n mensubuyla ayak\u00fcst\u00fc samimi bir sohbette bulundu. OYUNCU BEL\u00c7\u0130M B\u0130LG\u0130N SEVG\u0130L\u0130S\u0130N\u0130N \u0130LT\u0130FATI KAR\u015eISINDA KIPKIRMIZI KES\u0130LD\u0130! 41 ya\u015f\u0131ndaki g\u00fczel oyuncu Bel\u00e7im Bilgin magazin [&hellip;]<\/p>\n","protected":false},"author":27,"featured_media":104786,"comment_status":"closed","ping_status":"closed","sticky":false,"template":"","format":"standard","meta":{"rank_math_lock_modified_date":false,"footnotes":""},"categories":[76],"tags":[3951],"class_list":["post-104778","post","type-post","status-publish","format-standard","has-post-thumbnail","hentry","category-magazin","tag-belcim-bilgin"],"_links":{"self":[{"href":"https:\/\/www.tgrthaber.com\/mavikadin\/wp-json\/wp\/v2\/posts\/104778"}],"collection":[{"href":"https:\/\/www.tgrthaber.com\/mavikadin\/wp-json\/wp\/v2\/posts"}],"about":[{"href":"https:\/\/www.tgrthaber.com\/mavikadin\/wp-json\/wp\/v2\/types\/post"}],"author":[{"embeddable":true,"href":"https:\/\/www.tgrthaber.com\/mavikadin\/wp-json\/wp\/v2\/users\/27"}],"replies":[{"embeddable":true,"href":"https:\/\/www.tgrthaber.com\/mavikadin\/wp-json\/wp\/v2\/comments?post=104778"}],"version-history":[{"count":2,"href":"https:\/\/www.tgrthaber.com\/mavikadin\/wp-json\/wp\/v2\/posts\/104778\/revisions"}],"predecessor-version":[{"id":104791,"href":"https:\/\/www.tgrthaber.com\/mavikadin\/wp-json\/wp\/v2\/posts\/104778\/revisions\/104791"}],"wp:featuredmedia":[{"embeddable":true,"href":"https:\/\/www.tgrthaber.com\/mavikadin\/wp-json\/wp\/v2\/media\/104786"}],"wp:attachment":[{"href":"https:\/\/www.tgrthaber.com\/mavikadin\/wp-json\/wp\/v2\/media?parent=104778"}],"wp:term":[{"taxonomy":"category","embeddable":true,"href":"https:\/\/www.tgrthaber.com\/mavikadin\/wp-json\/wp\/v2\/categories?post=104778"},{"taxonomy":"post_tag","embeddable":true,"href":"https:\/\/www.tgrthaber.com\/mavikadin\/wp-json\/wp\/v2\/tags?post=104778"}],"curies":[{"name":"wp","href":"https:\/\/api.w.org\/{rel}","templated":true}]}}