{"id":104779,"date":"2024-12-11T16:22:43","date_gmt":"2024-12-11T13:22:43","guid":{"rendered":"https:\/\/www.tgrthaber.com\/mavikadin\/?p=104779"},"modified":"2024-12-11T16:34:44","modified_gmt":"2024-12-11T13:34:44","slug":"burak-celike-soguk-islemedi-aralik-ayinin-buz-gibi-havasinda-denize-girdi","status":"publish","type":"post","link":"https:\/\/www.tgrthaber.com\/mavikadin\/burak-celike-soguk-islemedi-aralik-ayinin-buz-gibi-havasinda-denize-girdi\/","title":{"rendered":"Burak \u00c7elik&#8217;e so\u011fuk i\u015flemedi! Aral\u0131k ay\u0131n\u0131n buz gibi havas\u0131nda denize girdi"},"content":{"rendered":"<p>Son olarak Kurtulu\u015f Osman&#8217;da oynayan Burak \u00c7elik nefes kesti. Aral\u0131k ay\u0131n\u0131n buz gibi so\u011fu\u011funda kendini denize atan \u00c7elik, o anlar\u0131 sosyal medya hesab\u0131ndan payla\u015ft\u0131. Hayranlar\u0131 g\u00f6nderinin alt\u0131na yorum ya\u011fd\u0131rd\u0131.<\/p>\n<h3>BURAK \u00c7EL\u0130K ARALIK AYINDA SO\u011eUK SUYA DALDI!<\/h3>\n<p>Yak\u0131\u015f\u0131kl\u0131 oyuncu, \u0130stanbul Beykoz&#8217;da bulunan Anadolu Feneri&#8217;nde dalg\u0131\u00e7 k\u0131yafetiyle birlikte y\u00fczd\u00fc. Aral\u0131k ay\u0131nda so\u011fuk havaya ra\u011fmen dalg\u0131\u00e7 k\u0131yafetiyle birlikte y\u00fczen oyuncu halinden memnundu. 32 ya\u015f\u0131ndaki oyuncu Kurulu\u015f Osman&#8217;dan \u00f6nce Hayat Sevince G\u00fczel ve Karag\u00fcl dizilerinde oynad\u0131.<\/p>\n<div style=\"width: 640px;\" class=\"wp-video\"><!--[if lt IE 9]><script>document.createElement('video');<\/script><![endif]-->\n<video class=\"wp-video-shortcode\" id=\"video-104779-1\" width=\"640\" height=\"640\" preload=\"metadata\" controls=\"controls\"><source type=\"video\/mp4\" src=\"https:\/\/www.tgrthaber.com\/mavikadin\/wp-content\/uploads\/Kahverengi-Sade-Zarif-Kucuk-Isletme-Kuafor-Instagram-Video-12.mp4?_=1\" \/><a href=\"https:\/\/www.tgrthaber.com\/mavikadin\/wp-content\/uploads\/Kahverengi-Sade-Zarif-Kucuk-Isletme-Kuafor-Instagram-Video-12.mp4\">https:\/\/www.tgrthaber.com\/mavikadin\/wp-content\/uploads\/Kahverengi-Sade-Zarif-Kucuk-Isletme-Kuafor-Instagram-Video-12.mp4<\/a><\/video><\/div>\n<p>\u00c7elik, magazin d\u00fcnyas\u0131ndan uzak durmaya \u00e7al\u0131\u015ft\u0131\u011f\u0131n\u0131 daha \u00f6ncede ifade etti. Muhafazakar bir ailenin o\u011flu olan yak\u0131\u015f\u0131kl\u0131 oyuncu, 2013 y\u0131l\u0131nda Ay\u015fenur \u00d6zkan ile evlendi. \u00c7ift 2015 y\u0131l\u0131nda bo\u015fand\u0131. Best Model yar\u0131\u015fmas\u0131nda tan\u0131\u015fan ikili akabinde evlenmi\u015fti. Ancak evlili\u011fi y\u00fcr\u00fctemediklerinden sessiz sedas\u0131z bo\u015fand\u0131.<\/p>\n<h3>KARDE\u015e\u0130YLE OLAN BENZERL\u0130\u011e\u0130 \u015eA\u015eIRTTI<\/h3>\n<p>\u00c7elik, arkada\u015flar\u0131yla beraber y\u00fczmeye gitti. Erkek karde\u015fi Emirhan&#8217;\u0131 payla\u015fan \u00c7elik&#8217;in karde\u015fiyle olan inan\u0131lmaz benzerli\u011fi \u015fa\u015f\u0131rtt\u0131.<\/p>\n<p>&nbsp;<\/p>\n<p><img loading=\"lazy\" decoding=\"async\" class=\"alignnone size-large wp-image-104848\" src=\"https:\/\/www.tgrthaber.com\/mavikadin\/wp-content\/uploads\/Purple-Aesthetic-Watercolor-Zoom-Virtual-Background-11-3-1024x576.png\" alt=\"\" width=\"640\" height=\"360\" title=\"\" srcset=\"https:\/\/www.tgrthaber.com\/mavikadin\/wp-content\/uploads\/Purple-Aesthetic-Watercolor-Zoom-Virtual-Background-11-3-1024x576.png 1024w, https:\/\/www.tgrthaber.com\/mavikadin\/wp-content\/uploads\/Purple-Aesthetic-Watercolor-Zoom-Virtual-Background-11-3-300x169.png 300w, https:\/\/www.tgrthaber.com\/mavikadin\/wp-content\/uploads\/Purple-Aesthetic-Watercolor-Zoom-Virtual-Background-11-3-768x432.png 768w, https:\/\/www.tgrthaber.com\/mavikadin\/wp-content\/uploads\/Purple-Aesthetic-Watercolor-Zoom-Virtual-Background-11-3.png 1280w\" sizes=\"(max-width: 640px) 100vw, 640px\" \/><\/p>\n","protected":false},"excerpt":{"rendered":"<p>Son olarak Kurtulu\u015f Osman&#8217;da oynayan Burak \u00c7elik nefes kesti. Aral\u0131k ay\u0131n\u0131n buz gibi so\u011fu\u011funda kendini denize atan \u00c7elik, o anlar\u0131 sosyal medya hesab\u0131ndan payla\u015ft\u0131. Hayranlar\u0131 g\u00f6nderinin alt\u0131na yorum ya\u011fd\u0131rd\u0131.\u00a0<\/p>\n","protected":false},"author":28,"featured_media":104841,"comment_status":"closed","ping_status":"closed","sticky":false,"template":"","format":"standard","meta":{"rank_math_lock_modified_date":false,"footnotes":""},"categories":[76],"tags":[3960,133],"class_list":["post-104779","post","type-post","status-publish","format-standard","has-post-thumbnail","hentry","category-magazin","tag-burak-celik","tag-magazin"],"_links":{"self":[{"href":"https:\/\/www.tgrthaber.com\/mavikadin\/wp-json\/wp\/v2\/posts\/104779"}],"collection":[{"href":"https:\/\/www.tgrthaber.com\/mavikadin\/wp-json\/wp\/v2\/posts"}],"about":[{"href":"https:\/\/www.tgrthaber.com\/mavikadin\/wp-json\/wp\/v2\/types\/post"}],"author":[{"embeddable":true,"href":"https:\/\/www.tgrthaber.com\/mavikadin\/wp-json\/wp\/v2\/users\/28"}],"replies":[{"embeddable":true,"href":"https:\/\/www.tgrthaber.com\/mavikadin\/wp-json\/wp\/v2\/comments?post=104779"}],"version-history":[{"count":5,"href":"https:\/\/www.tgrthaber.com\/mavikadin\/wp-json\/wp\/v2\/posts\/104779\/revisions"}],"predecessor-version":[{"id":104851,"href":"https:\/\/www.tgrthaber.com\/mavikadin\/wp-json\/wp\/v2\/posts\/104779\/revisions\/104851"}],"wp:featuredmedia":[{"embeddable":true,"href":"https:\/\/www.tgrthaber.com\/mavikadin\/wp-json\/wp\/v2\/media\/104841"}],"wp:attachment":[{"href":"https:\/\/www.tgrthaber.com\/mavikadin\/wp-json\/wp\/v2\/media?parent=104779"}],"wp:term":[{"taxonomy":"category","embeddable":true,"href":"https:\/\/www.tgrthaber.com\/mavikadin\/wp-json\/wp\/v2\/categories?post=104779"},{"taxonomy":"post_tag","embeddable":true,"href":"https:\/\/www.tgrthaber.com\/mavikadin\/wp-json\/wp\/v2\/tags?post=104779"}],"curies":[{"name":"wp","href":"https:\/\/api.w.org\/{rel}","templated":true}]}}