{"id":105032,"date":"2024-12-11T21:53:06","date_gmt":"2024-12-11T18:53:06","guid":{"rendered":"https:\/\/www.tgrthaber.com\/mavikadin\/?p=105032"},"modified":"2024-12-11T21:53:06","modified_gmt":"2024-12-11T18:53:06","slug":"suleyman-sah-turbesi-neden-tasindi-suleyman-sah-turbesi-nerede-turk-mudur-hayati-arastiriliyor","status":"publish","type":"post","link":"https:\/\/www.tgrthaber.com\/mavikadin\/suleyman-sah-turbesi-neden-tasindi-suleyman-sah-turbesi-nerede-turk-mudur-hayati-arastiriliyor\/","title":{"rendered":"S\u00fcleyman \u015eah t\u00fcrbesi neden ta\u015f\u0131nd\u0131? S\u00fcleyman \u015eah t\u00fcrbesi nerede, T\u00fcrk m\u00fcd\u00fcr? Hayat\u0131 ara\u015ft\u0131r\u0131l\u0131yor!"},"content":{"rendered":"<p class=\"p1\">Tarihin derinliklerinden g\u00fcn\u00fcm\u00fcze kadar ula\u015fan S\u00fcleyman \u015eah T\u00fcrbesi, T\u00fcrk milletinin k\u00f6klerine ve ge\u00e7mi\u015fine olan ba\u011f\u0131n\u0131 simgeliyor. Bu tarihi yap\u0131n\u0131n hikayesi, Osmanl\u0131 \u0130mparatorlu\u011fu&#8217;nun temellerini atan \u00f6nemli bir fig\u00fcr olan S\u00fcleyman \u015eah\u2019\u0131n hayat\u0131na dayan\u0131yor. Peki, bu t\u00fcrbe nerede bulunuyor ve neden ta\u015f\u0131nd\u0131? S\u00fcleyman \u015eah kimdir? T\u00fcrbenin ta\u015f\u0131nma s\u00fcreci, hem b\u00f6lgesel hem de uluslararas\u0131 anlamda \u00f6nemli bir olay oldu. T\u00fcrk tarihinin bu de\u011ferli par\u00e7as\u0131 nereye ta\u015f\u0131nd\u0131? Gelin, S\u00fcleyman \u015eah\u2019\u0131n hayat\u0131na ve t\u00fcrbesinin hikayesine daha yak\u0131ndan bakal\u0131m.<\/p>\n<h3 class=\"p1\">S\u00dcLEYMAN \u015eAH T\u00dcRBES\u0130 NEDEN TA\u015eINDI?<\/h3>\n<p class=\"p1\">S\u00fcleyman \u015eah T\u00fcrbesi&#8217;nin ta\u015f\u0131nmas\u0131n\u0131n temel nedeni, 2011 y\u0131l\u0131nda Suriye&#8217;de ba\u015flayan i\u00e7 sava\u015f\u0131n neden oldu\u011fu g\u00fcvenlik tehditleriydi. Bu i\u00e7 sava\u015f, b\u00f6lgedeki durumun h\u0131zla k\u00f6t\u00fcle\u015fmesine ve \u00e7at\u0131\u015fmalar\u0131n yo\u011funla\u015ft\u0131\u011f\u0131 alanlar\u0131n t\u00fcrbenin bulundu\u011fu b\u00f6lgeyi de kapsamas\u0131na neden oldu. S\u00fcleyman \u015eah T\u00fcrbesi, T\u00fcrk milletinin tarihi ve k\u00fclt\u00fcrel miras\u0131 a\u00e7\u0131s\u0131ndan b\u00fcy\u00fck bir \u00f6neme sahipti ve Suriye&#8217;deki sava\u015f\u0131n do\u011frudan etkisiyle g\u00fcvenli\u011fi tehlikeye girdi.<\/p>\n<p><img loading=\"lazy\" decoding=\"async\" class=\"alignnone wp-image-105046 \" src=\"https:\/\/www.tgrthaber.com\/mavikadin\/wp-content\/uploads\/Ekran-Resmi-2024-12-11-21.47.10.png\" alt=\"s\u00fcleyman \u015fah\" width=\"979\" height=\"677\" title=\"\" srcset=\"https:\/\/www.tgrthaber.com\/mavikadin\/wp-content\/uploads\/Ekran-Resmi-2024-12-11-21.47.10.png 842w, https:\/\/www.tgrthaber.com\/mavikadin\/wp-content\/uploads\/Ekran-Resmi-2024-12-11-21.47.10-300x207.png 300w, https:\/\/www.tgrthaber.com\/mavikadin\/wp-content\/uploads\/Ekran-Resmi-2024-12-11-21.47.10-768x531.png 768w\" sizes=\"(max-width: 979px) 100vw, 979px\" \/><\/p>\n<p class=\"p1\">T\u00fcrbenin bulundu\u011fu b\u00f6lge, \u00f6zellikle ter\u00f6r \u00f6rg\u00fctleri ve silahl\u0131 gruplar\u0131n etkin oldu\u011fu bir alanda yer al\u0131yordu. Bu durum, t\u00fcrbeyi koruma g\u00f6revini olduk\u00e7a zorla\u015ft\u0131rm\u0131\u015f ve g\u00fcvenlik a\u00e7\u0131s\u0131ndan ciddi riskler do\u011furmu\u015ftu. T\u00fcrkiye, bu tehditleri g\u00f6z \u00f6n\u00fcnde bulundurarak, t\u00fcrbenin ve t\u00fcrbedeki askeri birli\u011fin g\u00fcvenli\u011fini sa\u011flamak ad\u0131na harekete ge\u00e7mek zorunda kald\u0131.<\/p>\n<h3 class=\"p1\">S\u00dcLEYMAN \u015eAH T\u00dcRBES\u0130 NEREYE TA\u015eINDI?<\/h3>\n<p class=\"p1\">S\u00fcleyman \u015eah T\u00fcrbesi, T\u00fcrk milletinin tarihindeki \u00f6nemli bir simge ve k\u00fclt\u00fcrel miras olarak, y\u0131llar boyunca T\u00fcrkiye i\u00e7in b\u00fcy\u00fck bir anlam ta\u015f\u0131d\u0131. Ancak 2015 y\u0131l\u0131nda, Suriye&#8217;deki i\u00e7 sava\u015f\u0131n getirdi\u011fi g\u00fcvenlik tehditleri nedeniyle, t\u00fcrbenin bulundu\u011fu yerin ta\u015f\u0131nmas\u0131 kararla\u015ft\u0131r\u0131ld\u0131. Bu karar, hem tarihi miras\u0131 koruma hem de T\u00fcrkiye\u2019nin ulusal g\u00fcvenli\u011fini sa\u011flama amac\u0131 g\u00fcderek al\u0131nd\u0131.<\/p>\n<p class=\"p1\">S\u00fcleyman \u015eah T\u00fcrbesi, 1970&#8217;li y\u0131llara kadar, Suriye\u2019nin Halep iline ba\u011fl\u0131, T\u00fcrk s\u0131n\u0131r\u0131n\u0131n hemen \u00f6tesinde yer alan ve S\u00fcleyman \u015eah\u2019\u0131n mezar\u0131n\u0131n bulundu\u011fu b\u00f6lgedeydi. Ancak Suriye&#8217;deki i\u00e7 sava\u015f\u0131n patlak vermesiyle birlikte, bu b\u00f6lge giderek daha da tehlikeli bir hale gelmi\u015fti. T\u00fcrkiye i\u00e7in kritik bir noktada bulunan bu t\u00fcrbe, b\u00f6lgedeki silahl\u0131 \u00e7at\u0131\u015fmalar ve ter\u00f6r \u00f6rg\u00fctlerinin varl\u0131\u011f\u0131 nedeniyle ciddi bir tehdit alt\u0131na girmi\u015fti.<\/p>\n<p class=\"p1\">2015 y\u0131l\u0131nda al\u0131nan karar do\u011frultusunda, T\u00fcrkiye Cumhuriyeti, S\u00fcleyman \u015eah T\u00fcrbesi\u2019ni ge\u00e7ici olarak Suriye\u2019nin E\u015fme k\u00f6y\u00fcne ta\u015f\u0131maya karar verdi. E\u015fme k\u00f6y\u00fc, T\u00fcrkiye s\u0131n\u0131r\u0131na yaln\u0131zca 180 metre mesafede olup, bu stratejik yerle\u015fim noktas\u0131, hem t\u00fcrbenin g\u00fcvenli\u011fini sa\u011flamak hem de T\u00fcrkiye\u2019ye daha yak\u0131n bir konumda tutmak ad\u0131na olduk\u00e7a uygun bir yer olarak belirlendi. Bu ta\u015f\u0131ma i\u015flemi, T\u00fcrk Silahl\u0131 Kuvvetleri&#8217;nin b\u00fcy\u00fck bir operasyonla ger\u00e7ekle\u015ftirildi ve t\u00fcrbe, g\u00fcvenli bir \u015fekilde yeni yerine nakledildi.<\/p>\n<p><img loading=\"lazy\" decoding=\"async\" class=\"alignnone wp-image-105048 size-full\" src=\"https:\/\/www.tgrthaber.com\/mavikadin\/wp-content\/uploads\/Ekran-Resmi-2024-12-11-21.47.26.png\" alt=\"s\u00fcleyman \u015fah t\u00fcrbesi \" width=\"1072\" height=\"624\" title=\"\" srcset=\"https:\/\/www.tgrthaber.com\/mavikadin\/wp-content\/uploads\/Ekran-Resmi-2024-12-11-21.47.26.png 1072w, https:\/\/www.tgrthaber.com\/mavikadin\/wp-content\/uploads\/Ekran-Resmi-2024-12-11-21.47.26-300x175.png 300w, https:\/\/www.tgrthaber.com\/mavikadin\/wp-content\/uploads\/Ekran-Resmi-2024-12-11-21.47.26-1024x596.png 1024w, https:\/\/www.tgrthaber.com\/mavikadin\/wp-content\/uploads\/Ekran-Resmi-2024-12-11-21.47.26-768x447.png 768w\" sizes=\"(max-width: 1072px) 100vw, 1072px\" \/><\/p>\n<p class=\"p1\">Bu ta\u015f\u0131nma i\u015flemi, sadece bir fiziksel yer de\u011fi\u015fikli\u011finden ibaret de\u011fildi; ayn\u0131 zamanda T\u00fcrkiye\u2019nin ulusal g\u00fcvenli\u011fini g\u00f6zeterek yap\u0131lan \u00f6nemli bir hamleydi. T\u00fcrk askeri, t\u00fcrbenin ta\u015f\u0131nmas\u0131 s\u0131ras\u0131nda b\u00fcy\u00fck bir titizlikle hareket etti. Bu s\u00fcre\u00e7, b\u00f6lgedeki g\u00fcvenlik risklerini minimize ederken, ayn\u0131 zamanda tarih\u00ee ve k\u00fclt\u00fcrel miras\u0131n korunmas\u0131na da katk\u0131 sa\u011flad\u0131. S\u00fcleyman \u015eah T\u00fcrbesi\u2019nin ta\u015f\u0131nmas\u0131, T\u00fcrk h\u00fck\u00fcmetinin ve T\u00fcrk Silahl\u0131 Kuvvetleri\u2019nin ulusal \u00e7\u0131karlar\u0131 do\u011frultusunda ne kadar hassas ve dikkatli bir yakla\u015f\u0131m sergiledi\u011fini bir kez daha g\u00f6zler \u00f6n\u00fcne serdi.<\/p>\n<p class=\"p1\">Bug\u00fcn, S\u00fcleyman \u015eah T\u00fcrbesi E\u015fme k\u00f6y\u00fcnde, g\u00fcvenli bir b\u00f6lgede ve T\u00fcrk askeri korumas\u0131 alt\u0131nda bulunmaktad\u0131r. T\u00fcrbenin ta\u015f\u0131nmas\u0131yla, hem T\u00fcrk milletinin tarih\u00ee miras\u0131 g\u00fcvence alt\u0131na al\u0131nm\u0131\u015f oldu hem de b\u00f6lgedeki g\u00fcvenlik sa\u011fland\u0131. Ancak bu ad\u0131m, T\u00fcrk halk\u0131n\u0131n tarihine duydu\u011fu derin sayg\u0131n\u0131n bir g\u00f6stergesi olman\u0131n \u00f6tesinde, b\u00f6lgesel g\u00fcvenlik ve ulusal \u00e7\u0131karlar\u0131 koruma ad\u0131na at\u0131lm\u0131\u015f \u00f6nemli bir ad\u0131m olarak tarihe ge\u00e7mi\u015ftir. S\u00fcleyman \u015eah T\u00fcrbesi\u2019nin E\u015fme k\u00f6y\u00fcndeki yeni yeri, hem T\u00fcrk milletinin k\u00fclt\u00fcrel ge\u00e7mi\u015fine sahip \u00e7\u0131kma hem de bu miras\u0131 gelecek nesillere aktarma amac\u0131n\u0131 ta\u015f\u0131maktad\u0131r.<\/p>\n<h3>S\u00dcLEYMAN \u015eAH T\u00dcRK M\u00dcD\u00dcR?<\/h3>\n<p class=\"p1\">S\u00fcleyman \u015eah, O\u011fuz T\u00fcrkleri&#8217;nin Kay\u0131 Boyu&#8217;na mensup \u00f6nemli bir fig\u00fcrd\u00fcr. Do\u011fum yeri ve tarihi hakk\u0131nda net bilgiler bulunmamakla birlikte, 12. y\u00fczy\u0131l\u0131n sonlar\u0131na do\u011fru d\u00fcnyaya geldi\u011fi ve Kay\u0131 Boyu&#8217;nun lideri oldu\u011fu bilinmektedir. Mo\u011fol h\u00fck\u00fcmdar\u0131 Cengiz Han\u2019\u0131n Orta Asya\u2019daki geni\u015flemeleri, S\u00fcleyman \u015eah ve boyunu bat\u0131ya do\u011fru g\u00f6\u00e7 etmeye zorlam\u0131\u015ft\u0131r. Bu g\u00f6\u00e7, Orta Asya&#8217;dan Anadolu&#8217;ya kadar s\u00fcren bir yolculu\u011fun ilk ad\u0131m\u0131d\u0131r. S\u00fcleyman \u015eah, bu d\u00f6nemdeki zorlu \u015fartlar alt\u0131nda boyunu y\u00f6neten bir lider olarak tarih sahnesine \u00e7\u0131km\u0131\u015ft\u0131r.<\/p>\n<p><img loading=\"lazy\" decoding=\"async\" class=\"alignnone wp-image-105049 \" src=\"https:\/\/www.tgrthaber.com\/mavikadin\/wp-content\/uploads\/Ekran-Resmi-2024-12-11-21.47.37.png\" alt=\"\" width=\"972\" height=\"549\" title=\"\" srcset=\"https:\/\/www.tgrthaber.com\/mavikadin\/wp-content\/uploads\/Ekran-Resmi-2024-12-11-21.47.37.png 928w, https:\/\/www.tgrthaber.com\/mavikadin\/wp-content\/uploads\/Ekran-Resmi-2024-12-11-21.47.37-300x169.png 300w, https:\/\/www.tgrthaber.com\/mavikadin\/wp-content\/uploads\/Ekran-Resmi-2024-12-11-21.47.37-768x434.png 768w\" sizes=\"(max-width: 972px) 100vw, 972px\" \/><\/p>\n<h3>S\u00dcLEYMAN \u015eAH K\u0130MD\u0130R?<\/h3>\n<p class=\"p1\">S\u00fcleyman \u015eah, T\u00fcrk tarihinde \u00f6nemli bir fig\u00fcrd\u00fcr ve Osmanl\u0131 \u0130mparatorlu\u011fu&#8217;nun temellerinin at\u0131lmas\u0131nda b\u00fcy\u00fck bir rol oynam\u0131\u015ft\u0131r. 13. y\u00fczy\u0131lda ya\u015fam\u0131\u015f olan S\u00fcleyman \u015eah, Sel\u00e7uklu Devleti&#8217;ne ba\u011fl\u0131 bir T\u00fcrkmen boyunun lideriydi. O, Osmanl\u0131 Devleti&#8217;nin kurucusu Osman Gazi&#8217;nin dedesi olan Ertu\u011frul Gazi&#8217;nin babas\u0131d\u0131r. Ertu\u011frul Gazi, Osmanl\u0131&#8217;n\u0131n temellerini atarken, S\u00fcleyman \u015eah da bu s\u00fcrecin ba\u015flang\u0131c\u0131nda b\u00fcy\u00fck bir \u00f6neme sahipti.<\/p>\n<p class=\"p1\">S\u00fcleyman \u015eah&#8217;\u0131n hayat\u0131, T\u00fcrk boylar\u0131n\u0131n bat\u0131ya do\u011fru g\u00f6\u00e7 etti\u011fi, Anadolu&#8217;nun kap\u0131lar\u0131n\u0131n a\u00e7\u0131ld\u0131\u011f\u0131 bir d\u00f6neme denk gelir. O, Bizans \u0130mparatorlu\u011fu ve di\u011fer b\u00f6lgedeki g\u00fc\u00e7lerle olan m\u00fccadeleleriyle tan\u0131nm\u0131\u015f, ayn\u0131 zamanda T\u00fcrklerin Anadolu&#8217;ya yerle\u015fmesinde \u00f6nemli bir rol \u00fcstlenmi\u015ftir. S\u00fcleyman \u015eah&#8217;\u0131n ad\u0131, bir\u00e7ok kaynakta &#8220;Osmanl\u0131lar\u0131n atas\u0131&#8221; olarak an\u0131lmakta ve onun soyundan gelen Osmanl\u0131 sultanlar\u0131n\u0131n g\u00fcc\u00fcn\u00fc simgelemektedir.<\/p>\n<p><img loading=\"lazy\" decoding=\"async\" class=\"alignnone wp-image-105050 \" src=\"https:\/\/www.tgrthaber.com\/mavikadin\/wp-content\/uploads\/Ekran-Resmi-2024-12-11-21.47.17.png\" alt=\"\" width=\"986\" height=\"554\" title=\"\" srcset=\"https:\/\/www.tgrthaber.com\/mavikadin\/wp-content\/uploads\/Ekran-Resmi-2024-12-11-21.47.17.png 958w, https:\/\/www.tgrthaber.com\/mavikadin\/wp-content\/uploads\/Ekran-Resmi-2024-12-11-21.47.17-300x168.png 300w, https:\/\/www.tgrthaber.com\/mavikadin\/wp-content\/uploads\/Ekran-Resmi-2024-12-11-21.47.17-768x431.png 768w\" sizes=\"(max-width: 986px) 100vw, 986px\" \/><\/p>\n<p class=\"p1\">S\u00fcleyman \u015eah, ayn\u0131 zamanda bir sava\u015f\u00e7\u0131 ve lider olarak da dikkat \u00e7eker. T\u00fcrklerin bat\u0131ya do\u011fru ilerlemesinde, S\u00fcleyman \u015eah&#8217;\u0131n cesareti ve liderli\u011fi b\u00fcy\u00fck \u00f6nem ta\u015f\u0131m\u0131\u015ft\u0131r. O, hem askeri hem de y\u00f6netici olarak g\u00f6sterdi\u011fi ba\u015far\u0131larla halk\u0131 taraf\u0131ndan sevilen ve sayg\u0131 duyulan bir fig\u00fcrd\u00fcr. \u00d6l\u00fcm\u00fcnden sonra, S\u00fcleyman \u015eah\u2019\u0131n t\u00fcrbesi, T\u00fcrk milletinin manevi miras\u0131 olarak kalm\u0131\u015f ve y\u0131llar boyu an\u0131lmaya devam etmi\u015ftir. S\u00fcleyman \u015eah, T\u00fcrk milletinin tarihindeki \u00f6nemli bir simge olarak her zaman hat\u0131rlanacakt\u0131r.<\/p>\n","protected":false},"excerpt":{"rendered":"<p>S\u00fcleyman \u015eah T\u00fcrbesi, T\u00fcrk milletinin tarihine ve k\u00f6klerine olan derin ba\u011fl\u0131l\u0131\u011f\u0131n\u0131 simgeleyen \u00f6nemli bir yap\u0131d\u0131r. Osmanl\u0131 \u0130mparatorlu\u011fu&#8217;nun temellerini atan S\u00fcleyman \u015eah\u2019\u0131n an\u0131s\u0131na in\u015fa edilen bu t\u00fcrbe, sadece bir mezar de\u011fil, ayn\u0131 zamanda T\u00fcrk k\u00fclt\u00fcr\u00fcn\u00fcn ve ge\u00e7mi\u015finin \u00f6nemli bir par\u00e7as\u0131 olarak kabul edilmektedir. Peki, bu t\u00fcrbe neden ta\u015f\u0131nd\u0131 ve S\u00fcleyman \u015eah kimdir? \u0130\u015fte cevab\u0131\u2026 <\/p>\n","protected":false},"author":16,"featured_media":105053,"comment_status":"closed","ping_status":"closed","sticky":false,"template":"","format":"standard","meta":{"rank_math_lock_modified_date":false,"footnotes":""},"categories":[78],"tags":[3998,3997],"class_list":["post-105032","post","type-post","status-publish","format-standard","has-post-thumbnail","hentry","category-yasam","tag-suleyman-sah-tubesi-nereye-tasindi","tag-suleyman-sah-turbesi-neden-tasindi"],"_links":{"self":[{"href":"https:\/\/www.tgrthaber.com\/mavikadin\/wp-json\/wp\/v2\/posts\/105032"}],"collection":[{"href":"https:\/\/www.tgrthaber.com\/mavikadin\/wp-json\/wp\/v2\/posts"}],"about":[{"href":"https:\/\/www.tgrthaber.com\/mavikadin\/wp-json\/wp\/v2\/types\/post"}],"author":[{"embeddable":true,"href":"https:\/\/www.tgrthaber.com\/mavikadin\/wp-json\/wp\/v2\/users\/16"}],"replies":[{"embeddable":true,"href":"https:\/\/www.tgrthaber.com\/mavikadin\/wp-json\/wp\/v2\/comments?post=105032"}],"version-history":[{"count":1,"href":"https:\/\/www.tgrthaber.com\/mavikadin\/wp-json\/wp\/v2\/posts\/105032\/revisions"}],"predecessor-version":[{"id":105054,"href":"https:\/\/www.tgrthaber.com\/mavikadin\/wp-json\/wp\/v2\/posts\/105032\/revisions\/105054"}],"wp:featuredmedia":[{"embeddable":true,"href":"https:\/\/www.tgrthaber.com\/mavikadin\/wp-json\/wp\/v2\/media\/105053"}],"wp:attachment":[{"href":"https:\/\/www.tgrthaber.com\/mavikadin\/wp-json\/wp\/v2\/media?parent=105032"}],"wp:term":[{"taxonomy":"category","embeddable":true,"href":"https:\/\/www.tgrthaber.com\/mavikadin\/wp-json\/wp\/v2\/categories?post=105032"},{"taxonomy":"post_tag","embeddable":true,"href":"https:\/\/www.tgrthaber.com\/mavikadin\/wp-json\/wp\/v2\/tags?post=105032"}],"curies":[{"name":"wp","href":"https:\/\/api.w.org\/{rel}","templated":true}]}}