{"id":105076,"date":"2024-12-11T23:12:19","date_gmt":"2024-12-11T20:12:19","guid":{"rendered":"https:\/\/www.tgrthaber.com\/mavikadin\/?p=105076"},"modified":"2024-12-11T23:20:09","modified_gmt":"2024-12-11T20:20:09","slug":"halil-ibrahim-ceyhanin-biyografisi-merak-edildi-ilk-esi-kimdir-kac-yasinda-kimin-akrabasi","status":"publish","type":"post","link":"https:\/\/www.tgrthaber.com\/mavikadin\/halil-ibrahim-ceyhanin-biyografisi-merak-edildi-ilk-esi-kimdir-kac-yasinda-kimin-akrabasi\/","title":{"rendered":"Halil \u0130brahim Ceyhan&#8217;\u0131n biyografisi merak edildi! \u0130lk e\u015fi kimdir, ka\u00e7 ya\u015f\u0131nda, kimin akrabas\u0131?"},"content":{"rendered":"<p class=\"p1\">NOW TV&#8217;de yay\u0131nlanan &#8220;Leyla&#8221; dizisinde Tufo karakteriyle b\u00fcy\u00fck be\u011feni toplayan Halil \u0130brahim Ceyhan, oyunculuk kariyerinde h\u0131zla y\u00fckselerek ad\u0131ndan s\u00f6z ettiriyor. Gen\u00e7 ve yetenekli oyuncunun hayat\u0131, hem oynad\u0131\u011f\u0131 dizilerdeki ba\u015far\u0131s\u0131 hem de ki\u015fisel ya\u015fam\u0131 nedeniyle s\u0131k\u00e7a ara\u015ft\u0131r\u0131l\u0131yor. Peki, Halil \u0130brahim Ceyhan kimdir? \u0130lk e\u015fi kimdir? Ka\u00e7 ya\u015f\u0131nda ve kimlerin akrabas\u0131? \u0130\u015fte merak edilen sorular\u0131n detayl\u0131 cevab\u0131\u2026<span class=\"Apple-converted-space\">\u00a0<\/span><\/p>\n<h3 class=\"p1\">HAL\u0130L \u0130BRAH\u0130M CEYHAN K\u0130MD\u0130R?<\/h3>\n<p class=\"p1\">Halil \u0130brahim Ceyhan, 1986 y\u0131l\u0131nda \u0130stanbul\u2019da d\u00fcnyaya gelmi\u015ftir. 1.80 boyunda ve 76 kilodur. Gen\u00e7 ya\u015fta sahneye ad\u0131m atan Ceyhan, 2007 y\u0131l\u0131nda Best Model of Turkey yar\u0131\u015fmas\u0131na kat\u0131larak ad\u0131n\u0131 duyurmaya ba\u015flad\u0131. Bu yar\u0131\u015fma, onun sadece modellik kariyerine de\u011fil, m\u00fczikle olan ba\u011f\u0131n\u0131 da g\u00fc\u00e7lendirdi. \u0130lk single&#8217;\u0131 olan &#8220;Kaybettim&#8221;i piyasaya s\u00fcrerek m\u00fczik d\u00fcnyas\u0131nda da ad\u0131m atm\u0131\u015f oldu. M\u00fczik kariyerinin yan\u0131 s\u0131ra, Halil \u0130brahim Ceyhan s\u00f6z yazarl\u0131\u011f\u0131 yaparak Serdar Orta\u00e7 ve O\u011fuz Berkay Fidan gibi \u00fcnl\u00fc sanat\u00e7\u0131lara \u015fark\u0131 s\u00f6zleri verdi. 2019 y\u0131l\u0131nda kendisine ait s\u00f6z ve m\u00fczi\u011fiyle \u00e7\u0131kard\u0131\u011f\u0131 &#8220;Kendini Bana B\u0131rak&#8221; adl\u0131 par\u00e7as\u0131, YouTube&#8217;da 2 milyona yak\u0131n dinlenerek b\u00fcy\u00fck bir be\u011feni toplad\u0131.<\/p>\n<p><img loading=\"lazy\" decoding=\"async\" class=\"alignnone wp-image-105077 size-full\" src=\"https:\/\/www.tgrthaber.com\/mavikadin\/wp-content\/uploads\/Ekran-Resmi-2024-12-11-23.08.01.png\" alt=\"halil ibrahim ceyhan \" width=\"962\" height=\"552\" title=\"\" srcset=\"https:\/\/www.tgrthaber.com\/mavikadin\/wp-content\/uploads\/Ekran-Resmi-2024-12-11-23.08.01.png 962w, https:\/\/www.tgrthaber.com\/mavikadin\/wp-content\/uploads\/Ekran-Resmi-2024-12-11-23.08.01-300x172.png 300w, https:\/\/www.tgrthaber.com\/mavikadin\/wp-content\/uploads\/Ekran-Resmi-2024-12-11-23.08.01-768x441.png 768w\" sizes=\"(max-width: 962px) 100vw, 962px\" \/><\/p>\n<p class=\"p1\">Ceyhan, sadece m\u00fczikle yetinmeyip, oyunculuk kariyerine de ad\u0131m att\u0131. \u0130lk oyunculuk deneyimini &#8220;Hemen D\u00f6neriz&#8221; adl\u0131 sinema filminde ya\u015fad\u0131. Bu filmde, Burak Sat\u0131bol, Ayhan Ta\u015f ve Esin Civangil gibi tan\u0131nm\u0131\u015f isimlerle rol ald\u0131. Oyunculuk kariyerinde b\u00fcy\u00fck bir \u00e7\u0131k\u0131\u015f yakalayan Ceyhan, Kanal 7&#8217;de yay\u0131nlanan &#8220;Emanet&#8221; adl\u0131 dizide Yaman karakteriyle \u00e7ok sevildi ve b\u00fcy\u00fck bir takip\u00e7i kitlesi olu\u015fturdu.<\/p>\n<h3>HAL\u0130L \u0130BRAH\u0130M CEYHAN \u0130LK E\u015e\u0130 K\u0130MD\u0130R, KA\u00c7 YA\u015eINDA?<\/h3>\n<p class=\"p1\">Halil \u0130brahim Ceyhan&#8217;\u0131n ilk e\u015fiyle ilgili \u00e7ok fazla bilgi bulunmuyor, \u00e7\u00fcnk\u00fc \u00fcnl\u00fc oyuncu \u00f6zel hayat\u0131n\u0131 genellikle gizli tutmay\u0131 tercih ediyor. Ceyhan&#8217;\u0131n ailesiyle olan ba\u011flar\u0131 ve akrabalar\u0131 hakk\u0131nda medyada fazla bir payla\u015f\u0131m yap\u0131lmam\u0131\u015ft\u0131r. \u00d6zel ya\u015fam\u0131n\u0131 g\u00f6zlerden uzak tutan Halil \u0130brahim Ceyhan, genellikle kariyerine odaklanm\u0131\u015f ve ki\u015fisel hayat\u0131 hakk\u0131nda pek bir a\u00e7\u0131klama yapmam\u0131\u015ft\u0131r. Bu nedenle, Ceyhan\u2019\u0131n ilk e\u015fi ve akrabalar\u0131yla ilgili ayr\u0131nt\u0131l\u0131 bilgilere ula\u015fmak zor olmaktad\u0131r.<\/p>\n<p><img loading=\"lazy\" decoding=\"async\" class=\"alignnone wp-image-105078 size-full\" src=\"https:\/\/www.tgrthaber.com\/mavikadin\/wp-content\/uploads\/Ekran-Resmi-2024-12-11-23.08.06.png\" alt=\"halil ibrahim ceyhan \" width=\"974\" height=\"566\" title=\"\" srcset=\"https:\/\/www.tgrthaber.com\/mavikadin\/wp-content\/uploads\/Ekran-Resmi-2024-12-11-23.08.06.png 974w, https:\/\/www.tgrthaber.com\/mavikadin\/wp-content\/uploads\/Ekran-Resmi-2024-12-11-23.08.06-300x174.png 300w, https:\/\/www.tgrthaber.com\/mavikadin\/wp-content\/uploads\/Ekran-Resmi-2024-12-11-23.08.06-768x446.png 768w\" sizes=\"(max-width: 974px) 100vw, 974px\" \/><\/p>\n<h3 class=\"p1\"><b>HAL\u0130L \u0130BRAH\u0130M CEYHAN SILA T\u00dcRKO\u011eLU\u2019YLA SEVG\u0130L\u0130YD\u0130<\/b><\/h3>\n<p class=\"p1\">&#8216;Emanet&#8217; dizisinin ba\u015frol oyuncular\u0131 Halil \u0130brahim Ceyhan ve S\u0131la T\u00fcrko\u011flu&#8217;nun dizi setinde ba\u015flayan yak\u0131nl\u0131klar\u0131, zamanla a\u015fk hikayesine d\u00f6n\u00fc\u015fm\u00fc\u015ft\u00fc. Dizinin setinden ald\u0131klar\u0131 pozitif enerjiyle, ikili uzun bir s\u00fcre magazin g\u00fcndeminden d\u00fc\u015fmedi. Ancak, S\u0131la T\u00fcrko\u011flu&#8217;nun diziye veda etmesinin ard\u0131ndan \u00e7iftin ili\u015fkisi hakk\u0131nda beklenmedik bir geli\u015fme ya\u015fand\u0131. \u0130ddialara g\u00f6re, Halil \u0130brahim Ceyhan ve S\u0131la T\u00fcrko\u011flu, ili\u015fkilerini sessiz sedas\u0131z sonland\u0131rd\u0131. Her ikisi de \u00f6zel hayatlar\u0131na dair fazla a\u00e7\u0131klama yapmaktan ka\u00e7\u0131narak, bu d\u00f6nemde olduk\u00e7a \u00f6zel bir tutum sergilediler. \u0130kilinin ili\u015fkisinin neden bitti\u011fi bilinmiyor.<span class=\"Apple-converted-space\">\u00a0<\/span><\/p>\n<p>&nbsp;<\/p>\n","protected":false},"excerpt":{"rendered":"<p>NOW TV&#8217;de yay\u0131nlanan &#8220;Leyla&#8221; dizisinde oynad\u0131\u011f\u0131 Tufo karakteriyle b\u00fcy\u00fck bir \u00e7\u0131k\u0131\u015f yakalayan Halil \u0130brahim Ceyhan, k\u0131sa s\u00fcrede geni\u015f bir hayran kitlesi edinmeyi ba\u015fard\u0131. Gen\u00e7 ya\u015f\u0131na ra\u011fmen yetene\u011fiyle dikkat \u00e7eken Ceyhan, sadece oyunculuk kariyerindeki ba\u015far\u0131s\u0131yla de\u011fil, ayn\u0131 zamanda \u00f6zel hayat\u0131yla da g\u00fcndemde. Peki, Halil \u0130brahim Ceyhan kimdir, ilk e\u015fi kimdir, ka\u00e7 ya\u015f\u0131ndad\u0131r ve kimin akrabas\u0131d\u0131r? \u0130\u015fte cevab\u0131\u2026 <\/p>\n","protected":false},"author":16,"featured_media":105079,"comment_status":"closed","ping_status":"closed","sticky":false,"template":"","format":"standard","meta":{"rank_math_lock_modified_date":false,"footnotes":""},"categories":[76],"tags":[4004,2182],"class_list":["post-105076","post","type-post","status-publish","format-standard","has-post-thumbnail","hentry","category-magazin","tag-halil-ibrahim-ceyhan","tag-sila-turkoglu"],"_links":{"self":[{"href":"https:\/\/www.tgrthaber.com\/mavikadin\/wp-json\/wp\/v2\/posts\/105076"}],"collection":[{"href":"https:\/\/www.tgrthaber.com\/mavikadin\/wp-json\/wp\/v2\/posts"}],"about":[{"href":"https:\/\/www.tgrthaber.com\/mavikadin\/wp-json\/wp\/v2\/types\/post"}],"author":[{"embeddable":true,"href":"https:\/\/www.tgrthaber.com\/mavikadin\/wp-json\/wp\/v2\/users\/16"}],"replies":[{"embeddable":true,"href":"https:\/\/www.tgrthaber.com\/mavikadin\/wp-json\/wp\/v2\/comments?post=105076"}],"version-history":[{"count":4,"href":"https:\/\/www.tgrthaber.com\/mavikadin\/wp-json\/wp\/v2\/posts\/105076\/revisions"}],"predecessor-version":[{"id":105083,"href":"https:\/\/www.tgrthaber.com\/mavikadin\/wp-json\/wp\/v2\/posts\/105076\/revisions\/105083"}],"wp:featuredmedia":[{"embeddable":true,"href":"https:\/\/www.tgrthaber.com\/mavikadin\/wp-json\/wp\/v2\/media\/105079"}],"wp:attachment":[{"href":"https:\/\/www.tgrthaber.com\/mavikadin\/wp-json\/wp\/v2\/media?parent=105076"}],"wp:term":[{"taxonomy":"category","embeddable":true,"href":"https:\/\/www.tgrthaber.com\/mavikadin\/wp-json\/wp\/v2\/categories?post=105076"},{"taxonomy":"post_tag","embeddable":true,"href":"https:\/\/www.tgrthaber.com\/mavikadin\/wp-json\/wp\/v2\/tags?post=105076"}],"curies":[{"name":"wp","href":"https:\/\/api.w.org\/{rel}","templated":true}]}}