{"id":105104,"date":"2024-12-12T00:58:34","date_gmt":"2024-12-11T21:58:34","guid":{"rendered":"https:\/\/www.tgrthaber.com\/mavikadin\/?p=105104"},"modified":"2024-12-12T01:21:06","modified_gmt":"2024-12-11T22:21:06","slug":"sandik-kokusu-yeni-bolumde-ayrilik-kesinlesti-necip-memilli-diziye-veda-etti","status":"publish","type":"post","link":"https:\/\/www.tgrthaber.com\/mavikadin\/sandik-kokusu-yeni-bolumde-ayrilik-kesinlesti-necip-memilli-diziye-veda-etti\/","title":{"rendered":"Sand\u0131k Kokusu yeni b\u00f6l\u00fcmde ayr\u0131l\u0131k kesinle\u015fti! Necip Memilli diziye veda etti"},"content":{"rendered":"<p>Show TV\u2019nin sevilen dizisi Sand\u0131k Kokusu yeni b\u00f6l\u00fcm\u00fcyle ekranlara damga vururken, dizinin s\u0131k\u0131 takip\u00e7ilerini \u00fczen bir ayr\u0131l\u0131k haberi geldi. \u00c7ar\u015famba ak\u015famlar\u0131n\u0131n vazge\u00e7ilmezi haline gelen ve g\u00fc\u00e7l\u00fc oyuncu kadrosuyla dikkat \u00e7eken dizide, Reha karakterini canland\u0131ran Necip Memili\u2019nin ayr\u0131l\u0131\u011f\u0131 kesinle\u015fti.<\/p>\n<h3>SANDIK KOKUSU REHA D\u0130Z\u0130DEN AYRILDI<\/h3>\n<p>Melis Civelek ve Zeynep G\u00fcr\u2019\u00fcn kaleme ald\u0131\u011f\u0131, y\u00f6netmenli\u011fini Altan D\u00f6nmez\u2019in \u00fcstlendi\u011fi Sand\u0131k Kokusu, son b\u00f6l\u00fcm\u00fcyle sosyal medyada da g\u00fcndem oldu. \u00d6zge \u00d6zpirin\u00e7ci, Demet Akba\u011f, Engin \u00d6zt\u00fcrk, Meri\u00e7 Aral, Serkay T\u00fct\u00fcnc\u00fc, Nesrin Cavadzade, G\u00f6zde Seda Altuner ve U\u011fur Y\u00fccel gibi birbirinden \u00fcnl\u00fc isimlerin bir araya geldi\u011fi dizide, Necip Memili\u2019nin hayat verdi\u011fi Reha karakterinin hikayesi sona erdi.<\/p>\n<p><img loading=\"lazy\" decoding=\"async\" class=\"alignnone wp-image-105106\" src=\"https:\/\/www.tgrthaber.com\/mavikadin\/wp-content\/uploads\/9e1588659954cb69948a78b9cca1d71d_840.jpg\" alt=\"\" width=\"1127\" height=\"751\" title=\"\" srcset=\"https:\/\/www.tgrthaber.com\/mavikadin\/wp-content\/uploads\/9e1588659954cb69948a78b9cca1d71d_840.jpg 840w, https:\/\/www.tgrthaber.com\/mavikadin\/wp-content\/uploads\/9e1588659954cb69948a78b9cca1d71d_840-300x200.jpg 300w, https:\/\/www.tgrthaber.com\/mavikadin\/wp-content\/uploads\/9e1588659954cb69948a78b9cca1d71d_840-768x512.jpg 768w\" sizes=\"(max-width: 1127px) 100vw, 1127px\" \/><\/p>\n<p>Reha\u2019n\u0131n Karsu ile ge\u00e7mi\u015fte ya\u015fad\u0131\u011f\u0131 \u00e7alkant\u0131l\u0131 ili\u015fki, dizinin \u00f6nemli \u00e7at\u0131\u015fma noktalar\u0131ndan biri olarak \u00f6ne \u00e7\u0131k\u0131yordu. Ancak 38. b\u00f6l\u00fcmde karakterin vedas\u0131 kesinle\u015fti. Memili\u2019nin diziden ayr\u0131lma nedenine ili\u015fkin resmi bir a\u00e7\u0131klama yap\u0131lmazken, bu ani karar\u0131n hikaye ak\u0131\u015f\u0131ndan kaynakland\u0131\u011f\u0131 iddia ediliyor.<\/p>\n<h3>SANDIK KOKUSU YEN\u0130 B\u00d6L\u00dcMDE NELER OLACAK?<\/h3>\n<p>Sand\u0131k Kokusu, 39. b\u00f6l\u00fcm\u00fcyle 20 Aral\u0131k \u00c7ar\u015famba ak\u015fam\u0131 saat 20.00\u2019de Show TV ekranlar\u0131nda olacak. Yeni b\u00f6l\u00fcmde Reha\u2019n\u0131n yoklu\u011funun hikayeye nas\u0131l yans\u0131yaca\u011f\u0131 merak konusu. Ayr\u0131ca Karsu\u2019nun bundan sonraki ad\u0131mlar\u0131 ve ge\u00e7mi\u015fin izleriyle nas\u0131l y\u00fczle\u015fece\u011fi, dizinin dinamiklerini de\u011fi\u015ftirecek gibi g\u00f6r\u00fcn\u00fcyor.<\/p>\n<!--[if lt IE 9]><script>document.createElement('video');<\/script><![endif]-->\n\t<div class=\"wp-playlist wp-video-playlist wp-playlist-light\">\n\t\t<video controls=\"controls\" preload=\"none\" width=\"618\"\n\t\t height=\"348\"\t><\/video>\n\t<div class=\"wp-playlist-next\"><\/div>\n\t<div class=\"wp-playlist-prev\"><\/div>\n\t<noscript>\n\t<ol>\n\t\t<li><a href='https:\/\/www.tgrthaber.com\/mavikadin\/wp-content\/uploads\/sandik-kokusu-fragman.mp4'>sand\u0131k kokusu fragman<\/a><\/li>\t<\/ol>\n\t<\/noscript>\n\t<script type=\"application\/json\" class=\"wp-playlist-script\">{\"type\":\"video\",\"tracklist\":true,\"tracknumbers\":true,\"images\":true,\"artists\":true,\"tracks\":[{\"src\":\"https:\\\/\\\/www.tgrthaber.com\\\/mavikadin\\\/wp-content\\\/uploads\\\/sandik-kokusu-fragman.mp4\",\"type\":\"video\\\/mp4\",\"title\":\"sand\\u0131k kokusu fragman\",\"caption\":\"\",\"description\":\"\",\"meta\":{\"length_formatted\":\"0:54\"},\"dimensions\":{\"original\":{\"width\":640,\"height\":360},\"resized\":{\"width\":618,\"height\":348}},\"image\":{\"src\":\"https:\\\/\\\/www.tgrthaber.com\\\/mavikadin\\\/wp-includes\\\/images\\\/media\\\/video.svg\",\"width\":48,\"height\":64},\"thumb\":{\"src\":\"https:\\\/\\\/www.tgrthaber.com\\\/mavikadin\\\/wp-includes\\\/images\\\/media\\\/video.svg\",\"width\":48,\"height\":64}}]}<\/script>\n<\/div>\n\t\n<h3>NEC\u0130P MEM\u0130LL\u0130 K\u0130MD\u0130R?<\/h3>\n<p>1977 Adana do\u011fumlu olan Necip Memili, sahne performanslar\u0131 ve sinema projelerindeki ba\u015far\u0131s\u0131yla ad\u0131ndan s\u0131k\u00e7a s\u00f6z ettiren bir oyuncu. Son y\u0131llarda \u00f6zellikle televizyon dizilerindeki g\u00fc\u00e7l\u00fc rolleriyle dikkat \u00e7eken Memili, Sand\u0131k Kokusundaki performans\u0131yla da hayranlar\u0131n\u0131 etkilemeyi ba\u015farm\u0131\u015ft\u0131. Usta oyuncunun bir sonraki projesi ise \u015fimdiden merakla bekleniyor.<\/p>\n<p><img loading=\"lazy\" decoding=\"async\" class=\"alignnone wp-image-105107\" src=\"https:\/\/www.tgrthaber.com\/mavikadin\/wp-content\/uploads\/Ekran-goruntusu-2024-12-12-004833.jpg\" alt=\"\" width=\"1137\" height=\"649\" title=\"\" srcset=\"https:\/\/www.tgrthaber.com\/mavikadin\/wp-content\/uploads\/Ekran-goruntusu-2024-12-12-004833.jpg 1002w, https:\/\/www.tgrthaber.com\/mavikadin\/wp-content\/uploads\/Ekran-goruntusu-2024-12-12-004833-300x171.jpg 300w, https:\/\/www.tgrthaber.com\/mavikadin\/wp-content\/uploads\/Ekran-goruntusu-2024-12-12-004833-768x438.jpg 768w\" sizes=\"(max-width: 1137px) 100vw, 1137px\" \/><\/p>\n<h3>NEC\u0130P MEM\u0130LL\u0130&#8217;N\u0130N ROL ALDI\u011eI D\u0130Z\u0130LER<\/h3>\n<ul>\n<li>Be\u015finci Boyut<\/li>\n<li>Selena<\/li>\n<li>Arka Sokaklar<\/li>\n<li>Hakk\u0131n\u0131 Helal Et<\/li>\n<li>Bez Bebek<\/li>\n<li>Pusat<\/li>\n<li>Yaprak D\u00f6k\u00fcm\u00fc<\/li>\n<li>K\u00f6pr\u00fc \u2013 \u015eevki<\/li>\n<li>Gece G\u00fcnd\u00fcz<\/li>\n<li>Aynadaki D\u00fc\u015fman<\/li>\n<li>Han\u0131m\u0131n \u00c7iftli\u011fi<\/li>\n<li>Firar<\/li>\n<li>Yalan D\u00fcnya<\/li>\n<li>Dila Han\u0131m<\/li>\n<li>Ulan \u0130stanbul<\/li>\n<li>Bedel<\/li>\n<li>Kehribar<\/li>\n<li>Muhte\u015fem Y\u00fczy\u0131l K\u00f6sem<\/li>\n<li>Dolunay<\/li>\n<li>\u00c7ukur<\/li>\n<li>Kanunsuz Topraklar<\/li>\n<li>\u00dc\u00e7 Kuru\u015f<\/li>\n<li>Darmaduman<\/li>\n<li>Y\u00fcz Y\u0131ll\u0131k Mucize<\/li>\n<li>Sand\u0131k Kokusu<\/li>\n<\/ul>\n<p><img loading=\"lazy\" decoding=\"async\" class=\"alignnone wp-image-105111\" src=\"https:\/\/www.tgrthaber.com\/mavikadin\/wp-content\/uploads\/5189cb8b743ea185f4c81dfd83a3a424_840.jpg\" alt=\"\" width=\"1096\" height=\"946\" title=\"\" srcset=\"https:\/\/www.tgrthaber.com\/mavikadin\/wp-content\/uploads\/5189cb8b743ea185f4c81dfd83a3a424_840.jpg 840w, https:\/\/www.tgrthaber.com\/mavikadin\/wp-content\/uploads\/5189cb8b743ea185f4c81dfd83a3a424_840-300x259.jpg 300w, https:\/\/www.tgrthaber.com\/mavikadin\/wp-content\/uploads\/5189cb8b743ea185f4c81dfd83a3a424_840-768x663.jpg 768w\" sizes=\"(max-width: 1096px) 100vw, 1096px\" \/><\/p>\n<h3>SANDIK KOKUSU KONUSU VE OYUNCULARI<\/h3>\n<p>Melis Civelek ve Zeynep G\u00fcr\u2019\u00fcn kaleminden \u00e7\u0131kan \u2018Sand\u0131k Kokusu\u2019, Altan D\u00f6nmez\u2019in y\u00f6netmenli\u011finde Show TV ekranlar\u0131nda seyircileri farkl\u0131 bir yolculu\u011fa \u00e7\u0131kar\u0131yor.<br \/>\nHayat\u0131n karma\u015f\u0131kl\u0131\u011f\u0131n\u0131 ve i\u00e7inden \u00e7\u0131k\u0131lmaz zorluklar\u0131n\u0131 ele alan dizi, kimi zaman g\u00fcld\u00fcr\u00fcp kimi zaman derin d\u00fc\u015f\u00fcnd\u00fcren bir hikaye sunuyor. \u2018Sand\u0131k Kokusu\u2019, g\u00fc\u00e7l\u00fc oyuncu kadrosu ve \u00e7arp\u0131c\u0131 konusuyla izleyicinin g\u00f6nl\u00fcnde taht kurmaya devam ediyor.<\/p>\n<p>Dizinin oyuncu kadrosunda;<\/p>\n<p>\u00d6zge \u00d6zpirin\u00e7ci (Karsu)<\/p>\n<p>Demet Akba\u011f (Filiz)<\/p>\n<p>Engin \u00d6zt\u00fcrk (Bora)<\/p>\n<p>Meri\u00e7 Aral (Irmak)<\/p>\n<p>Serkay T\u00fct\u00fcnc\u00fc (K\u0131van\u00e7)<\/p>\n<p>G\u00f6zde Seda Altuner (G\u00fclnaz)<\/p>\n<p>Nesrin Cavadzade (Ay\u00e7a)<\/p>\n<p>U\u011fur Y\u00fccel (Hasan) gibi birbirinden ba\u015far\u0131l\u0131 isimler yer al\u0131yor.<\/p>\n","protected":false},"excerpt":{"rendered":"<p>Show TV\u2019nin sevilen dizisi Sand\u0131k Kokusu yeni b\u00f6l\u00fcmle izleyicilerini ekran ba\u015f\u0131na kilitlerken, Reha karakterine hayat veren Necip Memili\u2019nin diziden ayr\u0131l\u0131\u011f\u0131 kesinle\u015fti. Karsu ve Bora aras\u0131ndaki sorunlar\u0131n b\u00f6l\u00fcme damga vurdu\u011fu Sand\u0131k Kokusu yeni b\u00f6l\u00fcm tan\u0131t\u0131m\u0131 da yay\u0131nland\u0131.<\/p>\n","protected":false},"author":4,"featured_media":105108,"comment_status":"closed","ping_status":"closed","sticky":false,"template":"","format":"standard","meta":{"rank_math_lock_modified_date":false,"footnotes":""},"categories":[602],"tags":[4008,135,136],"class_list":["post-105104","post","type-post","status-publish","format-standard","has-post-thumbnail","hentry","category-diziler","tag-necip-memilli","tag-sandik-kokusu","tag-yeni-bolum"],"_links":{"self":[{"href":"https:\/\/www.tgrthaber.com\/mavikadin\/wp-json\/wp\/v2\/posts\/105104"}],"collection":[{"href":"https:\/\/www.tgrthaber.com\/mavikadin\/wp-json\/wp\/v2\/posts"}],"about":[{"href":"https:\/\/www.tgrthaber.com\/mavikadin\/wp-json\/wp\/v2\/types\/post"}],"author":[{"embeddable":true,"href":"https:\/\/www.tgrthaber.com\/mavikadin\/wp-json\/wp\/v2\/users\/4"}],"replies":[{"embeddable":true,"href":"https:\/\/www.tgrthaber.com\/mavikadin\/wp-json\/wp\/v2\/comments?post=105104"}],"version-history":[{"count":5,"href":"https:\/\/www.tgrthaber.com\/mavikadin\/wp-json\/wp\/v2\/posts\/105104\/revisions"}],"predecessor-version":[{"id":105118,"href":"https:\/\/www.tgrthaber.com\/mavikadin\/wp-json\/wp\/v2\/posts\/105104\/revisions\/105118"}],"wp:featuredmedia":[{"embeddable":true,"href":"https:\/\/www.tgrthaber.com\/mavikadin\/wp-json\/wp\/v2\/media\/105108"}],"wp:attachment":[{"href":"https:\/\/www.tgrthaber.com\/mavikadin\/wp-json\/wp\/v2\/media?parent=105104"}],"wp:term":[{"taxonomy":"category","embeddable":true,"href":"https:\/\/www.tgrthaber.com\/mavikadin\/wp-json\/wp\/v2\/categories?post=105104"},{"taxonomy":"post_tag","embeddable":true,"href":"https:\/\/www.tgrthaber.com\/mavikadin\/wp-json\/wp\/v2\/tags?post=105104"}],"curies":[{"name":"wp","href":"https:\/\/api.w.org\/{rel}","templated":true}]}}