{"id":105293,"date":"2024-12-12T14:18:16","date_gmt":"2024-12-12T11:18:16","guid":{"rendered":"https:\/\/www.tgrthaber.com\/mavikadin\/?p=105293"},"modified":"2024-12-12T14:18:48","modified_gmt":"2024-12-12T11:18:48","slug":"gonul-daginda-yeni-bir-ask-mi-doguyor-galaya-beraber-katildilar","status":"publish","type":"post","link":"https:\/\/www.tgrthaber.com\/mavikadin\/gonul-daginda-yeni-bir-ask-mi-doguyor-galaya-beraber-katildilar\/","title":{"rendered":"G\u00f6n\u00fcl Da\u011f\u0131&#8217;nda yeni bir a\u015fk m\u0131 do\u011fuyor! Galaya beraber kat\u0131ld\u0131lar"},"content":{"rendered":"<p>13 Aral\u0131k tarihinde vizyonlarda kendini g\u00f6sterecek olan &#8216;Her \u015eeyin Ba\u015f\u0131 Merk\u00fcr&#8217; filminin galas\u0131na \u00fcnl\u00fcler camias\u0131ndan pop\u00fcler olan bir \u00e7ok \u00fcnl\u00fc isim geceye te\u015frif etti.<\/p>\n<p>Ba\u015frol\u00fcnde oyuncu Alp Navruz ile g\u00fczel anne Sinem Kobal&#8217;\u0131n yer ald\u0131\u011f\u0131 gecede en b\u00fcy\u00fck destek\u00e7isi olan Kobal&#8217;\u0131n e\u015fi Kenan \u0130mirzal\u0131o\u011flu&#8217;nun bulunmas\u0131n\u0131n yan\u0131 s\u0131ra Ebru \u015eahin, Cam Karc\u0131, Yasemin \u00d6zilhan, Neslihan Yeldan, Asl\u0131 Turanl\u0131, Bur\u00e7in Terzio\u011flu, Burak Can ve \u00d6ge S\u00f6zba\u015f gibi isimler de vard\u0131.<\/p>\n<h3>GALADA D\u0130KKAT \u00c7EKEN DETAY! G\u00d6N\u00dcL DA\u011eI OYUNCULARI ARASINDA YEN\u0130 B\u0130R A\u015eK MI DO\u011eUYOR?<\/h3>\n<p>TRT1 kanal\u0131nda izlenme rekorlar\u0131 k\u0131rarak izleyicilerin favori dizisi haline gelip, tam bir aile dizisi olarak kendini izlettirmeyi ba\u015faran ve kendine \u00f6zg\u00fc konusu ile izleyicilerin g\u00f6nl\u00fcn\u00fc kazanan &#8216;G\u00f6n\u00fcl Da\u011f\u0131&#8217; oyuncular\u0131 da &#8216;Her \u015eeyin Ba\u015f\u0131 Merk\u00fcr&#8217; filminin galas\u0131nda kendini g\u00f6sterdi.<\/p>\n<p><img loading=\"lazy\" decoding=\"async\" class=\"alignnone size-full wp-image-105315\" src=\"https:\/\/www.tgrthaber.com\/mavikadin\/wp-content\/uploads\/3-2.png\" alt=\"\" width=\"982\" height=\"547\" title=\"\" srcset=\"https:\/\/www.tgrthaber.com\/mavikadin\/wp-content\/uploads\/3-2.png 982w, https:\/\/www.tgrthaber.com\/mavikadin\/wp-content\/uploads\/3-2-300x167.png 300w, https:\/\/www.tgrthaber.com\/mavikadin\/wp-content\/uploads\/3-2-768x428.png 768w\" sizes=\"(max-width: 982px) 100vw, 982px\" \/><\/p>\n<p>Dizide &#8216;Erkan&#8217; karakterini oynayan ba\u015far\u0131l\u0131 oyuncu Burak Can ile &#8216;Filiz&#8217; karakterini ba\u015far\u0131l\u0131 bir \u015fekilde ekrana yans\u0131tan oyuncu \u00d6ge S\u00f6zba\u015f&#8217;\u0131n filmin galas\u0131nda beraber g\u00f6r\u00fcnt\u00fclenip pozlar vermesi dizideki a\u015fk\u0131n ger\u00e7ekte de var olup olmad\u0131\u011f\u0131n\u0131n merak\u0131n\u0131 uyand\u0131rd\u0131.<\/p>\n<p><img loading=\"lazy\" decoding=\"async\" class=\"alignnone size-full wp-image-105314\" src=\"https:\/\/www.tgrthaber.com\/mavikadin\/wp-content\/uploads\/HRR.png\" alt=\"\" width=\"980\" height=\"540\" title=\"\" srcset=\"https:\/\/www.tgrthaber.com\/mavikadin\/wp-content\/uploads\/HRR.png 980w, https:\/\/www.tgrthaber.com\/mavikadin\/wp-content\/uploads\/HRR-300x165.png 300w, https:\/\/www.tgrthaber.com\/mavikadin\/wp-content\/uploads\/HRR-768x423.png 768w\" sizes=\"(max-width: 980px) 100vw, 980px\" \/><\/p>\n<p>&#8216;Her \u015eeyin Ba\u015f\u0131 Merk\u00fcr&#8217; filminin galas\u0131nda hayranlar\u0131n\u0131n yo\u011fun ilgisi ile kar\u015f\u0131la\u015fan Burak Can foto\u011fraf isteklerini geri \u00e7evirmedi.<\/p>\n<h3>OYUNCU BURAK CAN KISACA K\u0130MD\u0130R?<\/h3>\n<p>Ekranlarda bir\u00e7ok dizide g\u00f6rd\u00fc\u011f\u00fcm\u00fcz Burak Can, dizi-film ve reklam oyuncusudur. \u0130lkokul ve lise e\u011fitimlerini \u0130stanbul&#8217;da tamamlayan Burak Can, \u0130stanbul Ayd\u0131n \u00dcniversitesi Drama Oyunculuk B\u00f6l\u00fcm\u00fcnden ba\u015far\u0131l\u0131 bir \u015fekilde mezun olmu\u015ftur. Oyunculuk e\u011fitimlerini alan Burak Can, \u015fimdilerde TRT1 kanal\u0131nda yay\u0131nlanan G\u00f6n\u00fcl Da\u011f\u0131 dizisinde &#8216;Erkan&#8217; karakterini canland\u0131rmaktad\u0131r.<\/p>\n<h3>OYUNCU \u00d6GE S\u00d6ZBA\u015e KISACA K\u0130MD\u0130R?<\/h3>\n<p>G\u00f6n\u00fcl Da\u011f\u0131 dizisinde &#8216;Filiz&#8217; karakterini oynayan oyuncu \u00d6ge S\u00f6zba\u015f, e\u011fitim hayat\u0131nda olan ba\u015far\u0131s\u0131n\u0131 Radyo, Televizyon ve Sinema alan\u0131nda da devam ettirerek Ya\u015far \u00dcniversitesi&#8217;nden mezun oldu. Kariyerine gen\u00e7 ya\u015fta ad\u0131m atan oyuncu S\u00f6zba\u015f, 11 Eyl\u00fcl de \u0130zmirli bir ailenin \u00e7ocu\u011fu olarak d\u00fcnyaya gelmi\u015ftir.<\/p>\n","protected":false},"excerpt":{"rendered":"<p>&#8216;Her \u015eeyin Ba\u015f\u0131 Merk\u00fcr&#8217; filminin galas\u0131na G\u00f6n\u00fcl Da\u011f\u0131 oyuncular\u0131ndan Burak Can ile \u00d6ge S\u00f6zba\u015f&#8217;\u0131n  beraber gelmesi dizideki a\u015fk\u0131n ger\u00e7ekte de var olup olmad\u0131\u011f\u0131n\u0131 merak ettirdi. G\u00f6n\u00fcl Da\u011f\u0131&#8217;nda yeni bir a\u015fk m\u0131 do\u011fuyor?<\/p>\n","protected":false},"author":27,"featured_media":105316,"comment_status":"closed","ping_status":"closed","sticky":false,"template":"","format":"standard","meta":{"rank_math_lock_modified_date":false,"footnotes":""},"categories":[76],"tags":[4055,3687,2725,4056],"class_list":["post-105293","post","type-post","status-publish","format-standard","has-post-thumbnail","hentry","category-magazin","tag-burak-can","tag-gonul-dagi","tag-her-seyin-basi-merkur","tag-oge-sozbas"],"_links":{"self":[{"href":"https:\/\/www.tgrthaber.com\/mavikadin\/wp-json\/wp\/v2\/posts\/105293"}],"collection":[{"href":"https:\/\/www.tgrthaber.com\/mavikadin\/wp-json\/wp\/v2\/posts"}],"about":[{"href":"https:\/\/www.tgrthaber.com\/mavikadin\/wp-json\/wp\/v2\/types\/post"}],"author":[{"embeddable":true,"href":"https:\/\/www.tgrthaber.com\/mavikadin\/wp-json\/wp\/v2\/users\/27"}],"replies":[{"embeddable":true,"href":"https:\/\/www.tgrthaber.com\/mavikadin\/wp-json\/wp\/v2\/comments?post=105293"}],"version-history":[{"count":3,"href":"https:\/\/www.tgrthaber.com\/mavikadin\/wp-json\/wp\/v2\/posts\/105293\/revisions"}],"predecessor-version":[{"id":105319,"href":"https:\/\/www.tgrthaber.com\/mavikadin\/wp-json\/wp\/v2\/posts\/105293\/revisions\/105319"}],"wp:featuredmedia":[{"embeddable":true,"href":"https:\/\/www.tgrthaber.com\/mavikadin\/wp-json\/wp\/v2\/media\/105316"}],"wp:attachment":[{"href":"https:\/\/www.tgrthaber.com\/mavikadin\/wp-json\/wp\/v2\/media?parent=105293"}],"wp:term":[{"taxonomy":"category","embeddable":true,"href":"https:\/\/www.tgrthaber.com\/mavikadin\/wp-json\/wp\/v2\/categories?post=105293"},{"taxonomy":"post_tag","embeddable":true,"href":"https:\/\/www.tgrthaber.com\/mavikadin\/wp-json\/wp\/v2\/tags?post=105293"}],"curies":[{"name":"wp","href":"https:\/\/api.w.org\/{rel}","templated":true}]}}