{"id":105367,"date":"2024-12-12T16:08:53","date_gmt":"2024-12-12T13:08:53","guid":{"rendered":"https:\/\/www.tgrthaber.com\/mavikadin\/?p=105367"},"modified":"2024-12-12T16:10:44","modified_gmt":"2024-12-12T13:10:44","slug":"mert-demir-ile-serenay-sarikaya-ayriligini-dogrulayan-goruntuler","status":"publish","type":"post","link":"https:\/\/www.tgrthaber.com\/mavikadin\/mert-demir-ile-serenay-sarikaya-ayriligini-dogrulayan-goruntuler\/","title":{"rendered":"Mert Demir ile Serenay Sar\u0131kaya ayr\u0131l\u0131\u011f\u0131n\u0131 do\u011frulayan g\u00f6r\u00fcnt\u00fcler"},"content":{"rendered":"<p>Mert Demir ile Serenay Sar\u0131kaya ayr\u0131l\u0131\u011f\u0131n\u0131 do\u011frulayan g\u00f6r\u00fcnt\u00fcler sosyal medyay\u0131 sallad\u0131. D\u00fcn Cahide\u2019de sahne alan Demir\u2019in \u00fcnl\u00fc g\u00fczel Sezer \u00c7ak\u0131r ile g\u00f6z g\u00f6ze \u015fark\u0131 s\u00f6yledi\u011fi anlar kameralara yans\u0131d\u0131.<\/p>\n<h3>MERT DEM\u0130R \u0130LE SERENAY SARIKAYA AYRILI\u011eI DO\u011eRULANDI<\/h3>\n<p>Mert Demir ile Serenay Sar\u0131kaya \u00e7iftinin ayr\u0131ld\u0131\u011f\u0131 iddialar\u0131n\u0131 do\u011frulayan g\u00f6r\u00fcnt\u00fcler magazin g\u00fcndemine damgas\u0131n\u0131 vurdu.<\/p>\n<p>\u00dcnl\u00fc \u015fark\u0131c\u0131 Mert Demir d\u00fcn sahne ald\u0131\u011f\u0131 Cahide\u2019de Sezer \u00c7ak\u0131r\u2019la g\u00f6z g\u00f6ze \u015fark\u0131 s\u00f6yledi. \u0130kilinin yak\u0131n arkada\u015f ortam\u0131nda tan\u0131\u015ft\u0131\u011f\u0131 s\u00f6yleniyor.<\/p>\n<div style=\"width: 640px;\" class=\"wp-video\"><!--[if lt IE 9]><script>document.createElement('video');<\/script><![endif]-->\n<video class=\"wp-video-shortcode\" id=\"video-105367-1\" width=\"640\" height=\"640\" preload=\"metadata\" controls=\"controls\"><source type=\"video\/mp4\" src=\"https:\/\/www.tgrthaber.com\/mavikadin\/wp-content\/uploads\/Mert-DEmir-Sezer-CAkir1.mp4?_=1\" \/><a href=\"https:\/\/www.tgrthaber.com\/mavikadin\/wp-content\/uploads\/Mert-DEmir-Sezer-CAkir1.mp4\">https:\/\/www.tgrthaber.com\/mavikadin\/wp-content\/uploads\/Mert-DEmir-Sezer-CAkir1.mp4<\/a><\/video><\/div>\n<h3>\u2018REKLAM A\u015eKI\u2019 B\u0130TT\u0130 M\u0130?<\/h3>\n<p>Serenay Sar\u0131kaya ile Mert Demir ikilisinin ili\u015fkisi ba\u015f\u0131ndan beri reklam ili\u015fkisi olarak yorumlanm\u0131\u015ft\u0131.<\/p>\n<p>\u00c7iftin ili\u015fkileri zaman zaman ger\u00e7ek\u00e7i bulunsa da olumsuz yorumlara maruz kalmaktan kurtulamam\u0131\u015ft\u0131.<\/p>\n<p>Daha \u00f6nceden de ayr\u0131ld\u0131klar\u0131 konu\u015fulan \u00fcnl\u00fc \u00e7ift haklar\u0131nda \u00e7\u0131kan haberleri yalanlam\u0131\u015ft\u0131.<\/p>\n<p>2024 y\u0131l\u0131n\u0131n A\u011fustos ay\u0131nda \u00e7\u0131kan ayr\u0131l\u0131k iddialar\u0131 ger\u00e7ek oldu. &#8216;Aram\u0131zda Kalmas\u0131n&#8217; program\u0131nda M\u00fcge Da\u011f\u0131stanl\u0131 yollar\u0131n\u0131 ay\u0131ran \u00fcnl\u00fc \u00e7ift i\u00e7in yorumda bulundu.<\/p>\n<p>Da\u011f\u0131stanl\u0131, &#8220;Bir yemekte bulu\u015fmu\u015flar, konu\u015fmu\u015flar. Yemekten de ayr\u0131 \u00e7\u0131km\u0131\u015flar. Ayr\u0131l\u0131k karar\u0131n\u0131n sakince al\u0131nd\u0131\u011f\u0131n\u0131n g\u00f6stergesi.&#8221; demi\u015fti.<\/p>\n<p><img loading=\"lazy\" decoding=\"async\" class=\"alignnone size-full wp-image-105371\" src=\"https:\/\/www.tgrthaber.com\/mavikadin\/wp-content\/uploads\/Sezer-Cakir-1.webp\" alt=\"\" width=\"770\" height=\"962\" title=\"\" srcset=\"https:\/\/www.tgrthaber.com\/mavikadin\/wp-content\/uploads\/Sezer-Cakir-1.webp 770w, https:\/\/www.tgrthaber.com\/mavikadin\/wp-content\/uploads\/Sezer-Cakir-1-240x300.webp 240w, https:\/\/www.tgrthaber.com\/mavikadin\/wp-content\/uploads\/Sezer-Cakir-1-768x960.webp 768w\" sizes=\"(max-width: 770px) 100vw, 770px\" \/><\/p>\n<h3>A\u015eK \u0130DD\u0130ASINA A\u00c7IKLAMA GELD\u0130<\/h3>\n<p>Serenay Sar\u0131kaya&#8217;dan ayr\u0131lan Mert Demir&#8217;in yeni a\u015fka yelken a\u00e7t\u0131\u011f\u0131 iddia edildi. Demet Akal\u0131n ile do\u011fum g\u00fcn\u00fc kutlamas\u0131na giden Sezer \u00c7ak\u0131r Mert Demir ile g\u00f6z g\u00f6ze \u015fark\u0131 s\u00f6ylerken g\u00f6r\u00fcnt\u00fclendi.<\/p>\n<p>G\u00fcndeme gelen g\u00f6r\u00fcnt\u00fcler hakk\u0131nda a\u00e7\u0131klama yapan \u00c7ak\u0131r, a\u015fk haberlerini jet h\u0131z\u0131yla yalanlad\u0131.<\/p>\n<p>\u00c7ak\u0131r a\u00e7\u0131klamas\u0131nda, &#8220;Tabi ki \u00f6yle bi\u015fey yok&#8230; Biz d\u00fcn Mert&#8217;i dinlemeye gittik. Tan\u0131\u015fm\u0131yoruz, bu arada \u015fark\u0131y\u0131 \u00e7ok seviyorum&#8221; dedi.<\/p>\n","protected":false},"excerpt":{"rendered":"<p>\u00dcnl\u00fc \u015fark\u0131c\u0131 Mert Demir ile Serenay Sar\u0131kaya ayr\u0131l\u0131\u011f\u0131n\u0131 do\u011frulayan g\u00f6r\u00fcnt\u00fcler ortaya \u00e7\u0131kt\u0131. D\u00fcn ak\u015fam Cahide\u2019de sahne alan \u00fcnl\u00fc isim Sezer \u00c7ak\u0131r\u2019la g\u00f6z g\u00f6ze \u015fark\u0131 s\u00f6yledi.<\/p>\n","protected":false},"author":5,"featured_media":105368,"comment_status":"closed","ping_status":"closed","sticky":false,"template":"","format":"standard","meta":{"rank_math_lock_modified_date":false,"footnotes":""},"categories":[76],"tags":[3278,2688,4062],"class_list":["post-105367","post","type-post","status-publish","format-standard","has-post-thumbnail","hentry","category-magazin","tag-mert-demir","tag-serenay-sarikaya","tag-sezer-cakir"],"_links":{"self":[{"href":"https:\/\/www.tgrthaber.com\/mavikadin\/wp-json\/wp\/v2\/posts\/105367"}],"collection":[{"href":"https:\/\/www.tgrthaber.com\/mavikadin\/wp-json\/wp\/v2\/posts"}],"about":[{"href":"https:\/\/www.tgrthaber.com\/mavikadin\/wp-json\/wp\/v2\/types\/post"}],"author":[{"embeddable":true,"href":"https:\/\/www.tgrthaber.com\/mavikadin\/wp-json\/wp\/v2\/users\/5"}],"replies":[{"embeddable":true,"href":"https:\/\/www.tgrthaber.com\/mavikadin\/wp-json\/wp\/v2\/comments?post=105367"}],"version-history":[{"count":3,"href":"https:\/\/www.tgrthaber.com\/mavikadin\/wp-json\/wp\/v2\/posts\/105367\/revisions"}],"predecessor-version":[{"id":105376,"href":"https:\/\/www.tgrthaber.com\/mavikadin\/wp-json\/wp\/v2\/posts\/105367\/revisions\/105376"}],"wp:featuredmedia":[{"embeddable":true,"href":"https:\/\/www.tgrthaber.com\/mavikadin\/wp-json\/wp\/v2\/media\/105368"}],"wp:attachment":[{"href":"https:\/\/www.tgrthaber.com\/mavikadin\/wp-json\/wp\/v2\/media?parent=105367"}],"wp:term":[{"taxonomy":"category","embeddable":true,"href":"https:\/\/www.tgrthaber.com\/mavikadin\/wp-json\/wp\/v2\/categories?post=105367"},{"taxonomy":"post_tag","embeddable":true,"href":"https:\/\/www.tgrthaber.com\/mavikadin\/wp-json\/wp\/v2\/tags?post=105367"}],"curies":[{"name":"wp","href":"https:\/\/api.w.org\/{rel}","templated":true}]}}