{"id":105481,"date":"2024-12-12T20:09:45","date_gmt":"2024-12-12T17:09:45","guid":{"rendered":"https:\/\/www.tgrthaber.com\/mavikadin\/?p=105481"},"modified":"2024-12-13T00:52:03","modified_gmt":"2024-12-12T21:52:03","slug":"cemre-bayselden-aytac-sasmaza-ask-dolu-paylasim","status":"publish","type":"post","link":"https:\/\/www.tgrthaber.com\/mavikadin\/cemre-bayselden-aytac-sasmaza-ask-dolu-paylasim\/","title":{"rendered":"Cemre Baysel\u2019den Ayta\u00e7 \u015ea\u015fmaz&#8217;a a\u015fk dolu payla\u015f\u0131m!"},"content":{"rendered":"<p>Son aylarda ili\u015fkilerine yeniden f\u0131rsat tan\u0131yan Ayta\u00e7 \u015ea\u015fmaz ve Cemre Baysel\u2019in birlikteli\u011fi s\u00fcr\u00fcyor. Cemre Baysel, sosyal medya hesab\u0131ndan duygusal bir payla\u015f\u0131m yaparken, Ayta\u00e7 \u015ea\u015fmaz\u2019dan da yan\u0131t k\u0131sa s\u00fcrede geldi. \u0130\u015fte Cemre Baysel\u2019in Ayta\u00e7 \u015ea\u015fmaz&#8217;a a\u015fk dolu payla\u015f\u0131m\u0131&#8230;<\/p>\n<h3>CEMRE BAYSEL\u2019DEN AYTA\u00c7 \u015eA\u015eMAZ&#8217;A A\u015eK DOLU PAYLA\u015eIM<\/h3>\n<p>Dizi setinde ba\u015flayan dostluklar\u0131 a\u015fka evrilen Ayta\u00e7 \u015ea\u015fmaz ve Cemre Baysel, beklenmedik bir \u015fekilde yollar\u0131n\u0131 ay\u0131rm\u0131\u015ft\u0131. \u00c7ift, 1,5 y\u0131l aradan sonra yeniden bir araya geldi. Bir s\u00fcredir ili\u015fkileri tutkulu bir \u015fekilde devam eden ikili, sosyal medya hesaplar\u0131ndan yapt\u0131klar\u0131 payla\u015f\u0131mlarla da ilgi oda\u011f\u0131 oluyor.<\/p>\n<p>Cemre Baysel son g\u00f6nderisinde sevgilisi ile siyah beyaz bir foto\u011fraf\u0131n\u0131 payla\u015ft\u0131. &#8216;D\u00fcn geceden&#8217; notunu ekledi\u011fi foto\u011fraf\u0131na sevgilisinden kalpli ve g\u00fcl emojili cevap gecikmedi.<\/p>\n<figure id=\"attachment_105493\" aria-describedby=\"caption-attachment-105493\" style=\"width: 770px\" class=\"wp-caption alignnone\"><img loading=\"lazy\" decoding=\"async\" class=\"size-full wp-image-105493\" src=\"https:\/\/www.tgrthaber.com\/mavikadin\/wp-content\/uploads\/Basliksiz-1vvv.jpg\" alt=\"Cemre Baysel\" width=\"770\" height=\"428\" title=\"\" srcset=\"https:\/\/www.tgrthaber.com\/mavikadin\/wp-content\/uploads\/Basliksiz-1vvv.jpg 770w, https:\/\/www.tgrthaber.com\/mavikadin\/wp-content\/uploads\/Basliksiz-1vvv-300x167.jpg 300w, https:\/\/www.tgrthaber.com\/mavikadin\/wp-content\/uploads\/Basliksiz-1vvv-768x427.jpg 768w\" sizes=\"(max-width: 770px) 100vw, 770px\" \/><figcaption id=\"caption-attachment-105493\" class=\"wp-caption-text\">Cemre Baysel<\/figcaption><\/figure>\n<h3>CEMRE BAYSEL K\u0130MD\u0130R?<\/h3>\n<p>5 \u015eubat 1999\u2019da \u0130zmir\u2019de d\u00fcnyaya geldi. Ege \u00dcniversitesi\u2019nde sanat \u00fczerine e\u011fitim ald\u0131. Televizyon ekranlar\u0131na ilk ad\u0131m\u0131n\u0131 2014 y\u0131l\u0131nda Ye\u015fil Deniz dizisinde yan bir rolle att\u0131. Daha sonra, 2017 y\u0131l\u0131nda \u0130simsizler dizisinde k\u0131sa bir s\u00fcre yer ald\u0131. Ard\u0131ndan, tarih\u00ee drama Payitaht Abd\u00fclhamid dizisinde &#8220;Firuze&#8221; karakterini oynad\u0131. 2018-2019 y\u0131llar\u0131 aras\u0131nda Elimi B\u0131rakma dizisindeki destekleyici rol\u00fcyle dikkat \u00e7ekti. Daha sonra su\u00e7 temal\u0131 drama Ramo dizisinde k\u00fc\u00e7\u00fck bir karakterle izleyici kar\u015f\u0131s\u0131na \u00e7\u0131kt\u0131. 2020 y\u0131l\u0131nda Sol Yan\u0131m dizisinde rol ald\u0131. 2021\u2019de yay\u0131mlanan romantik komedi t\u00fcr\u00fcndeki Baht Oyunu dizisinde Ayta\u00e7 \u015ea\u015fmaz\u2019la birlikte ba\u015frolde yer ald\u0131.<\/p>\n<p>Alt\u0131n Kelebek \u00d6d\u00fclleri\u2019nde Y\u0131ld\u0131z\u0131 Parlayanlar \u00d6d\u00fcl\u00fc\u2019ne lay\u0131k g\u00f6r\u00fcld\u00fc.<\/p>\n","protected":false},"excerpt":{"rendered":"<p>Birbirlerini unutamayan ve  k\u0131sa s\u00fcre \u00f6nce 1,5 y\u0131l ara verdikleri ili\u015fkilerine yeniden bir \u015fans vermi\u015f ve ikili, bir kez daha bir araya gelmi\u015fti. O g\u00fcnden beri hayranlar\u0131n\u0131n ilgisiyle kar\u015f\u0131la\u015fan ikili, sosyal medya hesab\u0131ndan bir payla\u015f\u0131m yapt\u0131. Cemre Baysel\u2019in a\u015fk dolu payla\u015f\u0131m\u0131na Ayta\u00e7 \u015ea\u015fmaz&#8217;dan cevap gecikmedi.<\/p>\n","protected":false},"author":2,"featured_media":105491,"comment_status":"closed","ping_status":"closed","sticky":false,"template":"","format":"standard","meta":{"rank_math_lock_modified_date":false,"footnotes":""},"categories":[76],"tags":[2520,133,2218],"class_list":["post-105481","post","type-post","status-publish","format-standard","has-post-thumbnail","hentry","category-magazin","tag-cemre-baysel","tag-magazin","tag-magazin-haberleri"],"_links":{"self":[{"href":"https:\/\/www.tgrthaber.com\/mavikadin\/wp-json\/wp\/v2\/posts\/105481"}],"collection":[{"href":"https:\/\/www.tgrthaber.com\/mavikadin\/wp-json\/wp\/v2\/posts"}],"about":[{"href":"https:\/\/www.tgrthaber.com\/mavikadin\/wp-json\/wp\/v2\/types\/post"}],"author":[{"embeddable":true,"href":"https:\/\/www.tgrthaber.com\/mavikadin\/wp-json\/wp\/v2\/users\/2"}],"replies":[{"embeddable":true,"href":"https:\/\/www.tgrthaber.com\/mavikadin\/wp-json\/wp\/v2\/comments?post=105481"}],"version-history":[{"count":4,"href":"https:\/\/www.tgrthaber.com\/mavikadin\/wp-json\/wp\/v2\/posts\/105481\/revisions"}],"predecessor-version":[{"id":105600,"href":"https:\/\/www.tgrthaber.com\/mavikadin\/wp-json\/wp\/v2\/posts\/105481\/revisions\/105600"}],"wp:featuredmedia":[{"embeddable":true,"href":"https:\/\/www.tgrthaber.com\/mavikadin\/wp-json\/wp\/v2\/media\/105491"}],"wp:attachment":[{"href":"https:\/\/www.tgrthaber.com\/mavikadin\/wp-json\/wp\/v2\/media?parent=105481"}],"wp:term":[{"taxonomy":"category","embeddable":true,"href":"https:\/\/www.tgrthaber.com\/mavikadin\/wp-json\/wp\/v2\/categories?post=105481"},{"taxonomy":"post_tag","embeddable":true,"href":"https:\/\/www.tgrthaber.com\/mavikadin\/wp-json\/wp\/v2\/tags?post=105481"}],"curies":[{"name":"wp","href":"https:\/\/api.w.org\/{rel}","templated":true}]}}