{"id":105523,"date":"2024-12-12T22:14:29","date_gmt":"2024-12-12T19:14:29","guid":{"rendered":"https:\/\/www.tgrthaber.com\/mavikadin\/?p=105523"},"modified":"2024-12-12T22:14:29","modified_gmt":"2024-12-12T19:14:29","slug":"kizilcik-serbeti-yapimcisi-faruk-turgutun-settar-tanriogen-itirafi-patladi-gitti","status":"publish","type":"post","link":"https:\/\/www.tgrthaber.com\/mavikadin\/kizilcik-serbeti-yapimcisi-faruk-turgutun-settar-tanriogen-itirafi-patladi-gitti\/","title":{"rendered":"K\u0131z\u0131lc\u0131k \u015eerbeti yap\u0131mc\u0131s\u0131 Faruk Turgut&#8217;un &#8216;Settar Tanr\u0131\u00f6\u011fen&#8217; itiraf\u0131 patlad\u0131 gitti!"},"content":{"rendered":"<p>Her Cuma ak\u015fam\u0131 saat 20.00&#8217;da Show TV&#8217;de yay\u0131nlanan K\u0131z\u0131lc\u0131k \u015eerbeti dizisinin ge\u00e7ti\u011fimiz sezonunda ge\u00e7irdi\u011fi beyin kanamas\u0131 rahats\u0131zl\u0131\u011f\u0131 nedeniyle sa\u011fl\u0131k problemleri ile m\u00fccadele etmek durumunda kal\u0131p diziden ayr\u0131lmak zorunda kalan oyuncu Settar Tanr\u0131\u00f6\u011fen&#8217;in yerine usta isim Ahmet M\u00fcmtaz Taylan gelmi\u015fti.<\/p>\n<p>K\u0131z\u0131lc\u0131k dizinin yap\u0131mc\u0131s\u0131 Faruk Turgut, aylar sonra ilk defa bu de\u011fi\u015fiklikle ilgili a\u00e7\u0131klamada bulundu. Yap\u0131mc\u0131 Turgut, eski Apo&#8217;nun dizideki inand\u0131r\u0131c\u0131l\u0131k a\u00e7\u0131s\u0131ndan daha etkili bir isim oldu\u011funu savunarak a\u00e7\u0131klamada bulundu.<\/p>\n<h3>KIZILCIK \u015eERBET\u0130 D\u0130Z\u0130S\u0130N\u0130N YAPIMCISI FARUK TURGUT&#8217;TAN APO \u0130T\u0130RAFI!<\/h3>\n<p>Ba\u015frollerinde S\u0131la T\u00fcrko\u011flu, Evrim Alasya, Feyza Civelek, Sibel Ta\u015f\u00e7\u0131o\u011flu, Ahmet M\u00fcmtaz Taylan ve Do\u011fukan G\u00fcng\u00f6r&#8217; gibi isimlerin yer ald\u0131\u011f\u0131 K\u0131z\u0131lc\u0131k \u015eerbeti&#8217;nin yap\u0131mc\u0131 olan Faruk Turgut&#8217;tan Settar Tanr\u0131\u00f6\u011fen itiraf\u0131 patlad\u0131 gitti.<\/p>\n<p><img loading=\"lazy\" decoding=\"async\" class=\"alignnone size-full wp-image-105530\" src=\"https:\/\/www.tgrthaber.com\/mavikadin\/wp-content\/uploads\/ff-1.png\" alt=\"\" width=\"991\" height=\"552\" title=\"\" srcset=\"https:\/\/www.tgrthaber.com\/mavikadin\/wp-content\/uploads\/ff-1.png 991w, https:\/\/www.tgrthaber.com\/mavikadin\/wp-content\/uploads\/ff-1-300x167.png 300w, https:\/\/www.tgrthaber.com\/mavikadin\/wp-content\/uploads\/ff-1-768x428.png 768w\" sizes=\"(max-width: 991px) 100vw, 991px\" \/><\/p>\n<p>Dizideki &#8216;Abdullah \u00dcnal&#8217;\u0131 oynayan eski Apo Settar Tanr\u0131\u00f6\u011fen sa\u011fl\u0131k problemlerinden dolay\u0131 ani bir \u015fekilde diziden ayr\u0131larak yerine uzun zamand\u0131r ekranlarda kendisini g\u00f6remedi\u011fimiz oyuncu Ahmet M\u00fcmtaz Taylan gelmi\u015fti. Seyirci taraf\u0131ndan yad\u0131rganan yeni Apo karakteri i\u00e7in izleyicinin yeni Apo&#8217;yu pek sevmedi\u011finin itiraf\u0131 gelmi\u015fti.<\/p>\n<h3>YAPIMCI FARUK TURGUT GELG\u0130TLER YA\u015eADI\u011eINI D\u0130LLEND\u0130RD\u0130!<\/h3>\n<p>Asl\u0131 \u015eafak&#8217;la \u0130\u015fin Asl\u0131 program\u0131na konuk olarak kat\u0131lan rekor k\u0131ran dizi K\u0131z\u0131lc\u0131k \u015eerbeti&#8217;nin yap\u0131mc\u0131s\u0131 Faruk Turgut, Ahmet M\u00fcmtaz Taylan&#8217;la ilgili \u00f6nemli bir itirafa imza atarak bomba bir a\u00e7\u0131klamada bulundu.<\/p>\n<h3>FARUK TURGUT: ROLE \u0130NANDIRICILIK BAKIMINDAN SETTAR AB\u0130 \u00c7OK DAHA FARKLI&#8230;<\/h3>\n<p>&#8220;Settar abiden ba\u015fka etkili Apo olmazd\u0131. Ger\u00e7i Ahmet M\u00fcmtaz \u015fu an onu aratm\u0131yor ama. Settar abinin yeri, konumu ayr\u0131. Settar abinin daha m\u00fclayim tavr\u0131 ve daha muhafazakar bir duru\u015fu vard\u0131. Role kar\u015f\u0131 inand\u0131r\u0131c\u0131l\u0131k a\u00e7\u0131s\u0131ndan Settar abi \u00e7ok daha farkl\u0131 bir pozisyon \u00e7izmi\u015fti.&#8221; diyerek eski Apo olan Settar Tanr\u0131\u00f6\u011fen&#8217;in dizideki karakter i\u00e7in daha do\u011fru bir isim oldu\u011funu dile getirdi.<\/p>\n<p><img loading=\"lazy\" decoding=\"async\" class=\"alignnone size-full wp-image-105531\" src=\"https:\/\/www.tgrthaber.com\/mavikadin\/wp-content\/uploads\/ee-2.png\" alt=\"\" width=\"991\" height=\"551\" title=\"\" srcset=\"https:\/\/www.tgrthaber.com\/mavikadin\/wp-content\/uploads\/ee-2.png 991w, https:\/\/www.tgrthaber.com\/mavikadin\/wp-content\/uploads\/ee-2-300x167.png 300w, https:\/\/www.tgrthaber.com\/mavikadin\/wp-content\/uploads\/ee-2-768x427.png 768w\" sizes=\"(max-width: 991px) 100vw, 991px\" \/><\/p>\n","protected":false},"excerpt":{"rendered":"<p>Her Cuma ak\u015fam\u0131 saat 20.00&#8217;da Show TV&#8217;de yay\u0131nlanan K\u0131z\u0131lc\u0131k \u015eerbeti dizisinin ge\u00e7ti\u011fimiz sezonunda ge\u00e7irdi\u011fi beyin kanamas\u0131 rahats\u0131zl\u0131\u011f\u0131 nedeniyle sa\u011fl\u0131k problemleri ile m\u00fccadele etmek durumunda kal\u0131p diziden ayr\u0131lmak zorunda kalan oyuncu Settar Tanr\u0131\u00f6\u011fen&#8217;in yerine usta isim Ahmet M\u00fcmtaz Taylan gelmi\u015fti. K\u0131z\u0131lc\u0131k dizinin yap\u0131mc\u0131s\u0131 Faruk Turgut, aylar sonra ilk defa bu de\u011fi\u015fiklikle ilgili a\u00e7\u0131klamada bulundu. Yap\u0131mc\u0131 Turgut, [&hellip;]<\/p>\n","protected":false},"author":27,"featured_media":105532,"comment_status":"closed","ping_status":"closed","sticky":false,"template":"","format":"standard","meta":{"rank_math_lock_modified_date":false,"footnotes":""},"categories":[602],"tags":[2580,3913,157,4099],"class_list":["post-105523","post","type-post","status-publish","format-standard","has-post-thumbnail","hentry","category-diziler","tag-ahmet-mumtaz-taylan","tag-faruk-turgut","tag-kizilcik-serbeti","tag-settar-tanriogen"],"_links":{"self":[{"href":"https:\/\/www.tgrthaber.com\/mavikadin\/wp-json\/wp\/v2\/posts\/105523"}],"collection":[{"href":"https:\/\/www.tgrthaber.com\/mavikadin\/wp-json\/wp\/v2\/posts"}],"about":[{"href":"https:\/\/www.tgrthaber.com\/mavikadin\/wp-json\/wp\/v2\/types\/post"}],"author":[{"embeddable":true,"href":"https:\/\/www.tgrthaber.com\/mavikadin\/wp-json\/wp\/v2\/users\/27"}],"replies":[{"embeddable":true,"href":"https:\/\/www.tgrthaber.com\/mavikadin\/wp-json\/wp\/v2\/comments?post=105523"}],"version-history":[{"count":1,"href":"https:\/\/www.tgrthaber.com\/mavikadin\/wp-json\/wp\/v2\/posts\/105523\/revisions"}],"predecessor-version":[{"id":105533,"href":"https:\/\/www.tgrthaber.com\/mavikadin\/wp-json\/wp\/v2\/posts\/105523\/revisions\/105533"}],"wp:featuredmedia":[{"embeddable":true,"href":"https:\/\/www.tgrthaber.com\/mavikadin\/wp-json\/wp\/v2\/media\/105532"}],"wp:attachment":[{"href":"https:\/\/www.tgrthaber.com\/mavikadin\/wp-json\/wp\/v2\/media?parent=105523"}],"wp:term":[{"taxonomy":"category","embeddable":true,"href":"https:\/\/www.tgrthaber.com\/mavikadin\/wp-json\/wp\/v2\/categories?post=105523"},{"taxonomy":"post_tag","embeddable":true,"href":"https:\/\/www.tgrthaber.com\/mavikadin\/wp-json\/wp\/v2\/tags?post=105523"}],"curies":[{"name":"wp","href":"https:\/\/api.w.org\/{rel}","templated":true}]}}