{"id":105524,"date":"2024-12-12T21:59:41","date_gmt":"2024-12-12T18:59:41","guid":{"rendered":"https:\/\/www.tgrthaber.com\/mavikadin\/?p=105524"},"modified":"2024-12-12T21:59:41","modified_gmt":"2024-12-12T18:59:41","slug":"yarginin-tugcesi-merve-ates-yeni-bir-gun-dizisi-ile-anlasti","status":"publish","type":"post","link":"https:\/\/www.tgrthaber.com\/mavikadin\/yarginin-tugcesi-merve-ates-yeni-bir-gun-dizisi-ile-anlasti\/","title":{"rendered":"Yarg\u0131\u2019n\u0131n Tu\u011f\u00e7e\u2019si Merve Ate\u015f Yeni Bir G\u00fcn dizisi ile anla\u015ft\u0131"},"content":{"rendered":"<p>Kanal D\u2019nin Emmy \u00f6d\u00fcll\u00fc dizisi Yarg\u0131, gen\u00e7 yetenekleriyle dikkat \u00e7ekti. Dizide Tu\u011f\u00e7e karakterine hayat veren ve ba\u015far\u0131l\u0131 performans\u0131yla ad\u0131ndan s\u00f6z ettiren Merve Ate\u015f, yeni projesiyle ekrana d\u00f6n\u00fcyor. Gen\u00e7 oyuncu Ay Yap\u0131m\u2019\u0131n atv i\u00e7in haz\u0131rlad\u0131\u011f\u0131 \u201cYeni Bir G\u00fcn\u201d dizisiyle anla\u015ft\u0131.<\/p>\n<h3>MERVE ATE\u015e, \u201cYEN\u0130 B\u0130R G\u00dcN\u201d D\u0130Z\u0130S\u0130NDE DEN\u0130Z KARAKTER\u0130N\u0130 OYNAYACAK<\/h3>\n<p>Merve Ate\u015f, \u0130ngiliz yap\u0131m\u0131 Keeping Faith dizisinden uyarlanan Yeni Bir G\u00fcn dizisinde, Ezgi Mola ve Salih Bademci\u2019nin canland\u0131rd\u0131\u011f\u0131 Nehir ve Serdar \u00e7iftinin k\u0131z\u0131 Deniz\u2019e hayat verecek. \u0130ki karde\u015fi olan Deniz, ya\u015fad\u0131\u011f\u0131 travmalarla m\u00fccadele ederken izleyicilere duygusal anlar ya\u015fatacak.<\/p>\n<p>Yeni Bir G\u00fcn oyuncu kadrosunda Ezgi Mola (Nehir), Salih Bademci (Serdar), Berkay Ate\u015f (Tuna), Nur S\u00fcrer (G\u00fcng\u00f6r), \u015e\u00fckran Oval\u0131 (\u00d6zlem), Melisa Do\u011fu (Suzan) ve El\u00e7in Afacan (Melike) gibi \u00f6nemli isimler yer al\u0131yor.<\/p>\n<p><img loading=\"lazy\" decoding=\"async\" class=\"alignnone  wp-image-105527\" src=\"https:\/\/www.tgrthaber.com\/mavikadin\/wp-content\/uploads\/merveeatesss_1695552253_3198846614146099352_35092353725-1024x683.jpg\" alt=\"\" width=\"1148\" height=\"766\" title=\"\" srcset=\"https:\/\/www.tgrthaber.com\/mavikadin\/wp-content\/uploads\/merveeatesss_1695552253_3198846614146099352_35092353725-1024x683.jpg 1024w, https:\/\/www.tgrthaber.com\/mavikadin\/wp-content\/uploads\/merveeatesss_1695552253_3198846614146099352_35092353725-300x200.jpg 300w, https:\/\/www.tgrthaber.com\/mavikadin\/wp-content\/uploads\/merveeatesss_1695552253_3198846614146099352_35092353725-768x512.jpg 768w, https:\/\/www.tgrthaber.com\/mavikadin\/wp-content\/uploads\/merveeatesss_1695552253_3198846614146099352_35092353725.jpg 1440w\" sizes=\"(max-width: 1148px) 100vw, 1148px\" \/><\/p>\n<h3>YEN\u0130 B\u0130R G\u00dcN D\u0130Z\u0130S\u0130 KONUSU NED\u0130R?<\/h3>\n<p>Yeni Bir G\u00fcn avukatl\u0131k mesle\u011fine \u00fc\u00e7\u00fcnc\u00fc \u00e7ocu\u011funu d\u00fcnyaya getirdikten sonra ara veren Nehir\u2019in (Ezgi Mola) hayat\u0131na odaklan\u0131yor. \u00dc\u00e7 \u00e7ocuk annesi Nehir, hem aile hayat\u0131n\u0131 dengede tutmaya hem de annelik sorumluluklar\u0131n\u0131 yerine getirmeye \u00e7al\u0131\u015f\u0131rken, e\u015fi Serdar\u2019la ya\u015fad\u0131\u011f\u0131 beklenmedik bir olay, t\u00fcm hayatlar\u0131n\u0131 alt \u00fcst eder.<\/p>\n<p>\u00c7a\u011fr\u0131 Bayrak\u2019\u0131n y\u00f6netmen koltu\u011funda oturdu\u011fu dizinin senaryosu Rana Mamatl\u0131o\u011flu ve Bekir Baran S\u0131tk\u0131 imzas\u0131 ta\u015f\u0131yor.<\/p>\n<p><img loading=\"lazy\" decoding=\"async\" class=\"alignnone  wp-image-105525\" src=\"https:\/\/www.tgrthaber.com\/mavikadin\/wp-content\/uploads\/ezomola_1709748760_3317935545768931382_6941910-850x849-1-1-1.jpg\" alt=\"\" width=\"1093\" height=\"1092\" title=\"\" srcset=\"https:\/\/www.tgrthaber.com\/mavikadin\/wp-content\/uploads\/ezomola_1709748760_3317935545768931382_6941910-850x849-1-1-1.jpg 850w, https:\/\/www.tgrthaber.com\/mavikadin\/wp-content\/uploads\/ezomola_1709748760_3317935545768931382_6941910-850x849-1-1-1-300x300.jpg 300w, https:\/\/www.tgrthaber.com\/mavikadin\/wp-content\/uploads\/ezomola_1709748760_3317935545768931382_6941910-850x849-1-1-1-150x150.jpg 150w, https:\/\/www.tgrthaber.com\/mavikadin\/wp-content\/uploads\/ezomola_1709748760_3317935545768931382_6941910-850x849-1-1-1-768x767.jpg 768w\" sizes=\"(max-width: 1093px) 100vw, 1093px\" \/><\/p>\n<h3>YEN\u0130 B\u0130R G\u00dcN NE ZAMAN YAYINLANACAK?<\/h3>\n<p>Dizinin yay\u0131n tarihiyle ilgili hen\u00fcz resmi bir a\u00e7\u0131klama yap\u0131lmad\u0131. Ocak ay\u0131nda sete \u00e7\u0131kmas\u0131 planlanan dizinin, 2024\u2019\u00fcn ilk aylar\u0131nda izleyiciyle bulu\u015fmas\u0131 bekleniyor. Daha \u00f6nce Show TV ekranlar\u0131nda yay\u0131nlanaca\u011f\u0131 konu\u015fulan dizi, son gelen bilgilere g\u00f6re atv\u2019de izleyici kar\u015f\u0131s\u0131na \u00e7\u0131kacak.<\/p>\n<p><img loading=\"lazy\" decoding=\"async\" class=\"alignnone  wp-image-105526\" src=\"https:\/\/www.tgrthaber.com\/mavikadin\/wp-content\/uploads\/salih-bademci-1.png\" alt=\"\" width=\"1094\" height=\"964\" title=\"\" srcset=\"https:\/\/www.tgrthaber.com\/mavikadin\/wp-content\/uploads\/salih-bademci-1.png 732w, https:\/\/www.tgrthaber.com\/mavikadin\/wp-content\/uploads\/salih-bademci-1-300x264.png 300w\" sizes=\"(max-width: 1094px) 100vw, 1094px\" \/><\/p>\n","protected":false},"excerpt":{"rendered":"<p>Kanal D\u2019nin ekranlara damga vuran dizisi Yarg\u0131\u2019daki Tu\u011f\u00e7e karakteriyle b\u00fcy\u00fck \u00e7\u0131k\u0131\u015f yapan Merve Ate\u015f, Yeni Bir G\u00fcn dizisiyle geri d\u00f6n\u00fcyor. Yeni Bir G\u00fcn dizisi konusu ve oyuncular\u0131 haberimizde.<\/p>\n","protected":false},"author":4,"featured_media":105528,"comment_status":"closed","ping_status":"closed","sticky":false,"template":"","format":"standard","meta":{"rank_math_lock_modified_date":false,"footnotes":""},"categories":[602],"tags":[270,4098,3186,777,3184],"class_list":["post-105524","post","type-post","status-publish","format-standard","has-post-thumbnail","hentry","category-diziler","tag-ezgi-mola","tag-merve-ates","tag-salih-bademci","tag-yargi","tag-yeni-bir-gun"],"_links":{"self":[{"href":"https:\/\/www.tgrthaber.com\/mavikadin\/wp-json\/wp\/v2\/posts\/105524"}],"collection":[{"href":"https:\/\/www.tgrthaber.com\/mavikadin\/wp-json\/wp\/v2\/posts"}],"about":[{"href":"https:\/\/www.tgrthaber.com\/mavikadin\/wp-json\/wp\/v2\/types\/post"}],"author":[{"embeddable":true,"href":"https:\/\/www.tgrthaber.com\/mavikadin\/wp-json\/wp\/v2\/users\/4"}],"replies":[{"embeddable":true,"href":"https:\/\/www.tgrthaber.com\/mavikadin\/wp-json\/wp\/v2\/comments?post=105524"}],"version-history":[{"count":1,"href":"https:\/\/www.tgrthaber.com\/mavikadin\/wp-json\/wp\/v2\/posts\/105524\/revisions"}],"predecessor-version":[{"id":105529,"href":"https:\/\/www.tgrthaber.com\/mavikadin\/wp-json\/wp\/v2\/posts\/105524\/revisions\/105529"}],"wp:featuredmedia":[{"embeddable":true,"href":"https:\/\/www.tgrthaber.com\/mavikadin\/wp-json\/wp\/v2\/media\/105528"}],"wp:attachment":[{"href":"https:\/\/www.tgrthaber.com\/mavikadin\/wp-json\/wp\/v2\/media?parent=105524"}],"wp:term":[{"taxonomy":"category","embeddable":true,"href":"https:\/\/www.tgrthaber.com\/mavikadin\/wp-json\/wp\/v2\/categories?post=105524"},{"taxonomy":"post_tag","embeddable":true,"href":"https:\/\/www.tgrthaber.com\/mavikadin\/wp-json\/wp\/v2\/tags?post=105524"}],"curies":[{"name":"wp","href":"https:\/\/api.w.org\/{rel}","templated":true}]}}