{"id":105553,"date":"2024-12-12T22:51:57","date_gmt":"2024-12-12T19:51:57","guid":{"rendered":"https:\/\/www.tgrthaber.com\/mavikadin\/?p=105553"},"modified":"2024-12-12T22:51:57","modified_gmt":"2024-12-12T19:51:57","slug":"caglar-ertugrul-ve-prens-dizisi-ekibinden-taktir-toplayan-hareket-ucretinin-tamamini-bagisladi","status":"publish","type":"post","link":"https:\/\/www.tgrthaber.com\/mavikadin\/caglar-ertugrul-ve-prens-dizisi-ekibinden-taktir-toplayan-hareket-ucretinin-tamamini-bagisladi\/","title":{"rendered":"\u00c7a\u011flar Ertu\u011frul ve Prens dizisi ekibinden taktir toplayan hareket! \u00dccretinin tamam\u0131n\u0131 ba\u011f\u0131\u015flad\u0131"},"content":{"rendered":"<p>\u2018Prens\u2019 dizisinde \u2018Kaptan Vandyke\u2019 rol\u00fcn\u00fc \u00fcstlenen \u00c7a\u011flar Ertu\u011frul\u2019a, Koruncuk Vakf\u0131 45. Y\u0131l Balosu\u2019nda e\u011fitim ve vak\u0131f \u00e7al\u0131\u015fmalar\u0131na katk\u0131lar\u0131ndan dolay\u0131 te\u015fekk\u00fcr plaketi takdim edildi. \u00c7a\u011flar Ertu\u011frul ve Prens dizisi ekibinden taktir toplayan hareket geldi. \u00dcnl\u00fc isim, \u00fccretinin tamam\u0131n\u0131 ba\u011f\u0131\u015flad\u0131.<\/p>\n<h3>\u00c7A\u011eLAR ERTU\u011eRUL&#8217;TAN TAKT\u0130R TOPLAYAN HAREKET<\/h3>\n<p>\u00c7a\u011flar Ertu\u011frul, \u2018Prens\u2019 dizisinde \u2018Kaptan Vandyke\u2019 rol\u00fcyle ekrana geldi. Vakf\u0131n 45. y\u0131l d\u00f6n\u00fcm\u00fcn\u00fcn kutland\u0131\u011f\u0131 \u00f6zel gecede \u00c7a\u011flar Ertu\u011frul, \u201cPrens\u201d dizisinin 3. sezonundan alaca\u011f\u0131 \u00fccretinin tamam\u0131n\u0131 da Koruncuk Vakf\u0131\u2019na ba\u011f\u0131\u015flayaca\u011f\u0131n\u0131 duyurdu. Ertu\u011frul, konu\u015fmas\u0131nda, \u201cGen\u00e7 k\u0131zlar i\u00e7in aile oldu\u011funuz i\u00e7in tekrar te\u015fekk\u00fcr ediyorum. Ayr\u0131ca bir s\u00fcredir \u00fczerinde \u00e7al\u0131\u015ft\u0131\u011f\u0131m bir projeyi, bu gece i\u00e7in faydal\u0131 olaca\u011f\u0131n\u0131 d\u00fc\u015f\u00fcnerek payla\u015fmak istiyorum. Yapt\u0131\u011f\u0131m i\u015fler o kadar \u015fansl\u0131y\u0131m ki hem \u00e7ocuklar hem de herkes taraf\u0131ndan seviliyor. En son Prens dizisindeki korsan rol\u00fcn\u00fc de \u00e7ok be\u011fendiler. Hatta ge\u00e7ti\u011fimiz g\u00fcn 5 ya\u015f\u0131ndaki bir k\u0131z \u00e7ocu\u011fuyla sahne \u00e7ekerken Prens\u2019in \u015fark\u0131s\u0131n\u0131 s\u00f6yl\u00fcyordu. Ve i\u015fte size m\u00fcjde; Prens\u2019in 3. sezonundan alaca\u011f\u0131m \u00fccretin tamam\u0131n\u0131 Koruncuk Vakf\u0131\u2019na ba\u011f\u0131\u015fl\u0131yorum\u201d diye belirtti.<\/p>\n<p>\u00d6zellikle ekonomik y\u00f6nden dezavantajl\u0131, \u00f6zellikle k\u0131z \u00e7ocuklar\u0131na bar\u0131nma ve e\u011fitim imkan\u0131 sa\u011flayan vak\u0131fla uzun s\u00fcredir i\u015fbirli\u011fi yapmaktan b\u00fcy\u00fck memnuniyet duydu\u011funu ifade etti.<\/p>\n<figure id=\"attachment_105558\" aria-describedby=\"caption-attachment-105558\" style=\"width: 580px\" class=\"wp-caption alignnone\"><img loading=\"lazy\" decoding=\"async\" class=\"size-full wp-image-105558\" src=\"https:\/\/www.tgrthaber.com\/mavikadin\/wp-content\/uploads\/oo-Kurtarildi.jpg\" alt=\"\u00c7a\u011flar Ertu\u011frul\" width=\"580\" height=\"485\" title=\"\" srcset=\"https:\/\/www.tgrthaber.com\/mavikadin\/wp-content\/uploads\/oo-Kurtarildi.jpg 580w, https:\/\/www.tgrthaber.com\/mavikadin\/wp-content\/uploads\/oo-Kurtarildi-300x251.jpg 300w\" sizes=\"(max-width: 580px) 100vw, 580px\" \/><figcaption id=\"caption-attachment-105558\" class=\"wp-caption-text\">\u00c7a\u011flar Ertu\u011frul<\/figcaption><\/figure>\n<h3>\u00c7A\u011eLAR ERTU\u011eRUL K\u0130MD\u0130R?<\/h3>\n<p>\u00c7a\u011flar Ertu\u011frul, 5 Kas\u0131m 1987 tarihinde \u0130zmir&#8217;in Kar\u015f\u0131yaka il\u00e7esinde d\u00fcnyaya geldi. Ailesi, Girit ve Bulgaristan k\u00f6kenli g\u00f6\u00e7menlerden olu\u015fmaktad\u0131r. 2005 senesinde Bornova Anadolu Lisesi&#8217;nden mezun oldu. 2011 y\u0131l\u0131nda Ko\u00e7 \u00dcniversitesi Makine M\u00fchendisli\u011fi b\u00f6l\u00fcm\u00fcn\u00fc tamamlad\u0131. Burada, tiyatro ile ilk kez tan\u0131\u015fma f\u0131rsat\u0131 buldu. Ayr\u0131ca, kendi YouTube kanal\u0131na sahip olup, buradan \u00e7e\u015fitli komedi tarz\u0131ndaki e\u011flenceli i\u00e7erikler payla\u015fmaktad\u0131r.<\/p>\n","protected":false},"excerpt":{"rendered":"<p>\u2018Prens\u2019 adl\u0131 dizide \u2018Kaptan Vandyke\u2019 rol\u00fcn\u00fc \u00fcstlenen \u00c7a\u011flar Ertu\u011frul, diziden alaca\u011f\u0131 \u00fccretin tamam\u0131n\u0131 Koruncuk Vakf\u0131\u2019na ba\u011f\u0131\u015flayaca\u011f\u0131n\u0131 duyurdu. \u00c7a\u011flar Ertu\u011frul ve dizi ekibi taktir toplad\u0131.<\/p>\n","protected":false},"author":2,"featured_media":105556,"comment_status":"closed","ping_status":"closed","sticky":false,"template":"","format":"standard","meta":{"rank_math_lock_modified_date":false,"footnotes":""},"categories":[76],"tags":[2847,133,2218],"class_list":["post-105553","post","type-post","status-publish","format-standard","has-post-thumbnail","hentry","category-magazin","tag-caglar-ertugrul","tag-magazin","tag-magazin-haberleri"],"_links":{"self":[{"href":"https:\/\/www.tgrthaber.com\/mavikadin\/wp-json\/wp\/v2\/posts\/105553"}],"collection":[{"href":"https:\/\/www.tgrthaber.com\/mavikadin\/wp-json\/wp\/v2\/posts"}],"about":[{"href":"https:\/\/www.tgrthaber.com\/mavikadin\/wp-json\/wp\/v2\/types\/post"}],"author":[{"embeddable":true,"href":"https:\/\/www.tgrthaber.com\/mavikadin\/wp-json\/wp\/v2\/users\/2"}],"replies":[{"embeddable":true,"href":"https:\/\/www.tgrthaber.com\/mavikadin\/wp-json\/wp\/v2\/comments?post=105553"}],"version-history":[{"count":3,"href":"https:\/\/www.tgrthaber.com\/mavikadin\/wp-json\/wp\/v2\/posts\/105553\/revisions"}],"predecessor-version":[{"id":105561,"href":"https:\/\/www.tgrthaber.com\/mavikadin\/wp-json\/wp\/v2\/posts\/105553\/revisions\/105561"}],"wp:featuredmedia":[{"embeddable":true,"href":"https:\/\/www.tgrthaber.com\/mavikadin\/wp-json\/wp\/v2\/media\/105556"}],"wp:attachment":[{"href":"https:\/\/www.tgrthaber.com\/mavikadin\/wp-json\/wp\/v2\/media?parent=105553"}],"wp:term":[{"taxonomy":"category","embeddable":true,"href":"https:\/\/www.tgrthaber.com\/mavikadin\/wp-json\/wp\/v2\/categories?post=105553"},{"taxonomy":"post_tag","embeddable":true,"href":"https:\/\/www.tgrthaber.com\/mavikadin\/wp-json\/wp\/v2\/tags?post=105553"}],"curies":[{"name":"wp","href":"https:\/\/api.w.org\/{rel}","templated":true}]}}