{"id":105633,"date":"2024-12-13T02:34:20","date_gmt":"2024-12-12T23:34:20","guid":{"rendered":"https:\/\/www.tgrthaber.com\/mavikadin\/?p=105633"},"modified":"2024-12-13T03:27:16","modified_gmt":"2024-12-13T00:27:16","slug":"inci-taneleri-dizisi-final-mi-yapiyor-azemin-sirri-her-seyi-degistirecek","status":"publish","type":"post","link":"https:\/\/www.tgrthaber.com\/mavikadin\/inci-taneleri-dizisi-final-mi-yapiyor-azemin-sirri-her-seyi-degistirecek\/","title":{"rendered":"\u0130nci Taneleri dizisi final mi yap\u0131yor? Azem&#8217;in s\u0131rr\u0131 her \u015feyi de\u011fi\u015ftirecek"},"content":{"rendered":"<p>Kanal D ekranlar\u0131n\u0131n merakla takip edilen dizisi \u0130nci Taneleri dizisi 26. b\u00f6l\u00fcm\u00fcnde izleyicilerine unutulmaz anlar ya\u015fat\u0131rken, diziyle ilgili yeni geli\u015fmeler izleyiciyi ekran ba\u015f\u0131na kilitledi. Y\u0131lmaz Erdo\u011fan, Hazar Erg\u00fc\u00e7l\u00fc, Selma Erge\u00e7, Kubilay Aka, G\u00fcven K\u0131ra\u00e7 ve Yasemin Ba\u015ftan gibi g\u00fc\u00e7l\u00fc oyuncu kadrosuyla dikkat \u00e7eken \u0130nci Taneleri dizisi, bu hafta ekranlara gelen yeni b\u00f6l\u00fcm\u00fcnde s\u00fcrprizlerle dolu bir hikaye ile izleyicilerin kar\u015f\u0131s\u0131na \u00e7\u0131kt\u0131. T\u00fcm bu geli\u015fmelerin ard\u0131ndan izleyici \u0130nci Taneleri ne zaman bitiyor, \u0130nci Taneleri final mi yap\u0131yor, Azem&#8217;in s\u0131rr\u0131 ne? gibi sorular\u0131n cevab\u0131n\u0131 aramaya ba\u015flad\u0131.<\/p>\n<h3>\u0130NC\u0130 TANELER\u0130&#8217;NDE AZEM&#8217;\u0130N SIRRI HER \u015eEY\u0130 DE\u011e\u0130\u015eT\u0130RECEK<\/h3>\n<p>\u0130nci Taneleri&#8217;nde Azem ger\u00e7ekleri k\u0131z\u0131na anlat\u0131yor. Dizide Azem\u2019in, k\u0131z\u0131 Nehir\u2019e ge\u00e7mi\u015fi anlataca\u011f\u0131n\u0131 s\u00f6ylemesi b\u00fcy\u00fck bir merak uyand\u0131rd\u0131. Bu s\u0131rada Azem\u2019in Piraye\u2019ye, \u201cHikayenin bitmesini bekleseniz\u201d \u015feklindeki s\u00f6zleri, izleyicilerin akl\u0131na final ihtimalini getirdi. Ekran ba\u015f\u0131ndakiler \u0130nci Taneleri ne zaman final yapacak? sorusunun cevab\u0131n\u0131 sormaya ba\u015flad\u0131. Azem\u2019in gizli s\u0131rr\u0131 nihayet g\u00fcn y\u00fcz\u00fcne \u00e7\u0131karken, bu s\u0131rad\u0131\u015f\u0131 geli\u015fme, dizinin finaline yakla\u015f\u0131ld\u0131\u011f\u0131n\u0131 d\u00fc\u015f\u00fcnd\u00fcrmeye ba\u015flad\u0131. \u0130nci Taneleri izleyicileri, bu yeni b\u00f6l\u00fcmdeki geli\u015fmelerin diziye nas\u0131l etki edece\u011fini ve Azem\u2019in s\u0131rr\u0131n\u0131n a\u00e7\u0131\u011fa \u00e7\u0131kmas\u0131n\u0131n hikayeyi nas\u0131l \u015fekillendirece\u011fini b\u00fcy\u00fck bir merakla izledi.<\/p>\n<p><img loading=\"lazy\" decoding=\"async\" class=\"alignnone wp-image-105639\" src=\"https:\/\/www.tgrthaber.com\/mavikadin\/wp-content\/uploads\/Ekran-goruntusu-2024-12-13-022036.png\" alt=\"\" width=\"1147\" height=\"654\" title=\"\" srcset=\"https:\/\/www.tgrthaber.com\/mavikadin\/wp-content\/uploads\/Ekran-goruntusu-2024-12-13-022036.png 826w, https:\/\/www.tgrthaber.com\/mavikadin\/wp-content\/uploads\/Ekran-goruntusu-2024-12-13-022036-300x171.png 300w, https:\/\/www.tgrthaber.com\/mavikadin\/wp-content\/uploads\/Ekran-goruntusu-2024-12-13-022036-768x438.png 768w\" sizes=\"(max-width: 1147px) 100vw, 1147px\" \/><\/p>\n<h3>\u0130NC\u0130 TANELER\u0130&#8217;NDE F\u0130NAL \u0130DD\u0130ASI G\u00dc\u00c7LEND\u0130<\/h3>\n<p>Final iddialar\u0131n\u0131n giderek g\u00fc\u00e7lendi\u011fi bu d\u00f6nemde, \u0130nci Taneleri izleyicileri \u015fok edici geli\u015fmelere tan\u0131k oldu. \u00d6zellikle Azem\u2019in a\u00e7\u0131klayaca\u011f\u0131 b\u00fcy\u00fck s\u0131rr\u0131n, dizinin gelece\u011fi hakk\u0131nda \u00f6nemli ipu\u00e7lar\u0131 verdi\u011fi konu\u015fuluyor. Dizinin 27. b\u00f6l\u00fcm\u00fc, 14 Aral\u0131k Per\u015fembe ak\u015fam\u0131 saat 20.00\u2019de Kanal D ekranlar\u0131nda yay\u0131nlanacak. Yeni b\u00f6l\u00fcmde, beklenen bu s\u0131rlar\u0131n ortaya \u00e7\u0131k\u0131\u015f\u0131 ve Azem\u2019in a\u00e7\u0131klamalar\u0131 dizinin finaline bir ad\u0131m daha yakla\u015fmam\u0131za neden olacak.<\/p>\n<p><img loading=\"lazy\" decoding=\"async\" class=\"alignnone wp-image-105640\" src=\"https:\/\/www.tgrthaber.com\/mavikadin\/wp-content\/uploads\/Ekran-goruntusu-2024-12-13-022058.png\" alt=\"\" width=\"1148\" height=\"696\" title=\"\" srcset=\"https:\/\/www.tgrthaber.com\/mavikadin\/wp-content\/uploads\/Ekran-goruntusu-2024-12-13-022058.png 828w, https:\/\/www.tgrthaber.com\/mavikadin\/wp-content\/uploads\/Ekran-goruntusu-2024-12-13-022058-300x182.png 300w, https:\/\/www.tgrthaber.com\/mavikadin\/wp-content\/uploads\/Ekran-goruntusu-2024-12-13-022058-768x466.png 768w\" sizes=\"(max-width: 1148px) 100vw, 1148px\" \/><\/p>\n<p>\u00d6n\u00fcm\u00fczdeki haftalarda \u0130nci Taneleri dizisinin izleyicilerine nas\u0131l bir s\u00fcrpriz yapaca\u011f\u0131 ise b\u00fcy\u00fck bir merak konusu.<\/p>\n<h3>\u0130NC\u0130 TANELER\u0130 KONUSU NED\u0130R?<\/h3>\n<p>Kanal D&#8217;nin sevilen dizisi \u0130nci Taneleri, hapishaneden \u00e7\u0131kt\u0131ktan sonra hayat\u0131n\u0131 yeniden kurmaya \u00e7al\u0131\u015fan bir adam\u0131n hikayesini derinlemesine i\u015fliyor. Azem Y\u00fcceda\u011f, y\u0131llarca cezaevinde ge\u00e7irdi\u011fi zaman\u0131n ard\u0131ndan nihayet \u00f6zg\u00fcrl\u00fc\u011f\u00fcne kavu\u015fuyor. Ancak ge\u00e7mi\u015fiyle hesapla\u015fmak zorunda kalan Azem, ac\u0131 dolu an\u0131lar\u0131n ve b\u00fcy\u00fck bir s\u0131rr\u0131n g\u00f6lgesinde hayat\u0131na y\u00f6n vermeye \u00e7al\u0131\u015f\u0131yor.<\/p>\n<p>Dizinin ana karakteri Azem, kolyesinden savrulan inci tanelerini bir araya getirmeye \u00e7al\u0131\u015f\u0131rken, ayn\u0131 zamanda hayat\u0131ndaki k\u0131r\u0131k d\u00f6k\u00fck par\u00e7alar\u0131 toplamak i\u00e7in m\u00fccadele veriyor. Onca y\u0131l\u0131n ard\u0131ndan \u00f6zg\u00fcrl\u00fc\u011f\u00fcn\u00fc kazanm\u0131\u015f olsa da, ta\u015f\u0131d\u0131\u011f\u0131 s\u0131rr\u0131n ve ya\u015fad\u0131\u011f\u0131 travmalar\u0131n etkisiyle ba\u015f ba\u015fa kal\u0131yor.<\/p>\n<p><img loading=\"lazy\" decoding=\"async\" class=\"alignnone wp-image-105641\" src=\"https:\/\/www.tgrthaber.com\/mavikadin\/wp-content\/uploads\/Ekran-goruntusu-2024-12-13-022157.png\" alt=\"\" width=\"1152\" height=\"653\" title=\"\" srcset=\"https:\/\/www.tgrthaber.com\/mavikadin\/wp-content\/uploads\/Ekran-goruntusu-2024-12-13-022157.png 817w, https:\/\/www.tgrthaber.com\/mavikadin\/wp-content\/uploads\/Ekran-goruntusu-2024-12-13-022157-300x170.png 300w, https:\/\/www.tgrthaber.com\/mavikadin\/wp-content\/uploads\/Ekran-goruntusu-2024-12-13-022157-768x435.png 768w\" sizes=\"(max-width: 1152px) 100vw, 1152px\" \/><\/p>\n<h3>\u0130NC\u0130 TANELER\u0130 OYUNCU KADROSU<\/h3>\n<ul>\n<li>Hazar Erg\u00fc\u00e7l\u00fc (Dilber)<\/li>\n<li>Y\u0131lmaz Erdo\u011fan (Azem)<\/li>\n<li>Selma Erge\u00e7<\/li>\n<li>Kubilay Aka<\/li>\n<li>R\u0131za Kocao\u011flu<\/li>\n<li>Sera Kutlubey<\/li>\n<li>G\u00fcven K\u0131ra\u00e7<\/li>\n<li>Yasemin Ba\u015ftan<\/li>\n<li>Bora Cengiz<\/li>\n<li>G\u00fclenay Kalkan<\/li>\n<\/ul>\n","protected":false},"excerpt":{"rendered":"<p>Kanal D&#8217;nin sevilen dizisi \u0130nci Taneleri, 26. b\u00f6l\u00fcm\u00fcnde heyecan dolu anlarla izleyicilerini \u015fa\u015f\u0131rtmaya devam ediyor. Azem\u2019in b\u00fcy\u00fck s\u0131rr\u0131n\u0131n g\u00fcn y\u00fcz\u00fcne \u00e7\u0131kmas\u0131 final iddialar\u0131n\u0131 g\u00fc\u00e7lendirdi. Peki \u0130nci Taneleri ne zaman bitiyor, \u0130nci Taneleri final mi yap\u0131yor, Azem&#8217;in s\u0131rr\u0131 ne?<\/p>\n","protected":false},"author":4,"featured_media":105642,"comment_status":"closed","ping_status":"closed","sticky":false,"template":"","format":"standard","meta":{"rank_math_lock_modified_date":false,"footnotes":""},"categories":[602],"tags":[322,3896,3034,4118,4117,3035],"class_list":["post-105633","post","type-post","status-publish","format-standard","has-post-thumbnail","hentry","category-diziler","tag-final","tag-hazar-erguclu","tag-inci-taneleri","tag-inci-taneleri-azem","tag-inci-taneleri-final","tag-yilmaz-erdogan"],"_links":{"self":[{"href":"https:\/\/www.tgrthaber.com\/mavikadin\/wp-json\/wp\/v2\/posts\/105633"}],"collection":[{"href":"https:\/\/www.tgrthaber.com\/mavikadin\/wp-json\/wp\/v2\/posts"}],"about":[{"href":"https:\/\/www.tgrthaber.com\/mavikadin\/wp-json\/wp\/v2\/types\/post"}],"author":[{"embeddable":true,"href":"https:\/\/www.tgrthaber.com\/mavikadin\/wp-json\/wp\/v2\/users\/4"}],"replies":[{"embeddable":true,"href":"https:\/\/www.tgrthaber.com\/mavikadin\/wp-json\/wp\/v2\/comments?post=105633"}],"version-history":[{"count":3,"href":"https:\/\/www.tgrthaber.com\/mavikadin\/wp-json\/wp\/v2\/posts\/105633\/revisions"}],"predecessor-version":[{"id":105657,"href":"https:\/\/www.tgrthaber.com\/mavikadin\/wp-json\/wp\/v2\/posts\/105633\/revisions\/105657"}],"wp:featuredmedia":[{"embeddable":true,"href":"https:\/\/www.tgrthaber.com\/mavikadin\/wp-json\/wp\/v2\/media\/105642"}],"wp:attachment":[{"href":"https:\/\/www.tgrthaber.com\/mavikadin\/wp-json\/wp\/v2\/media?parent=105633"}],"wp:term":[{"taxonomy":"category","embeddable":true,"href":"https:\/\/www.tgrthaber.com\/mavikadin\/wp-json\/wp\/v2\/categories?post=105633"},{"taxonomy":"post_tag","embeddable":true,"href":"https:\/\/www.tgrthaber.com\/mavikadin\/wp-json\/wp\/v2\/tags?post=105633"}],"curies":[{"name":"wp","href":"https:\/\/api.w.org\/{rel}","templated":true}]}}