{"id":105776,"date":"2024-12-13T12:48:28","date_gmt":"2024-12-13T09:48:28","guid":{"rendered":"https:\/\/www.tgrthaber.com\/mavikadin\/?p=105776"},"modified":"2024-12-13T14:19:28","modified_gmt":"2024-12-13T11:19:28","slug":"bebeklere-zeytinyagi-ne-zaman-ve-nasil-verilir-canan-karatay-onerdi-mamalara-biberonlara-mutlaka-katin","status":"publish","type":"post","link":"https:\/\/www.tgrthaber.com\/mavikadin\/bebeklere-zeytinyagi-ne-zaman-ve-nasil-verilir-canan-karatay-onerdi-mamalara-biberonlara-mutlaka-katin\/","title":{"rendered":"Bebeklere zeytinya\u011f\u0131 ne zaman ve nas\u0131l verilir? Canan Karatay \u00f6nerdi, mamalara, biberonlara mutlaka kat\u0131n!"},"content":{"rendered":"<p>Zeytinya\u011f\u0131 yaln\u0131z yeti\u015fkin de\u011fil bebek ve \u00e7ocuk beslenmesinde de mutlaka yer almas\u0131 \u00f6nerilen s\u00fcper g\u0131dalardan.<\/p>\n<p>\u00d6zellikle bebeklerin b\u00fcy\u00fcme ve geli\u015fiminde zeytinya\u011f\u0131n\u0131n ayr\u0131 bir yeri var. En bilinen faydas\u0131 bebe\u011fin ba\u011f\u0131rsaklar\u0131n\u0131 \u00e7al\u0131\u015ft\u0131r\u0131p bebeklerde kab\u0131zl\u0131\u011fa iyi gelmesi. Bunun d\u0131\u015f\u0131nda tekli doymam\u0131\u015f ya\u011f asidi ve oleik asit bak\u0131m\u0131ndan zengin i\u00e7eri\u011fiyle bebe\u011fin kalp sa\u011fl\u0131\u011f\u0131n\u0131 destekliyor, beyin geli\u015fiminde \u00f6nemli rol oynuyor, iltihab\u0131 azalt\u0131yor, oksidatif stresle m\u00fccadele edip ba\u011f\u0131\u015f\u0131kl\u0131k sistemini g\u00fc\u00e7lendiriyor.<\/p>\n<p>Zeytinya\u011f\u0131n\u0131n faydalar\u0131 ara\u015ft\u0131rmalara da konu oldu. Journal of the American College of Cardiology\u2019de \u201cABD Yeti\u015fkinlerinde Zeytinya\u011f\u0131 T\u00fcketimi ve Toplam ve Nedene Ba\u011fl\u0131 \u00d6l\u00fcm Riski\u201d adl\u0131 ABD&#8217;de ya\u015fayan 60 bin 582 kad\u0131n ve 31 bin 801 erkek \u00fczerinde yap\u0131lan \u00e7al\u0131\u015fmaya g\u00f6re zeytinya\u011f\u0131n\u0131 en \u00e7ok t\u00fcketen ki\u015filerde kardiyovask\u00fcler hastal\u0131k, solunum yolu kaynakl\u0131 ve kanserden \u00f6l\u00fcm riskinin \u00f6nemli \u00f6l\u00e7\u00fcde azald\u0131\u011f\u0131 g\u00f6r\u00fcld\u00fc.<\/p>\n<p>Peki bu kadar faydal\u0131 bir g\u0131da olan zeytinya\u011f\u0131 bebeklere ne zaman ve nas\u0131l verilmeli?<\/p>\n<h3>BEBEKLERE ZEYT\u0130NYA\u011eI NE ZAMAN VER\u0130L\u0130R?<\/h3>\n<p>Anne s\u00fct\u00fc bebeklerin ilk 6 ayda ihtiya\u00e7 duyabilece\u011fi t\u00fcm vitamin ve mineralleri \u00f6nemli \u00f6l\u00e7\u00fcde kar\u015f\u0131lar. Hatta anne s\u00fct\u00fcn\u00fcn %85\u2019i sudan olu\u015ftu\u011fundan dolay\u0131 bebe\u011fe ekstra su vermek dahi gerekmez.<\/p>\n<p>Ancak 6. Aydan itibaren anne s\u00fct\u00fc bebe\u011fin geli\u015fimi i\u00e7in tek ba\u015f\u0131na yeterli olmayabiliyor. Bu nedenle 6. aydan itibaren hatta baz\u0131 bebeklerde 5. aydan ba\u015flayarak ek g\u0131daya ge\u00e7iliyor.<\/p>\n<p>Ek g\u0131da d\u00f6neminde bebeklere verilecek t\u00fcm besinler \u00e7ok m\u00fchimdir. Zeytinya\u011f\u0131 da bebek beslenmesinde \u00f6nerilen besinlerden.<\/p>\n<p><strong>Bebeklere 6.aydan itibaren zeytinya\u011f\u0131 verilebilir, fakat bebeklere zeytinya\u011f\u0131 i\u00e7irilmemeli, yemeklerine, \u00e7orbalara, p\u00fcrelere, kahvalt\u0131lar\u0131na eklenmelidir.<\/strong><\/p>\n<p><img loading=\"lazy\" decoding=\"async\" class=\"wp-image-105784\" src=\"https:\/\/www.tgrthaber.com\/mavikadin\/wp-content\/uploads\/bebeklere-zeytinyagi-ne-zaman-verilir-6.jpg\" alt=\"bebeklere zeytinya\u011f\u0131 ne zaman verilir\" width=\"1280\" height=\"720\" title=\"\" srcset=\"https:\/\/www.tgrthaber.com\/mavikadin\/wp-content\/uploads\/bebeklere-zeytinyagi-ne-zaman-verilir-6.jpg 1920w, https:\/\/www.tgrthaber.com\/mavikadin\/wp-content\/uploads\/bebeklere-zeytinyagi-ne-zaman-verilir-6-300x169.jpg 300w, https:\/\/www.tgrthaber.com\/mavikadin\/wp-content\/uploads\/bebeklere-zeytinyagi-ne-zaman-verilir-6-1024x576.jpg 1024w, https:\/\/www.tgrthaber.com\/mavikadin\/wp-content\/uploads\/bebeklere-zeytinyagi-ne-zaman-verilir-6-768x432.jpg 768w, https:\/\/www.tgrthaber.com\/mavikadin\/wp-content\/uploads\/bebeklere-zeytinyagi-ne-zaman-verilir-6-1536x864.jpg 1536w\" sizes=\"(max-width: 1280px) 100vw, 1280px\" \/><\/p>\n<h3>BEBEKLERE ZEYT\u0130NYA\u011eI NASIL VER\u0130LMEL\u0130? BEBEKLERE ZEYT\u0130NYA\u011eI \u0130\u00c7\u0130R\u0130L\u0130R M\u0130?<\/h3>\n<p><strong>Bebeklere zeytinya\u011f\u0131 i\u00e7irilmemelidir!<\/strong><\/p>\n<p>Zeytinya\u011f\u0131 gibi s\u0131v\u0131lar\u0131n \u00f6ks\u00fcr\u00fcrken akci\u011ferlere ka\u00e7ma ihtimali vard\u0131r. Bu durum, aspirasyon ad\u0131 verilen solunum yollar\u0131nda ciddi problemlere yol a\u00e7abiliyor.<\/p>\n<p>Bebeklere zeytinya\u011f\u0131 i\u00e7irmek, \u00f6ks\u00fcrme esnas\u0131nda zeytinya\u011f\u0131n\u0131n akci\u011fere ka\u00e7ma riskini art\u0131rmaktad\u0131r. Bu nedenle bebeklere zeytinya\u011f\u0131 i\u00e7irilmemelidir.<\/p>\n<ul>\n<li>Yemekler pi\u015ftikten sonra bebe\u011fin yemeklerine eklenebilir.<\/li>\n<li>Peynir ve ha\u015flanm\u0131\u015f yumurtay\u0131 kar\u0131\u015ft\u0131r\u0131p zeytinya\u011f\u0131 eklenebilir.<\/li>\n<li>Sebze, et yemeklerine, p\u00fcrelere, \u00e7orbalara kat\u0131labilir.<\/li>\n<li>Omlet, pankek vb bebeklere haz\u0131rlanan yiyecekleri pi\u015firmek i\u00e7in zeytinya\u011f\u0131 kullan\u0131labilir.<\/li>\n<\/ul>\n<p><img loading=\"lazy\" decoding=\"async\" class=\"wp-image-105786\" src=\"https:\/\/www.tgrthaber.com\/mavikadin\/wp-content\/uploads\/bebeklere-zeytinyagi-ne-zaman-verilir-2.jpg\" alt=\"bebeklere zeytinya\u011f\u0131 ne zaman verilir\" width=\"1280\" height=\"720\" title=\"\" srcset=\"https:\/\/www.tgrthaber.com\/mavikadin\/wp-content\/uploads\/bebeklere-zeytinyagi-ne-zaman-verilir-2.jpg 1920w, https:\/\/www.tgrthaber.com\/mavikadin\/wp-content\/uploads\/bebeklere-zeytinyagi-ne-zaman-verilir-2-300x169.jpg 300w, https:\/\/www.tgrthaber.com\/mavikadin\/wp-content\/uploads\/bebeklere-zeytinyagi-ne-zaman-verilir-2-1024x576.jpg 1024w, https:\/\/www.tgrthaber.com\/mavikadin\/wp-content\/uploads\/bebeklere-zeytinyagi-ne-zaman-verilir-2-768x432.jpg 768w, https:\/\/www.tgrthaber.com\/mavikadin\/wp-content\/uploads\/bebeklere-zeytinyagi-ne-zaman-verilir-2-1536x864.jpg 1536w\" sizes=\"(max-width: 1280px) 100vw, 1280px\" \/><\/p>\n<h3>BEBEKLERE ZEYT\u0130NYA\u011eI NE KADAR VER\u0130L\u0130R?<\/h3>\n<p><strong>6.aydan itibaren bebeklere 1 \u00e7ay ka\u015f\u0131\u011f\u0131 zeytinya\u011f\u0131 verilebilir.<\/strong><\/p>\n<p>Yan etkiye neden olmad\u0131\u011f\u0131 takdirde 1-2 tatl\u0131 ka\u015f\u0131\u011f\u0131na kadar verilmesinin mahsuru olmaz. (Bebeklere do\u011frudan i\u00e7irilmemeli, yemeklere kat\u0131lmal\u0131)<\/p>\n<h3>1 AYLIK, 2 AYLIK, 3 AYLIK VE 4 AYLIK BEBE\u011eE ZEYT\u0130NYA\u011eI VER\u0130L\u0130R M\u0130, \u0130\u00c7\u0130R\u0130L\u0130R M\u0130?<\/h3>\n<p>Amerikan Pediatri Akademisi ve D\u00fcnya Sa\u011fl\u0131k \u00d6rg\u00fct\u00fc (WHO) bebeklerin ilk 6 ay boyunca yaln\u0131zca anne s\u00fct\u00fc almas\u0131n\u0131 tavsiye ediyor.<\/p>\n<p><strong>Prof. Dr. Canan Karatay bebeklerin biberonlar\u0131n\u0131n i\u00e7ine veya bebek mamalar\u0131n\u0131n i\u00e7lerine \u00e7ay ka\u015f\u0131\u011f\u0131 ile zeytinya\u011f\u0131 eklenebilece\u011fini \u00f6neriyor.<\/strong><\/p>\n<p>6 ayl\u0131ktan k\u00fc\u00e7\u00fck bebeklere zeytinya\u011f\u0131 kullan\u0131m\u0131 i\u00e7in doktora dan\u0131\u015fmal\u0131d\u0131r.<\/p>\n<p><img loading=\"lazy\" decoding=\"async\" class=\"wp-image-105789\" src=\"https:\/\/www.tgrthaber.com\/mavikadin\/wp-content\/uploads\/bebeklere-zeytinyagi-ne-zaman-verilir-3.jpg\" alt=\"bebeklere zeytinya\u011f\u0131 ne zaman verilir\" width=\"1280\" height=\"720\" title=\"\" srcset=\"https:\/\/www.tgrthaber.com\/mavikadin\/wp-content\/uploads\/bebeklere-zeytinyagi-ne-zaman-verilir-3.jpg 1920w, https:\/\/www.tgrthaber.com\/mavikadin\/wp-content\/uploads\/bebeklere-zeytinyagi-ne-zaman-verilir-3-300x169.jpg 300w, https:\/\/www.tgrthaber.com\/mavikadin\/wp-content\/uploads\/bebeklere-zeytinyagi-ne-zaman-verilir-3-1024x576.jpg 1024w, https:\/\/www.tgrthaber.com\/mavikadin\/wp-content\/uploads\/bebeklere-zeytinyagi-ne-zaman-verilir-3-768x432.jpg 768w, https:\/\/www.tgrthaber.com\/mavikadin\/wp-content\/uploads\/bebeklere-zeytinyagi-ne-zaman-verilir-3-1536x864.jpg 1536w\" sizes=\"(max-width: 1280px) 100vw, 1280px\" \/><\/p>\n<h3>KAKASINI YAPAMAYAN BEBEKLERE ZEYT\u0130NYA\u011eI VER\u0130L\u0130R M\u0130?<\/h3>\n<p>Zeytinya\u011f\u0131 bebeklerde kab\u0131zl\u0131k i\u00e7in do\u011fal \u00e7\u00f6z\u00fcmd\u00fcr.<\/p>\n<p>Bebeklerin mamalar\u0131na, yemeklerine, kahvalt\u0131lar\u0131na her g\u00fcn zeytinya\u011f\u0131 ekleyerek bebeklerde kab\u0131zl\u0131\u011f\u0131 \u00f6nleyebilirsiniz.<\/p>\n<p><img loading=\"lazy\" decoding=\"async\" class=\"wp-image-105790\" src=\"https:\/\/www.tgrthaber.com\/mavikadin\/wp-content\/uploads\/bebeklere-zeytinyagi-ne-zaman-verilir-4.jpg\" alt=\"bebeklere zeytinya\u011f\u0131 ne zaman verilir\" width=\"1280\" height=\"720\" title=\"\" srcset=\"https:\/\/www.tgrthaber.com\/mavikadin\/wp-content\/uploads\/bebeklere-zeytinyagi-ne-zaman-verilir-4.jpg 1920w, https:\/\/www.tgrthaber.com\/mavikadin\/wp-content\/uploads\/bebeklere-zeytinyagi-ne-zaman-verilir-4-300x169.jpg 300w, https:\/\/www.tgrthaber.com\/mavikadin\/wp-content\/uploads\/bebeklere-zeytinyagi-ne-zaman-verilir-4-1024x576.jpg 1024w, https:\/\/www.tgrthaber.com\/mavikadin\/wp-content\/uploads\/bebeklere-zeytinyagi-ne-zaman-verilir-4-768x432.jpg 768w, https:\/\/www.tgrthaber.com\/mavikadin\/wp-content\/uploads\/bebeklere-zeytinyagi-ne-zaman-verilir-4-1536x864.jpg 1536w\" sizes=\"(max-width: 1280px) 100vw, 1280px\" \/><\/p>\n<h3>BEBEKLERE ZEYT\u0130NYA\u011eININ FAYDALARI<\/h3>\n<p>Zeytinya\u011f\u0131 t\u00fcketimi, bebeklerin b\u00fcy\u00fcme ve geli\u015fiminde \u00f6nemli bir yere sahiptir. Zeytinya\u011f\u0131n\u0131n bebeklere faydalar\u0131 \u015f\u00f6yle s\u0131ralanabilir:<\/p>\n<ul>\n<li>Yemeklere, kahvalt\u0131lara zeytinya\u011f\u0131 eklemek bebeklerin ya\u011f al\u0131m\u0131n\u0131 sa\u011fl\u0131kl\u0131 bir \u015fekilde destekliyor, ba\u011f\u0131rsaklar\u0131 yumu\u015fat\u0131p kab\u0131zl\u0131\u011fa iyi geliyor.<\/li>\n<li>Zeytinya\u011f\u0131 antioksidanlar ile A, D, E ve K vitaminleri i\u00e7erikleri sayesinde bebe\u011fin ba\u011f\u0131\u015f\u0131kl\u0131\u011f\u0131n\u0131 g\u00fc\u00e7lendiriyor, hastalanmas\u0131n\u0131 \u00f6nl\u00fcyor.<\/li>\n<li>Bebe\u011fin ald\u0131\u011f\u0131 besinlerin v\u00fccutta daha iyi emilmesine katk\u0131 sa\u011flayarak sa\u011fl\u0131kl\u0131 bir geli\u015fim s\u00fcrecinde \u00f6nemli rol oynuyor.<\/li>\n<li>Antioksidan a\u00e7\u0131s\u0131ndan zengin \u00f6zleriyle bebekleri kanserden koruyor.<\/li>\n<\/ul>\n","protected":false},"excerpt":{"rendered":"<p>Zeytinya\u011f\u0131, i\u00e7erdi\u011fi zengin besin \u00f6\u011feleri sayesinde bebe\u011fin b\u00fcy\u00fcme ve geli\u015fiminde \u00f6nemli rol oynamaktad\u0131r. Bebekteki kab\u0131zl\u0131\u011fa iyi gelir, ba\u011f\u0131\u015f\u0131kl\u0131k sistemini destekler, kanseri \u00f6nler. Peki bebeklere zeytinya\u011f\u0131 verilir mi, i\u00e7irilir mi?<\/p>\n","protected":false},"author":30,"featured_media":105791,"comment_status":"closed","ping_status":"closed","sticky":false,"template":"","format":"standard","meta":{"rank_math_lock_modified_date":false,"footnotes":""},"categories":[111],"tags":[4049,3426],"class_list":["post-105776","post","type-post","status-publish","format-standard","has-post-thumbnail","hentry","category-anne-cocuk","tag-bebek-beslenmesi","tag-zeytinyagi"],"_links":{"self":[{"href":"https:\/\/www.tgrthaber.com\/mavikadin\/wp-json\/wp\/v2\/posts\/105776"}],"collection":[{"href":"https:\/\/www.tgrthaber.com\/mavikadin\/wp-json\/wp\/v2\/posts"}],"about":[{"href":"https:\/\/www.tgrthaber.com\/mavikadin\/wp-json\/wp\/v2\/types\/post"}],"author":[{"embeddable":true,"href":"https:\/\/www.tgrthaber.com\/mavikadin\/wp-json\/wp\/v2\/users\/30"}],"replies":[{"embeddable":true,"href":"https:\/\/www.tgrthaber.com\/mavikadin\/wp-json\/wp\/v2\/comments?post=105776"}],"version-history":[{"count":2,"href":"https:\/\/www.tgrthaber.com\/mavikadin\/wp-json\/wp\/v2\/posts\/105776\/revisions"}],"predecessor-version":[{"id":105799,"href":"https:\/\/www.tgrthaber.com\/mavikadin\/wp-json\/wp\/v2\/posts\/105776\/revisions\/105799"}],"wp:featuredmedia":[{"embeddable":true,"href":"https:\/\/www.tgrthaber.com\/mavikadin\/wp-json\/wp\/v2\/media\/105791"}],"wp:attachment":[{"href":"https:\/\/www.tgrthaber.com\/mavikadin\/wp-json\/wp\/v2\/media?parent=105776"}],"wp:term":[{"taxonomy":"category","embeddable":true,"href":"https:\/\/www.tgrthaber.com\/mavikadin\/wp-json\/wp\/v2\/categories?post=105776"},{"taxonomy":"post_tag","embeddable":true,"href":"https:\/\/www.tgrthaber.com\/mavikadin\/wp-json\/wp\/v2\/tags?post=105776"}],"curies":[{"name":"wp","href":"https:\/\/api.w.org\/{rel}","templated":true}]}}