{"id":106066,"date":"2024-12-13T16:49:20","date_gmt":"2024-12-13T13:49:20","guid":{"rendered":"https:\/\/www.tgrthaber.com\/mavikadin\/?p=106066"},"modified":"2024-12-13T16:52:31","modified_gmt":"2024-12-13T13:52:31","slug":"leyla-dizisinden-ayrilan-gamze-karadumanin-yerine-buse-sinem-iren-geldi","status":"publish","type":"post","link":"https:\/\/www.tgrthaber.com\/mavikadin\/leyla-dizisinden-ayrilan-gamze-karadumanin-yerine-buse-sinem-iren-geldi\/","title":{"rendered":"Leyla dizisinden ayr\u0131lan Gamze Karaduman\u2019\u0131n yerine Buse Sinem \u0130ren geldi!"},"content":{"rendered":"<p>NOW TV ekranlar\u0131n\u0131n sevilen ve geni\u015f izleyici kitlesine sahip olan dizisi \u201cLeyla: Hayat\u2026 A\u015fk\u2026 Adalet\u201d yay\u0131n hayat\u0131na t\u00fcm h\u0131z\u0131yla devam ediyor. Yay\u0131mland\u0131\u011f\u0131 g\u00fcnden bu yana ilgiyle takip edilen dizi reyting rekorlar\u0131 k\u0131rmaya devam ediyor. Dizi hem konusuyla hem de g\u00fc\u00e7l\u00fc oyuncu kadrosuyla dikkatleri \u00fczerine \u00e7ekiyor.<\/p>\n<p>Oyuncu kadrosuyla da seyircinin dikkatini \u00e7eken Leyla: Hayat\u2026 A\u015fk\u2026 Adalet dizisinde ge\u00e7ti\u011fimiz g\u00fcnlerde s\u00fcrpriz bir ayr\u0131l\u0131k ya\u015fanm\u0131\u015ft\u0131. \u201cFerda\u201d karakterine can veren Gamze Karaduman\u2019\u0131n diziden ayr\u0131ld\u0131\u011f\u0131 \u00f6\u011frenilmi\u015fti. Leyla dizisinden ayr\u0131lan Gamze Karaduman\u2019\u0131n yerine hangi oyuncunun gelece\u011fi de merak edilmi\u015fti. Gamze Karaduman\u2019\u0131n yerine benzeri bulundu. Diziye \u201cFerda\u201d karakteri olarak devam edecek isim \u201cBuse Sinem \u0130ren\u201d oldu.<\/p>\n<h3>GAMZE KARADUMAN\u2019IN YER\u0130NE BENZER\u0130 BULUNDU!<\/h3>\n<p>Ge\u00e7ti\u011fimiz g\u00fcnlerde NOW TV ekranlar\u0131nda yay\u0131mlanan geni\u015f bir izleyici kitlesine sahip olan Leyla: Hayat\u2026 A\u015fk\u2026 Adalet dizisinde s\u00fcrpriz bir ayr\u0131l\u0131k ya\u015fanm\u0131\u015ft\u0131. Ferda karakterine can veren Gamze Karaduman\u2019\u0131n diziye veda etti\u011fi \u00f6\u011frenilmi\u015fti. S\u00fcrpriz ayr\u0131l\u0131k sonras\u0131 Gamze Karaduman\u2019\u0131n yerine hangi oyuncunun gelece\u011fi merak edilmi\u015fti. Leyla dizisinin Ferda\u2019s\u0131n\u0131 canland\u0131ran Gamze Karaduman\u2019\u0131n yerine benzeri bulundu.<\/p>\n<p><img loading=\"lazy\" decoding=\"async\" class=\"alignnone wp-image-106071\" src=\"https:\/\/www.tgrthaber.com\/mavikadin\/wp-content\/uploads\/Adsiz-tasarim-38-8-1024x576.jpg\" alt=\"Buse Sinem \u0130ren \" width=\"1280\" height=\"720\" title=\"\" srcset=\"https:\/\/www.tgrthaber.com\/mavikadin\/wp-content\/uploads\/Adsiz-tasarim-38-8-1024x576.jpg 1024w, https:\/\/www.tgrthaber.com\/mavikadin\/wp-content\/uploads\/Adsiz-tasarim-38-8-300x169.jpg 300w, https:\/\/www.tgrthaber.com\/mavikadin\/wp-content\/uploads\/Adsiz-tasarim-38-8-768x432.jpg 768w, https:\/\/www.tgrthaber.com\/mavikadin\/wp-content\/uploads\/Adsiz-tasarim-38-8-1536x864.jpg 1536w, https:\/\/www.tgrthaber.com\/mavikadin\/wp-content\/uploads\/Adsiz-tasarim-38-8.jpg 1600w\" sizes=\"(max-width: 1280px) 100vw, 1280px\" \/><\/p>\n<p>Leyla: Hayat\u2026 A\u015fk\u2026 Adalet dizisine, Ferda karakteri ile devam edecek oyuncunun kim oldu\u011fu izleyiciler taraf\u0131ndan da merak edilmi\u015fti. Leyla dizinde ya\u015fanan s\u00fcrpriz ayr\u0131l\u0131\u011fa oyuncuya \u00e7ok benzeyen ba\u015fka bir oyuncuyla \u00e7\u00f6z\u00fcm bulundu. Gamze Karaduman\u2019\u0131n dizeye veda etmesiyle Ferda karakterini ba\u015fka bir oyuncunun canland\u0131raca\u011f\u0131 \u00f6\u011frenilmi\u015fti. Diziye \u201cFerda\u201d karakteri olarak devam edecek oyuncunun \u201cBuse Sinem \u0130ren\u201d oldu\u011fu \u00f6\u011frenildi.<\/p>\n<h3>\u0130K\u0130 OYUNCUNUN BENZERL\u0130\u011e\u0130 D\u0130KKAT \u00c7EKT\u0130!<\/h3>\n<p>NOW TV ekranlar\u0131n\u0131n sevilen dizisi Leyla: Hayat\u2026 A\u015fk\u2026 Adalet\u2019in Ferda\u2019s\u0131 Gamze Karaduman projeden ayr\u0131lm\u0131\u015ft\u0131. Karaduman\u2019\u0131n diziden ayr\u0131lmas\u0131yla birlikte yeni oyuncu aray\u0131\u015flar\u0131 ba\u015flam\u0131\u015ft\u0131. Yeni oyuncu aray\u0131\u015f\u0131 Gamze Karaduman\u2019a \u00e7ok benzeyen bir ba\u015fka oyuncunun bulunmas\u0131yla sona erdi.<\/p>\n<p><img loading=\"lazy\" decoding=\"async\" class=\"alignnone wp-image-106073\" src=\"https:\/\/www.tgrthaber.com\/mavikadin\/wp-content\/uploads\/Adsiz-tasarim-37-8-1024x576.jpg\" alt=\"Leyla dizisinden ayr\u0131lan Gamze Karaduman\u2019\u0131n yerine Buse Sinem \u0130ren geldi! \" width=\"1280\" height=\"720\" title=\"\" srcset=\"https:\/\/www.tgrthaber.com\/mavikadin\/wp-content\/uploads\/Adsiz-tasarim-37-8-1024x576.jpg 1024w, https:\/\/www.tgrthaber.com\/mavikadin\/wp-content\/uploads\/Adsiz-tasarim-37-8-300x169.jpg 300w, https:\/\/www.tgrthaber.com\/mavikadin\/wp-content\/uploads\/Adsiz-tasarim-37-8-768x432.jpg 768w, https:\/\/www.tgrthaber.com\/mavikadin\/wp-content\/uploads\/Adsiz-tasarim-37-8-1536x864.jpg 1536w, https:\/\/www.tgrthaber.com\/mavikadin\/wp-content\/uploads\/Adsiz-tasarim-37-8.jpg 1600w\" sizes=\"(max-width: 1280px) 100vw, 1280px\" \/><\/p>\n<p>Leyla dizinde ya\u015fanan ayr\u0131l\u0131\u011fa oyuncuya \u00e7ok benzeyen ba\u015fka bir oyuncuyla \u00e7\u00f6z\u00fcm bulundu. Diziye \u201cFerda\u201d karakteri olarak devam edecek oyuncu, Gamze Karaduman\u2019a \u00e7ok benzeyen Buse Sinem \u0130ren oldu. Gamze Karaduman\u2019a benzerli\u011fiyle dikkatleri \u00fczerine \u00e7eken \u0130ren, \u201cKim Milyoner Olmak \u0130ster\u201d yar\u0131\u015fmas\u0131na kat\u0131larak dikkatleri \u00fczerine \u00e7ekmi\u015fti. Be\u015fikta\u015f K\u00fclt\u00fcr Merkezi oyuncular\u0131 aras\u0131nda yer alan \u0130ren, daha \u00f6nce ATV ekranlar\u0131nda yay\u0131mlanan \u201c\u00c7ocuklar Duymas\u0131n\u201d dizisinde \u201cSimay\u201d karakterine can vermi\u015fti.<\/p>\n<p><img loading=\"lazy\" decoding=\"async\" class=\"alignnone wp-image-106076\" src=\"https:\/\/www.tgrthaber.com\/mavikadin\/wp-content\/uploads\/Adsiz-tasarim-41-11-1024x576.jpg\" alt=\"Leyla dizisinden ayr\u0131lan Gamze Karaduman\u2019\u0131n yerine Buse Sinem \u0130ren geldi! \" width=\"1280\" height=\"720\" title=\"\" srcset=\"https:\/\/www.tgrthaber.com\/mavikadin\/wp-content\/uploads\/Adsiz-tasarim-41-11-1024x576.jpg 1024w, https:\/\/www.tgrthaber.com\/mavikadin\/wp-content\/uploads\/Adsiz-tasarim-41-11-300x169.jpg 300w, https:\/\/www.tgrthaber.com\/mavikadin\/wp-content\/uploads\/Adsiz-tasarim-41-11-768x432.jpg 768w, https:\/\/www.tgrthaber.com\/mavikadin\/wp-content\/uploads\/Adsiz-tasarim-41-11-1536x864.jpg 1536w, https:\/\/www.tgrthaber.com\/mavikadin\/wp-content\/uploads\/Adsiz-tasarim-41-11.jpg 1600w\" sizes=\"(max-width: 1280px) 100vw, 1280px\" \/><\/p>\n<p>\u015eimdilerde NOW TV ekranlar\u0131n\u0131n sevilen dizisi Leyla: Hayat\u2026 A\u015fk\u2026 Adalet\u2019te Ferda karakterine can verecek olan Buse Sinem \u0130ren, stand up g\u00f6sterileriyle de ad\u0131ndan s\u00f6z ettiriyor. Mimar Sinan \u00dcniversitesi Sanat Tarihi B\u00f6l\u00fcm\u00fc mezunu \u0130ren\u2019in oyunculuk performans\u0131 herkes taraf\u0131ndan merak ediliyor.<\/p>\n<h3>GAMZE KARADUMAN D\u0130Z\u0130DEN NEDEN AYRILMI\u015eTI?<\/h3>\n<p>Leyla: Hayat\u2026 A\u015fk\u2026 Adalet dizinde \u201cFerda\u201d karakterine can veren Gamze Karaduman\u2019\u0131n diziden ayr\u0131ld\u0131\u011f\u0131 \u00f6\u011frenilmi\u015fti. S\u00fcrpriz ayr\u0131l\u0131\u011f\u0131yla herkesi \u015fa\u015f\u0131rtan Karaduman\u2019\u0131n diziye neden veda etti\u011fi merak edilmi\u015fti. Yo\u011fun bir izleyici kitlesine sahip olan Leyla dizinde \u00f6nemli bir karakteri canland\u0131ran Gamze Karaduman\u2019\u0131n diziye sa\u011fl\u0131k sorunlar\u0131 nedeniyle veda etti\u011fi \u00f6\u011frenilmi\u015fti.<\/p>\n<p><img loading=\"lazy\" decoding=\"async\" class=\"alignnone wp-image-106075\" src=\"https:\/\/www.tgrthaber.com\/mavikadin\/wp-content\/uploads\/Adsiz-tasarim-40-12-1024x576.jpg\" alt=\"Leyla dizisinden ayr\u0131lan Gamze Karaduman\u2019\u0131n yerine Buse Sinem \u0130ren geldi! \" width=\"1280\" height=\"720\" title=\"\" srcset=\"https:\/\/www.tgrthaber.com\/mavikadin\/wp-content\/uploads\/Adsiz-tasarim-40-12-1024x576.jpg 1024w, https:\/\/www.tgrthaber.com\/mavikadin\/wp-content\/uploads\/Adsiz-tasarim-40-12-300x169.jpg 300w, https:\/\/www.tgrthaber.com\/mavikadin\/wp-content\/uploads\/Adsiz-tasarim-40-12-768x432.jpg 768w, https:\/\/www.tgrthaber.com\/mavikadin\/wp-content\/uploads\/Adsiz-tasarim-40-12-1536x864.jpg 1536w, https:\/\/www.tgrthaber.com\/mavikadin\/wp-content\/uploads\/Adsiz-tasarim-40-12.jpg 1600w\" sizes=\"(max-width: 1280px) 100vw, 1280px\" \/><\/p>\n<p>Leyla: Hayat\u2026 A\u015fk\u2026 Adalet dizisinin son b\u00f6l\u00fcmlerinde Ferda karakterine yer verilmemesi ve Gamze Karaduman\u2019\u0131n ad\u0131n\u0131n jenerikte yer almamaya ba\u015flamas\u0131, hayranlar\u0131n\u0131 merakta b\u0131rakm\u0131\u015ft\u0131. Ferda karakterine can veren Gamze Karaduman\u2019\u0131n, sa\u011fl\u0131k sorunlar\u0131 nedeniyle projeye veda etti\u011fi \u00f6\u011frenilmi\u015fti. Karaduman\u2019\u0131n sa\u011fl\u0131k nedenleriyle yap\u0131m \u015firketiyle kar\u015f\u0131l\u0131kl\u0131 anla\u015farak projeden ayr\u0131ld\u0131\u011f\u0131 \u00f6\u011frenilmi\u015fti.<\/p>\n","protected":false},"excerpt":{"rendered":"<p>Gamze Karaduman\u2019\u0131n ge\u00e7ti\u011fimiz g\u00fcnlerde Leyla dizisinden ayr\u0131ld\u0131\u011f\u0131 \u00f6\u011frenilmi\u015fti. Bunun \u00fczerine Gamze Karaduman\u2019\u0131n yerine hangi oyuncunun gelece\u011fi merak edildi. Bak\u0131n Gamze Karaduman\u2019\u0131n yerine hangi oyuncu geldi\u2026 <\/p>\n","protected":false},"author":26,"featured_media":106074,"comment_status":"closed","ping_status":"closed","sticky":false,"template":"","format":"standard","meta":{"rank_math_lock_modified_date":false,"footnotes":""},"categories":[602],"tags":[4194,4015,1055,2521],"class_list":["post-106066","post","type-post","status-publish","format-standard","has-post-thumbnail","hentry","category-diziler","tag-buse-sinem-iren","tag-gamze-karaduman","tag-leyla","tag-leyla-hayat-ask-adalet"],"_links":{"self":[{"href":"https:\/\/www.tgrthaber.com\/mavikadin\/wp-json\/wp\/v2\/posts\/106066"}],"collection":[{"href":"https:\/\/www.tgrthaber.com\/mavikadin\/wp-json\/wp\/v2\/posts"}],"about":[{"href":"https:\/\/www.tgrthaber.com\/mavikadin\/wp-json\/wp\/v2\/types\/post"}],"author":[{"embeddable":true,"href":"https:\/\/www.tgrthaber.com\/mavikadin\/wp-json\/wp\/v2\/users\/26"}],"replies":[{"embeddable":true,"href":"https:\/\/www.tgrthaber.com\/mavikadin\/wp-json\/wp\/v2\/comments?post=106066"}],"version-history":[{"count":3,"href":"https:\/\/www.tgrthaber.com\/mavikadin\/wp-json\/wp\/v2\/posts\/106066\/revisions"}],"predecessor-version":[{"id":106081,"href":"https:\/\/www.tgrthaber.com\/mavikadin\/wp-json\/wp\/v2\/posts\/106066\/revisions\/106081"}],"wp:featuredmedia":[{"embeddable":true,"href":"https:\/\/www.tgrthaber.com\/mavikadin\/wp-json\/wp\/v2\/media\/106074"}],"wp:attachment":[{"href":"https:\/\/www.tgrthaber.com\/mavikadin\/wp-json\/wp\/v2\/media?parent=106066"}],"wp:term":[{"taxonomy":"category","embeddable":true,"href":"https:\/\/www.tgrthaber.com\/mavikadin\/wp-json\/wp\/v2\/categories?post=106066"},{"taxonomy":"post_tag","embeddable":true,"href":"https:\/\/www.tgrthaber.com\/mavikadin\/wp-json\/wp\/v2\/tags?post=106066"}],"curies":[{"name":"wp","href":"https:\/\/api.w.org\/{rel}","templated":true}]}}