{"id":106207,"date":"2024-12-13T20:37:19","date_gmt":"2024-12-13T17:37:19","guid":{"rendered":"https:\/\/www.tgrthaber.com\/mavikadin\/?p=106207"},"modified":"2024-12-13T20:44:05","modified_gmt":"2024-12-13T17:44:05","slug":"ipek-tuzcuoglunu-yikan-olum","status":"publish","type":"post","link":"https:\/\/www.tgrthaber.com\/mavikadin\/ipek-tuzcuoglunu-yikan-olum\/","title":{"rendered":"\u0130pek Tuzcuo\u011flu&#8217;nu y\u0131kan \u00f6l\u00fcm!"},"content":{"rendered":"<p>Bir d\u00f6neme iz b\u0131rakm\u0131\u015f Asmal\u0131 Konak dizisiyle \u00fcn kazanan ve ard\u0131ndan Ah Be \u0130stanbul, D\u00fcr\u00fcye&#8217;nin G\u00fc\u011f\u00fcmleri, A\u015fk ve Mavi gibi bir\u00e7ok yap\u0131mda yer alan \u0130pek Tuzcuo\u011flu, annesinin \u00f6l\u00fcm\u00fcyle y\u0131k\u0131ld\u0131. \u00dcnl\u00fc ismin kayb\u0131yla b\u00fcy\u00fck bir \u00fcz\u00fcnt\u00fc ya\u015fad\u0131.<\/p>\n<h3>\u0130PEK TUZCUO\u011eLU&#8217;NU YIKAN \u00d6L\u00dcM<\/h3>\n<p>\u0130pek Tuzcuo\u011flu\u2019nu kendisini y\u0131kan \u00f6l\u00fcm haberini takip\u00e7ileriyle payla\u015ft\u0131. Annesi Emel Tuzcuo\u011flu ya\u015fam\u0131n\u0131 yitirdi. 53 ya\u015f\u0131ndaki \u00fcnl\u00fc sanat\u00e7\u0131, bu ac\u0131 haberi sosyal medya hesab\u0131 \u00fczerinden duyurdu.<\/p>\n<figure id=\"attachment_106219\" aria-describedby=\"caption-attachment-106219\" style=\"width: 640px\" class=\"wp-caption alignnone\"><img loading=\"lazy\" decoding=\"async\" class=\"size-large wp-image-106219\" src=\"https:\/\/www.tgrthaber.com\/mavikadin\/wp-content\/uploads\/vm-1024x576.jpg\" alt=\"\u0130pek Tuzcuo\u011flu\" width=\"640\" height=\"360\" title=\"\" srcset=\"https:\/\/www.tgrthaber.com\/mavikadin\/wp-content\/uploads\/vm-1024x576.jpg 1024w, https:\/\/www.tgrthaber.com\/mavikadin\/wp-content\/uploads\/vm-300x169.jpg 300w, https:\/\/www.tgrthaber.com\/mavikadin\/wp-content\/uploads\/vm-768x432.jpg 768w, https:\/\/www.tgrthaber.com\/mavikadin\/wp-content\/uploads\/vm.jpg 1280w\" sizes=\"(max-width: 640px) 100vw, 640px\" \/><figcaption id=\"caption-attachment-106219\" class=\"wp-caption-text\">\u0130pek Tuzcuo\u011flu<\/figcaption><\/figure>\n<h3>&#8220;CANIM ANNEM\u0130Z BUG\u00dcN G\u00d6\u00c7T\u00dc&#8221;<\/h3>\n<p>Annesi Emel Tuzcuo\u011flu\u2019nun vefat\u0131yla derin bir ac\u0131 ya\u015fayan \u0130pek Tuzcuo\u011flu, \u015fu s\u00f6zleri dile getirdi:\u00a0&#8220;Sevgili annemiz bug\u00fcn aram\u0131zdan ayr\u0131ld\u0131. En g\u00fczel yerde yeniden bir araya gelece\u011fiz. \u00c7ok sevdi\u011fi bu d\u00fcnyadan daha g\u00fczel bir yere gidiyor. Ruhuna dualar\u0131n\u0131z\u0131 esirgemeyin.&#8221;<\/p>\n<p>Emel Tuzcuo\u011flu\u2019nun cenazesi, 14 Aral\u0131k Cumartesi g\u00fcn\u00fc ikindi namaz\u0131n\u0131n ard\u0131ndan Etiler Camii\u2019nde ger\u00e7ekle\u015ftirilecek cenaze t\u00f6reninden sonra Yeni Ayaza\u011fa Mezarl\u0131\u011f\u0131\u2019na topra\u011fa verilecek.<\/p>\n<h3>\u0130PEK TUZCUO\u011eLU K\u0130MD\u0130R?<\/h3>\n<p>11 Kas\u0131m 1971\u2019de \u0130zmir\u2019de d\u00fcnyaya geldi. \u00dc\u00e7 ya\u015f\u0131ndan itibaren 10 y\u0131l boyunca \u0130zmir\u2019de Aynur Ressamo\u011flu Bale St\u00fcdyosu\u2019na devam etti. K\u00fc\u00e7\u00fck ya\u015flarda balerin olmay\u0131 hayal eden \u0130pek Tuzcuo\u011flu, 16 ya\u015f\u0131nda \u0130zmir Devlet Tiyatrosu\u2019nda sahnelenen Boy Friend adl\u0131 m\u00fczikalde dans\u00e7\u0131 kadrosuna kabul edildi. \u0130zmir Kar\u015f\u0131yaka Lisesi&#8217;nden mezun olduktan sonra Ankara Hacettepe \u00dcniversitesi Devlet Konservatuvar\u0131 Tiyatro B\u00f6l\u00fcm\u00fc\u2019n\u00fc tamamlad\u0131.<\/p>\n<p>Federico Garc\u00eda Lorca\u2019n\u0131n Kanl\u0131 D\u00fc\u011f\u00fcn (Gelin) ve D. Durin \/ H. Prevost\u2019un \u00c7ama\u015f\u0131rhane (Rossine) gibi eserlerinde sahne ald\u0131 ve 1994-1995 d\u00f6neminde mezun oldu. Ankara Devlet Tiyatrosu\u2019nun o y\u0131l a\u00e7\u0131lan &#8220;\u00c7ocuk ve Gen\u00e7lik Tiyatrosu&#8221; b\u00fcnyesinde sahnelenen Sevimli Palya\u00e7olar adl\u0131 oyunda bir y\u0131l boyunca g\u00f6rev ald\u0131.<\/p>\n<p>TRT taraf\u0131ndan haz\u0131rlanan \u00e7e\u015fitli dramalarda yer ald\u0131. 1995\u2019te \u0130stanbul\u2019a ta\u015f\u0131nd\u0131 ve burada sinema filmleri, televizyon dizileri, reklam oyunculu\u011fu ve program sunuculu\u011fu alanlar\u0131nda \u00e7al\u0131\u015fmalar yapt\u0131.<\/p>\n","protected":false},"excerpt":{"rendered":"<p>Son olarak Safir isimli dizide yer alan \u0130pek Tuzcuo\u011flu&#8217;nu y\u0131kan \u00f6l\u00fcm! \u00dcnl\u00fc ismin annesi Emel Tuzcuo\u011flu vefat etti. Tan\u0131nm\u0131\u015f oyuncu, \u00fcz\u00fcc\u00fc haberi sosyal medya hesab\u0131 \u00fczerinden payla\u015ft\u0131.<\/p>\n","protected":false},"author":2,"featured_media":106220,"comment_status":"closed","ping_status":"closed","sticky":false,"template":"","format":"standard","meta":{"rank_math_lock_modified_date":false,"footnotes":""},"categories":[76],"tags":[4231,133,2218],"class_list":["post-106207","post","type-post","status-publish","format-standard","has-post-thumbnail","hentry","category-magazin","tag-ipek-tuzcuoglu","tag-magazin","tag-magazin-haberleri"],"_links":{"self":[{"href":"https:\/\/www.tgrthaber.com\/mavikadin\/wp-json\/wp\/v2\/posts\/106207"}],"collection":[{"href":"https:\/\/www.tgrthaber.com\/mavikadin\/wp-json\/wp\/v2\/posts"}],"about":[{"href":"https:\/\/www.tgrthaber.com\/mavikadin\/wp-json\/wp\/v2\/types\/post"}],"author":[{"embeddable":true,"href":"https:\/\/www.tgrthaber.com\/mavikadin\/wp-json\/wp\/v2\/users\/2"}],"replies":[{"embeddable":true,"href":"https:\/\/www.tgrthaber.com\/mavikadin\/wp-json\/wp\/v2\/comments?post=106207"}],"version-history":[{"count":4,"href":"https:\/\/www.tgrthaber.com\/mavikadin\/wp-json\/wp\/v2\/posts\/106207\/revisions"}],"predecessor-version":[{"id":106222,"href":"https:\/\/www.tgrthaber.com\/mavikadin\/wp-json\/wp\/v2\/posts\/106207\/revisions\/106222"}],"wp:featuredmedia":[{"embeddable":true,"href":"https:\/\/www.tgrthaber.com\/mavikadin\/wp-json\/wp\/v2\/media\/106220"}],"wp:attachment":[{"href":"https:\/\/www.tgrthaber.com\/mavikadin\/wp-json\/wp\/v2\/media?parent=106207"}],"wp:term":[{"taxonomy":"category","embeddable":true,"href":"https:\/\/www.tgrthaber.com\/mavikadin\/wp-json\/wp\/v2\/categories?post=106207"},{"taxonomy":"post_tag","embeddable":true,"href":"https:\/\/www.tgrthaber.com\/mavikadin\/wp-json\/wp\/v2\/tags?post=106207"}],"curies":[{"name":"wp","href":"https:\/\/api.w.org\/{rel}","templated":true}]}}