{"id":106235,"date":"2024-12-13T21:30:06","date_gmt":"2024-12-13T18:30:06","guid":{"rendered":"https:\/\/www.tgrthaber.com\/mavikadin\/?p=106235"},"modified":"2024-12-13T21:30:06","modified_gmt":"2024-12-13T18:30:06","slug":"aldatildigini-itiraf-eden-evrim-alasya-eski-sevgilisini-nasil-yakaladigini-anlatti","status":"publish","type":"post","link":"https:\/\/www.tgrthaber.com\/mavikadin\/aldatildigini-itiraf-eden-evrim-alasya-eski-sevgilisini-nasil-yakaladigini-anlatti\/","title":{"rendered":"Aldat\u0131ld\u0131\u011f\u0131n\u0131 itiraf eden Evrim Alasya eski sevgilisini nas\u0131l yakalad\u0131\u011f\u0131n\u0131 anlatt\u0131!"},"content":{"rendered":"<p>Show TV&#8217;nin sevilen dizilerinden olup yay\u0131nland\u0131\u011f\u0131 ilk g\u00fcnden itibaren kaoslu olaylar\u0131yla izleyiciyi ekrana kilitlemeyi ba\u015faran \u2018K\u0131z\u0131lc\u0131k \u015eerbeti&#8217; dizisinde &#8216;K\u0131v\u0131lc\u0131m&#8217; karakterini canland\u0131ran oyuncu Evrim Alasya, kendisi gibi oyuncu olan Kerem Al\u0131\u015f\u0131k ile bir s\u00fcredir beraberlik ya\u015fad\u0131\u011f\u0131 biliniyordu.<\/p>\n<h3>EVR\u0130M ALASYA: &#8220;A\u015eK B\u0130TER M\u0130? OYUNUNUN KEREM&#8217;\u0130N HAYAL\u0130 OLMASI \u00c7OK \u00d6NEML\u0130&#8221;<\/h3>\n<p>Youtube kanal\u0131nda Hakan Gence&#8217;nin program\u0131na konuk olup kendi \u00f6zel hayat\u0131yla ilgili samimi a\u00e7\u0131klamalara imza atan oyuncu Evrim Alasya, &#8216;A\u015fk Biter Mi?&#8217; oyunu hakk\u0131nda \u015f\u00f6yle konu\u015ftu:<\/p>\n<p><img loading=\"lazy\" decoding=\"async\" class=\"alignnone size-full wp-image-106250\" src=\"https:\/\/www.tgrthaber.com\/mavikadin\/wp-content\/uploads\/022.png\" alt=\"\" width=\"992\" height=\"551\" title=\"\" srcset=\"https:\/\/www.tgrthaber.com\/mavikadin\/wp-content\/uploads\/022.png 992w, https:\/\/www.tgrthaber.com\/mavikadin\/wp-content\/uploads\/022-300x167.png 300w, https:\/\/www.tgrthaber.com\/mavikadin\/wp-content\/uploads\/022-768x427.png 768w\" sizes=\"(max-width: 992px) 100vw, 992px\" \/><\/p>\n<p>&#8220;A\u015fk Biter Mi? Kerem&#8217;in fikri ve hayali. Kerem \u015fairlerin ger\u00e7ek hikayelerinden yola \u00e7\u0131karak bir kad\u0131n ve erke\u011fi bulu\u015fturuyor. Kendi a\u015fk tart\u0131\u015fmalar\u0131 \u00fczerinden bildi\u011fimiz \u015fiirlerin hangi hikayelerden \u00e7\u0131kt\u0131\u011f\u0131n\u0131 izliyor. Kerem&#8217;in hayali olmas\u0131 \u00e7ok \u00f6nemli.&#8221;<\/p>\n<h3>A\u015eK HAYATI DOLU OLAN EVR\u0130M ALASYA&#8217;DAN &#8216;A\u015eKA \u0130NANIYORUM&#8217; A\u00c7IKLAMASI<\/h3>\n<p>A\u015fk\u0131n ger\u00e7ek hayatta da varl\u0131\u011f\u0131n\u0131 s\u00fcrd\u00fcrd\u00fc\u011f\u00fcne inanan g\u00fczel oyuncu Evrim Alasya, &#8220;A\u015fka inan\u0131yorum. Bu hayat\u0131 ya\u015fanabilir k\u0131lan tek \u015fey a\u015fk. Ben mesle\u011fime de \u00e7ok a\u015f\u0131k bir insan\u0131m. Evrim&#8217;in egosunu a\u015fktan ba\u015fka hi\u00e7bir \u015fey k\u0131ramad\u0131. A\u015fk duygusu geldi\u011fi zaman s\u0131n\u0131rlar\u0131 zorlars\u0131n. \u015eu an egomun k\u0131r\u0131ld\u0131\u011f\u0131 bir d\u00f6nemdeyim. A\u015fk var.&#8221; ifadelerini kulland\u0131.<\/p>\n<h3>\u00dcNL\u00dc OYUNCU EVR\u0130M ALASYA ALDATILDI\u011eINI \u0130T\u0130RAF ETT\u0130<\/h3>\n<p>Aldat\u0131lan kad\u0131nlardan biri oldu\u011funu s\u00f6yleyen oyuncu Evrim Alasya, &#8220;Aldat\u0131ld\u0131m ve yakalad\u0131m. Bir mesajla yakalad\u0131m. Mesajla yakalad\u0131\u011f\u0131m da oldu, \u00fc\u00e7\u00fcnc\u00fc ki\u015finin bana ula\u015ft\u0131\u011f\u0131 durumlar da oldu.&#8221; a\u00e7\u0131klamas\u0131nda bulundu.<\/p>\n<h3>EVR\u0130M ALASYA: O SORUMLULU\u011eU H\u0130\u00c7B\u0130R ZAMAN G\u00d6Z\u00dcM YEMED\u0130!<\/h3>\n<p>Evrim Alasya a\u00e7\u0131klamas\u0131n\u0131n devam\u0131nda \u015fu c\u00fcmleleri kurdu: \u00c7ocuk yapmay\u0131 hi\u00e7 d\u00fc\u015f\u00fcnmedim. Ben Evrim ile u\u011fra\u015fmay\u0131 seviyorum. Evrim ile yolculuk yapmay\u0131 seviyorum. Olursam \u00e7ok iyi anne olaca\u011f\u0131m\u0131 d\u00fc\u015f\u00fcn\u00fcyorum bu arada. \u00c7ok b\u00fcy\u00fck bir sorumluluk o sorumlulu\u011fu hi\u00e7bir zaman g\u00f6z\u00fcm yemedi. Ben istedi\u011fim bir ya\u015fam \u015fekli kurdum.<\/p>\n","protected":false},"excerpt":{"rendered":"<p>K\u0131z\u0131lc\u0131k \u015eerbeti dizisinin K\u0131v\u0131lc\u0131m&#8217;\u0131 Evrim Alasya a\u015fk hayat\u0131nda ya\u015fad\u0131klar\u0131ndan bahsetti. Aldat\u0131ld\u0131\u011f\u0131n\u0131 itiraf eden Evrim Alasya&#8217;n\u0131n o a\u00e7\u0131klamalar\u0131&#8230;<\/p>\n","protected":false},"author":27,"featured_media":106245,"comment_status":"closed","ping_status":"closed","sticky":false,"template":"","format":"standard","meta":{"rank_math_lock_modified_date":false,"footnotes":""},"categories":[76],"tags":[2492,2491,4238,157,133],"class_list":["post-106235","post","type-post","status-publish","format-standard","has-post-thumbnail","hentry","category-magazin","tag-evrim-alasya","tag-kerem-alisik","tag-kivilcam","tag-kizilcik-serbeti","tag-magazin"],"_links":{"self":[{"href":"https:\/\/www.tgrthaber.com\/mavikadin\/wp-json\/wp\/v2\/posts\/106235"}],"collection":[{"href":"https:\/\/www.tgrthaber.com\/mavikadin\/wp-json\/wp\/v2\/posts"}],"about":[{"href":"https:\/\/www.tgrthaber.com\/mavikadin\/wp-json\/wp\/v2\/types\/post"}],"author":[{"embeddable":true,"href":"https:\/\/www.tgrthaber.com\/mavikadin\/wp-json\/wp\/v2\/users\/27"}],"replies":[{"embeddable":true,"href":"https:\/\/www.tgrthaber.com\/mavikadin\/wp-json\/wp\/v2\/comments?post=106235"}],"version-history":[{"count":2,"href":"https:\/\/www.tgrthaber.com\/mavikadin\/wp-json\/wp\/v2\/posts\/106235\/revisions"}],"predecessor-version":[{"id":106252,"href":"https:\/\/www.tgrthaber.com\/mavikadin\/wp-json\/wp\/v2\/posts\/106235\/revisions\/106252"}],"wp:featuredmedia":[{"embeddable":true,"href":"https:\/\/www.tgrthaber.com\/mavikadin\/wp-json\/wp\/v2\/media\/106245"}],"wp:attachment":[{"href":"https:\/\/www.tgrthaber.com\/mavikadin\/wp-json\/wp\/v2\/media?parent=106235"}],"wp:term":[{"taxonomy":"category","embeddable":true,"href":"https:\/\/www.tgrthaber.com\/mavikadin\/wp-json\/wp\/v2\/categories?post=106235"},{"taxonomy":"post_tag","embeddable":true,"href":"https:\/\/www.tgrthaber.com\/mavikadin\/wp-json\/wp\/v2\/tags?post=106235"}],"curies":[{"name":"wp","href":"https:\/\/api.w.org\/{rel}","templated":true}]}}