{"id":106240,"date":"2024-12-13T21:31:08","date_gmt":"2024-12-13T18:31:08","guid":{"rendered":"https:\/\/www.tgrthaber.com\/mavikadin\/?p=106240"},"modified":"2024-12-13T21:31:08","modified_gmt":"2024-12-13T18:31:08","slug":"dubaide-ozgu-kaya-ruzgari-esiyor","status":"publish","type":"post","link":"https:\/\/www.tgrthaber.com\/mavikadin\/dubaide-ozgu-kaya-ruzgari-esiyor\/","title":{"rendered":"Dubai&#8217;de \u00d6zg\u00fc Kaya r\u00fczgar\u0131 esiyor!"},"content":{"rendered":"<p>\u00dc\u00e7 K\u0131z Karde\u015f dizisindeki ba\u015far\u0131s\u0131yla geni\u015f bir hayran kitlesi kazanan \u00d6zg\u00fc Kaya, ad\u0131n\u0131 k\u00fcresel d\u00fczeyde duyurmaya devam ediyor. \u00c7ekici oyuncu, en son olarak \u00f6zel bir davet \u00fczerine Dubai&#8217;ye yolculuk etti. Burada bir organizasyona kat\u0131ld\u0131.<\/p>\n<h3>DUBA\u0130&#8217;DE \u00d6ZG\u00dc KAYA R\u00dcZGARI ES\u0130YOR<\/h3>\n<p>Gen\u00e7 neslin \u00f6ne \u00e7\u0131kan oyuncular\u0131ndan \u00d6zg\u00fc Kaya, L&#8217;Officiel Arabia ve Bayou Villas i\u015f birli\u011fiyle Dubai&#8217;de d\u00fczenlenen \u00f6zel ak\u015fam yeme\u011fine kat\u0131ld\u0131. Etkinlikte, Arap d\u00fcnyas\u0131n\u0131n \u00fcnl\u00fc sanat\u00e7\u0131lar\u0131ndan Diana Haddad ile bir araya gelen Kaya, zarif tav\u0131rlar\u0131yla g\u00f6z doldurdu.\u00a0K\u0131sa bir konu\u015fma ger\u00e7ekle\u015ftiren \u00d6zg\u00fc Kaya, &#8220;Burada yer almak benim i\u00e7in \u00e7ok de\u011ferli. Farkl\u0131 k\u00fclt\u00fcrleri ke\u015ffetmek ve T\u00fcrkiye&#8217;yi b\u00f6yle prestijli bir organizasyonda temsil etmek b\u00fcy\u00fck bir onur,&#8221; dedi.<\/p>\n<figure id=\"attachment_106255\" aria-describedby=\"caption-attachment-106255\" style=\"width: 640px\" class=\"wp-caption alignnone\"><img loading=\"lazy\" decoding=\"async\" class=\"size-large wp-image-106255\" src=\"https:\/\/www.tgrthaber.com\/mavikadin\/wp-content\/uploads\/vm-Kurtarildi-1024x576.jpg\" alt=\"\u00d6zg\u00fc Kaya\" width=\"640\" height=\"360\" title=\"\" srcset=\"https:\/\/www.tgrthaber.com\/mavikadin\/wp-content\/uploads\/vm-Kurtarildi-1024x576.jpg 1024w, https:\/\/www.tgrthaber.com\/mavikadin\/wp-content\/uploads\/vm-Kurtarildi-300x169.jpg 300w, https:\/\/www.tgrthaber.com\/mavikadin\/wp-content\/uploads\/vm-Kurtarildi-768x432.jpg 768w, https:\/\/www.tgrthaber.com\/mavikadin\/wp-content\/uploads\/vm-Kurtarildi.jpg 1280w\" sizes=\"(max-width: 640px) 100vw, 640px\" \/><figcaption id=\"caption-attachment-106255\" class=\"wp-caption-text\">\u00d6zg\u00fc Kaya<\/figcaption><\/figure>\n<h3>\u00d6ZG\u00dc KAYA S\u0130YAH ELB\u0130SES\u0130YLE GECEYE DAMGA VURDU<\/h3>\n<p>Kanal D ekranlar\u0131nda yay\u0131mlanan \u00dc\u00e7 K\u0131z Karde\u015f dizisindeki rol\u00fcyle parlayan \u00e7ekici oyuncu \u00d6zg\u00fc Kaya, \u00f6nceki g\u00fcn d\u00fczenlenen etkinlikte kameralar kar\u015f\u0131s\u0131na ge\u00e7ti. \u015e\u0131k oyuncu, Amor Garibovi\u00e7 imzal\u0131 siyah deri elbisesiyle adeta b\u00fcy\u00fcledi. Etkinlik \u00f6ncesinde konaklad\u0131\u011f\u0131 otelde pozlar veren oyuncu, foto\u011fraflar\u0131n\u0131 da Instagram hesab\u0131nda payla\u015fmay\u0131 unutmad\u0131. \u00c7ekici oyuncunun payla\u015f\u0131mlar\u0131na yorum ve be\u011feni ya\u011fd\u0131.<\/p>\n<h3>\u00d6ZG\u00dc KAYA K\u0130MD\u0130R?<\/h3>\n<p>5 \u015eubat 1996&#8217;da \u0130stanbul&#8217;da d\u00fcnyaya gelen \u00d6zg\u00fc Kaya, e\u011fitimini \u0130stanbul \u00dcniversitesi Devlet Konservatuvar\u0131&#8217;nda tamamlad\u0131. \u00d6zg\u00fc Kaya&#8217;n\u0131n oyunculuk ser\u00fcveni ilk olarak Ad\u0131 Efsane dizisiyle ba\u015flad\u0131. Bu dizide Sibel Y\u0131lmaz karakterini oynayan Kaya, ard\u0131ndan Mehmet\u00e7ik Kut&#8217;\u00fcl Amare ve Kimse Bilmez gibi projelerde de rol ald\u0131. En son olarak ise, \u00dc\u00e7 K\u0131z Karde\u015f dizisinde T\u00fcrkan Kalender karakterini oynad\u0131.<\/p>\n","protected":false},"excerpt":{"rendered":"<p>\u00dc\u00e7 K\u0131z Karde\u015f dizisindeki ba\u015far\u0131s\u0131yla b\u00fcy\u00fck bir takip\u00e7i kitlesi edinen \u00d6zg\u00fc Kaya, ad\u0131n\u0131 uluslararas\u0131 alanda tan\u0131tmaya devam ediyor. G\u00fczel oyuncu, en son olarak davetli olarak Dubai&#8217;ye seyahat etti. Burada bir etkinli\u011fe kat\u0131ld\u0131.<\/p>\n","protected":false},"author":2,"featured_media":106253,"comment_status":"closed","ping_status":"closed","sticky":false,"template":"","format":"standard","meta":{"rank_math_lock_modified_date":false,"footnotes":""},"categories":[76],"tags":[133,2218,2802],"class_list":["post-106240","post","type-post","status-publish","format-standard","has-post-thumbnail","hentry","category-magazin","tag-magazin","tag-magazin-haberleri","tag-ozgu-kaya"],"_links":{"self":[{"href":"https:\/\/www.tgrthaber.com\/mavikadin\/wp-json\/wp\/v2\/posts\/106240"}],"collection":[{"href":"https:\/\/www.tgrthaber.com\/mavikadin\/wp-json\/wp\/v2\/posts"}],"about":[{"href":"https:\/\/www.tgrthaber.com\/mavikadin\/wp-json\/wp\/v2\/types\/post"}],"author":[{"embeddable":true,"href":"https:\/\/www.tgrthaber.com\/mavikadin\/wp-json\/wp\/v2\/users\/2"}],"replies":[{"embeddable":true,"href":"https:\/\/www.tgrthaber.com\/mavikadin\/wp-json\/wp\/v2\/comments?post=106240"}],"version-history":[{"count":2,"href":"https:\/\/www.tgrthaber.com\/mavikadin\/wp-json\/wp\/v2\/posts\/106240\/revisions"}],"predecessor-version":[{"id":106257,"href":"https:\/\/www.tgrthaber.com\/mavikadin\/wp-json\/wp\/v2\/posts\/106240\/revisions\/106257"}],"wp:featuredmedia":[{"embeddable":true,"href":"https:\/\/www.tgrthaber.com\/mavikadin\/wp-json\/wp\/v2\/media\/106253"}],"wp:attachment":[{"href":"https:\/\/www.tgrthaber.com\/mavikadin\/wp-json\/wp\/v2\/media?parent=106240"}],"wp:term":[{"taxonomy":"category","embeddable":true,"href":"https:\/\/www.tgrthaber.com\/mavikadin\/wp-json\/wp\/v2\/categories?post=106240"},{"taxonomy":"post_tag","embeddable":true,"href":"https:\/\/www.tgrthaber.com\/mavikadin\/wp-json\/wp\/v2\/tags?post=106240"}],"curies":[{"name":"wp","href":"https:\/\/api.w.org\/{rel}","templated":true}]}}