{"id":106261,"date":"2024-12-13T21:41:03","date_gmt":"2024-12-13T18:41:03","guid":{"rendered":"https:\/\/www.tgrthaber.com\/mavikadin\/?p=106261"},"modified":"2024-12-13T22:01:51","modified_gmt":"2024-12-13T19:01:51","slug":"kizilcik-serbeti-yeni-bolumde-akilalmaz-olay-senaryoya-tepki-yagdi","status":"publish","type":"post","link":"https:\/\/www.tgrthaber.com\/mavikadin\/kizilcik-serbeti-yeni-bolumde-akilalmaz-olay-senaryoya-tepki-yagdi\/","title":{"rendered":"K\u0131z\u0131lc\u0131k \u015eerbeti yeni b\u00f6l\u00fcmde ak\u0131lalmaz olay! Senaryoya tepki ya\u011fd\u0131"},"content":{"rendered":"<p>Cuma ak\u015famlar\u0131n\u0131n en \u00e7ok izlenen dizilerinden K\u0131z\u0131lc\u0131k \u015eerbeti bu ak\u015fam yeni b\u00f6l\u00fcm\u00fcyle ekrana geldi. Dizide G\u00f6rkem&#8217;in Do\u011fa&#8217;n\u0131n arabas\u0131n\u0131n \u00f6n\u00fcne kendini atmas\u0131 sonucu bebe\u011fini kaybetmesi ver ard\u0131ndan ya\u015fananlar sosyal medyay\u0131 aya\u011fa kald\u0131rd\u0131. \u0130zleyiciler senaryoya tepki ya\u011fd\u0131rd\u0131.<\/p>\n<p>Bebe\u011finin karn\u0131ndayken \u00f6ld\u00fc\u011f\u00fcn\u00fc \u00f6\u011frenen G\u00f6rkem, Do\u011fa&#8217;n\u0131n konu\u015fulanlar\u0131 duydu\u011funu g\u00f6r\u00fcnce pe\u015fine tak\u0131ld\u0131. Hastane koridorlar\u0131nda Do\u011fa&#8217;n\u0131n pe\u015finden ba\u011f\u0131rmas\u0131 ve sonras\u0131nda Do\u011fa&#8217;n\u0131n arabas\u0131na binmesinin ard\u0131ndan kendini \u00f6n\u00fcne atmas\u0131 ve &#8220;Bebe\u011fimi bu y\u00fczden d\u00fc\u015f\u00fcrd\u00fcm&#8221; demesi tam bir komediydi.<\/p>\n<h3>KIZILCIK \u015eERBET\u0130 YEN\u0130 B\u00d6L\u00dcM\u00dcNE SOSYAL MEDYADA TEPK\u0130 YA\u011eDI<\/h3>\n<p>\u0130zleyici yeni b\u00f6l\u00fcmde ya\u015fanan bu olaylara &#8220;Koskoca hastaneden kamera yok mu?, Olay\u0131 kimse mi g\u00f6rmedi yani&#8221; diyerek tepki g\u00f6sterdi ve senaryoya ele\u015ftiri ya\u011fd\u0131rd\u0131.<\/p>\n<div style=\"width: 640px;\" class=\"wp-video\"><!--[if lt IE 9]><script>document.createElement('video');<\/script><![endif]-->\n<video class=\"wp-video-shortcode\" id=\"video-106261-1\" width=\"640\" height=\"360\" preload=\"metadata\" controls=\"controls\"><source type=\"video\/mp4\" src=\"https:\/\/www.tgrthaber.com\/mavikadin\/wp-content\/uploads\/kizilcik-serbeti-2.mp4?_=1\" \/><a href=\"https:\/\/www.tgrthaber.com\/mavikadin\/wp-content\/uploads\/kizilcik-serbeti-2.mp4\">https:\/\/www.tgrthaber.com\/mavikadin\/wp-content\/uploads\/kizilcik-serbeti-2.mp4<\/a><\/video><\/div>\n<p>&nbsp;<\/p>\n<p><img loading=\"lazy\" decoding=\"async\" class=\"alignnone size-full wp-image-106262\" src=\"https:\/\/www.tgrthaber.com\/mavikadin\/wp-content\/uploads\/Ekran-goruntusu-2024-12-13-213759.png\" alt=\"\" width=\"728\" height=\"101\" title=\"\" srcset=\"https:\/\/www.tgrthaber.com\/mavikadin\/wp-content\/uploads\/Ekran-goruntusu-2024-12-13-213759.png 728w, https:\/\/www.tgrthaber.com\/mavikadin\/wp-content\/uploads\/Ekran-goruntusu-2024-12-13-213759-300x42.png 300w\" sizes=\"(max-width: 728px) 100vw, 728px\" \/> <img loading=\"lazy\" decoding=\"async\" class=\"alignnone wp-image-106263\" src=\"https:\/\/www.tgrthaber.com\/mavikadin\/wp-content\/uploads\/Ekran-goruntusu-2024-12-13-213634.png\" alt=\"\" width=\"727\" height=\"92\" title=\"\" srcset=\"https:\/\/www.tgrthaber.com\/mavikadin\/wp-content\/uploads\/Ekran-goruntusu-2024-12-13-213634.png 723w, https:\/\/www.tgrthaber.com\/mavikadin\/wp-content\/uploads\/Ekran-goruntusu-2024-12-13-213634-300x38.png 300w\" sizes=\"(max-width: 727px) 100vw, 727px\" \/> <img loading=\"lazy\" decoding=\"async\" class=\"alignnone wp-image-106264\" src=\"https:\/\/www.tgrthaber.com\/mavikadin\/wp-content\/uploads\/Ekran-goruntusu-2024-12-13-213615.png\" alt=\"\" width=\"722\" height=\"475\" title=\"\" srcset=\"https:\/\/www.tgrthaber.com\/mavikadin\/wp-content\/uploads\/Ekran-goruntusu-2024-12-13-213615.png 722w, https:\/\/www.tgrthaber.com\/mavikadin\/wp-content\/uploads\/Ekran-goruntusu-2024-12-13-213615-300x197.png 300w\" sizes=\"(max-width: 722px) 100vw, 722px\" \/> <img loading=\"lazy\" decoding=\"async\" class=\"alignnone wp-image-106265\" src=\"https:\/\/www.tgrthaber.com\/mavikadin\/wp-content\/uploads\/Ekran-goruntusu-2024-12-13-213601.png\" alt=\"\" width=\"720\" height=\"452\" title=\"\" srcset=\"https:\/\/www.tgrthaber.com\/mavikadin\/wp-content\/uploads\/Ekran-goruntusu-2024-12-13-213601.png 728w, https:\/\/www.tgrthaber.com\/mavikadin\/wp-content\/uploads\/Ekran-goruntusu-2024-12-13-213601-300x188.png 300w\" sizes=\"(max-width: 720px) 100vw, 720px\" \/><\/p>\n<h3>KIZILCIK \u015eERBET\u0130 D\u0130Z\u0130S\u0130 KONUSU<\/h3>\n<p>K\u0131z\u0131lc\u0131k \u015eerbeti dizisinin ana karakteri K\u0131v\u0131lc\u0131m (Evrim Alasya), hayat\u0131n\u0131 realist bir bak\u0131\u015f a\u00e7\u0131s\u0131yla ya\u015fam\u0131\u015f, iyi e\u011fitim alm\u0131\u015f, modern bir kad\u0131nd\u0131r. E\u015finden bo\u015fand\u0131ktan sonra g\u00fc\u00e7l\u00fc bir \u015fekilde ayakta kalm\u0131\u015f ve iki k\u0131z\u0131n\u0131 kendi de\u011ferleri do\u011frultusunda yeti\u015ftirmi\u015ftir. K\u00fc\u00e7\u00fck k\u0131z\u0131 \u00c7imen (Selin T\u00fcrkmen) lise \u00f6\u011frenimine devam ederken, b\u00fcy\u00fck k\u0131z\u0131 Do\u011fa (S\u0131la T\u00fcrko\u011flu), di\u015f hekimli\u011fi fak\u00fcltesinde okumaktad\u0131r.<\/p>\n<p>K\u0131v\u0131lc\u0131m\u2019\u0131n hayattaki en b\u00fcy\u00fck arzusu, k\u0131zlar\u0131n\u0131n mutlu ve ba\u015far\u0131l\u0131 bir gelecek kurmas\u0131d\u0131r. Ancak, Do\u011fa\u2019n\u0131n \u00fcniversiteye ba\u015flad\u0131\u011f\u0131 ilk y\u0131l erkek arkada\u015f\u0131 Fatih (Do\u011fukan G\u00fcng\u00f6r) ile evlenmesi, K\u0131v\u0131lc\u0131m i\u00e7in b\u00fcy\u00fck bir hayal k\u0131r\u0131kl\u0131\u011f\u0131 olur. As\u0131l \u015fok, k\u0131z\u0131n\u0131n kocas\u0131 Fatih\u2019in ailesiyle tan\u0131\u015ft\u0131\u011f\u0131nda ya\u015fan\u0131r. Fatih\u2019in ailesi, geleneklerine ba\u011fl\u0131, muhafazak\u00e2r bir yap\u0131ya sahiptir. K\u0131v\u0131lc\u0131m, k\u0131z\u0131n\u0131n bu kadar farkl\u0131 de\u011ferlere sahip bir aileyle uyum sa\u011flayamayaca\u011f\u0131n\u0131 d\u00fc\u015f\u00fcnse de Do\u011fa, a\u015fklar\u0131n\u0131n t\u00fcm engelleri a\u015faca\u011f\u0131na inanmaktad\u0131r.<\/p>\n<!--[if lt IE 9]><script>document.createElement('video');<\/script><![endif]-->\n\t<div class=\"wp-playlist wp-video-playlist wp-playlist-light\">\n\t\t<video controls=\"controls\" preload=\"none\" width=\"618\"\n\t\t height=\"337\"\t><\/video>\n\t<div class=\"wp-playlist-next\"><\/div>\n\t<div class=\"wp-playlist-prev\"><\/div>\n\t<noscript>\n\t<ol>\n\t\t<li><a href='https:\/\/www.tgrthaber.com\/mavikadin\/wp-content\/uploads\/ssstwitter.com_1734115095518.mp4'>g\u00f6rkem<\/a><\/li>\t<\/ol>\n\t<\/noscript>\n\t<script type=\"application\/json\" class=\"wp-playlist-script\">{\"type\":\"video\",\"tracklist\":true,\"tracknumbers\":true,\"images\":true,\"artists\":true,\"tracks\":[{\"src\":\"https:\\\/\\\/www.tgrthaber.com\\\/mavikadin\\\/wp-content\\\/uploads\\\/ssstwitter.com_1734115095518.mp4\",\"type\":\"video\\\/mp4\",\"title\":\"g\\u00f6rkem\",\"caption\":\"\",\"description\":\"\",\"meta\":{\"length_formatted\":\"0:28\"},\"dimensions\":{\"original\":{\"width\":660,\"height\":360},\"resized\":{\"width\":618,\"height\":337}},\"image\":{\"src\":\"https:\\\/\\\/www.tgrthaber.com\\\/mavikadin\\\/wp-includes\\\/images\\\/media\\\/video.svg\",\"width\":48,\"height\":64},\"thumb\":{\"src\":\"https:\\\/\\\/www.tgrthaber.com\\\/mavikadin\\\/wp-includes\\\/images\\\/media\\\/video.svg\",\"width\":48,\"height\":64}}]}<\/script>\n<\/div>\n\t\n<p>\u201cK\u0131z\u0131lc\u0131k \u015eerbeti,\u201d do\u011frular\u0131n ortak oldu\u011fu ama y\u00f6ntemlerin farkl\u0131l\u0131k g\u00f6sterdi\u011fi iki u\u00e7 ailenin aras\u0131nda kalan bir a\u015fk hikayesini merkezine al\u0131yor.<\/p>\n<h3>KIZILCIK \u015eERBET\u0130 OYUNCULARI<\/h3>\n<p>S\u0131la T\u00fcrko\u011flu \u2013 Do\u011fa Korkmaz<\/p>\n<p>Do\u011fukan G\u00fcng\u00f6r \u2013 Fatih \u00dcnal<\/p>\n<p>Evrim Alasya \u2013 K\u0131v\u0131lc\u0131m Arslan<\/p>\n<p>Bar\u0131\u015f K\u0131l\u0131\u00e7 \u2013 \u00d6mer \u00dcnal<\/p>\n<p>Sibel Ta\u015f\u00e7\u0131o\u011flu \u2013 Pembe \u00dcnal<\/p>\n<p>Ahmet M\u00fcmtaz Taylan \u2013 Abdullah \u00dcnal<\/p>\n<p>Feyza Civelek<\/p>\n<p>Ceren Yalazo\u011flu Karako\u00e7<\/p>\n<p>Aliye Uzunata\u011fan<\/p>\n<p>Rahimcan Kapkap<\/p>\n","protected":false},"excerpt":{"rendered":"<p>K\u0131z\u0131lc\u0131k \u015eerbeti&#8217;nin yeni b\u00f6l\u00fcm\u00fcnde izleyicinin tepkisi sosyal medyaya yans\u0131d\u0131. G\u00f6rkem&#8217;in kendisini Do\u011fa&#8217;n\u0131n arabas\u0131n\u0131n \u00f6n\u00fcne atmas\u0131 ve sonras\u0131nda ya\u015fanan olaylar zincirine kimse anlam veremedi. \u0130zleyiciler K\u0131z\u0131lc\u0131k \u015eerbeti senaryosuna ele\u015ftiri ya\u011fd\u0131rd\u0131.<\/p>\n","protected":false},"author":4,"featured_media":106268,"comment_status":"closed","ping_status":"closed","sticky":false,"template":"","format":"standard","meta":{"rank_math_lock_modified_date":false,"footnotes":""},"categories":[602],"tags":[898,157,136],"class_list":["post-106261","post","type-post","status-publish","format-standard","has-post-thumbnail","hentry","category-diziler","tag-gorkem","tag-kizilcik-serbeti","tag-yeni-bolum"],"_links":{"self":[{"href":"https:\/\/www.tgrthaber.com\/mavikadin\/wp-json\/wp\/v2\/posts\/106261"}],"collection":[{"href":"https:\/\/www.tgrthaber.com\/mavikadin\/wp-json\/wp\/v2\/posts"}],"about":[{"href":"https:\/\/www.tgrthaber.com\/mavikadin\/wp-json\/wp\/v2\/types\/post"}],"author":[{"embeddable":true,"href":"https:\/\/www.tgrthaber.com\/mavikadin\/wp-json\/wp\/v2\/users\/4"}],"replies":[{"embeddable":true,"href":"https:\/\/www.tgrthaber.com\/mavikadin\/wp-json\/wp\/v2\/comments?post=106261"}],"version-history":[{"count":8,"href":"https:\/\/www.tgrthaber.com\/mavikadin\/wp-json\/wp\/v2\/posts\/106261\/revisions"}],"predecessor-version":[{"id":106284,"href":"https:\/\/www.tgrthaber.com\/mavikadin\/wp-json\/wp\/v2\/posts\/106261\/revisions\/106284"}],"wp:featuredmedia":[{"embeddable":true,"href":"https:\/\/www.tgrthaber.com\/mavikadin\/wp-json\/wp\/v2\/media\/106268"}],"wp:attachment":[{"href":"https:\/\/www.tgrthaber.com\/mavikadin\/wp-json\/wp\/v2\/media?parent=106261"}],"wp:term":[{"taxonomy":"category","embeddable":true,"href":"https:\/\/www.tgrthaber.com\/mavikadin\/wp-json\/wp\/v2\/categories?post=106261"},{"taxonomy":"post_tag","embeddable":true,"href":"https:\/\/www.tgrthaber.com\/mavikadin\/wp-json\/wp\/v2\/tags?post=106261"}],"curies":[{"name":"wp","href":"https:\/\/api.w.org\/{rel}","templated":true}]}}