{"id":106267,"date":"2024-12-13T22:00:54","date_gmt":"2024-12-13T19:00:54","guid":{"rendered":"https:\/\/www.tgrthaber.com\/mavikadin\/?p=106267"},"modified":"2024-12-13T22:00:55","modified_gmt":"2024-12-13T19:00:55","slug":"melis-sezen-ve-kerem-bursinli-simarik-filmi-vizyona-giriyor","status":"publish","type":"post","link":"https:\/\/www.tgrthaber.com\/mavikadin\/melis-sezen-ve-kerem-bursinli-simarik-filmi-vizyona-giriyor\/","title":{"rendered":"Melis Sezen ve Kerem Bursinli \u015e\u0131mar\u0131k filmi vizyona giriyor"},"content":{"rendered":"<p>T\u00fcrk sinemas\u0131n\u0131n pop\u00fcler isimleri Kerem B\u00fcrsin ve Melis Sezen, &#8220;\u015e\u0131mar\u0131k&#8221; adl\u0131 yeni yap\u0131mda ba\u015frol\u00fc payla\u015f\u0131yor. Onur \u00dcnl\u00fc&#8217;n\u00fcn y\u00f6netmenli\u011fini \u00fcstlendi\u011fi film, 20 Aral\u0131k 2024 tarihinde sinemalarda g\u00f6sterime girmeye haz\u0131rlan\u0131yor.<\/p>\n<h3>MEL\u0130S SEZEN VE KEREM BURS\u0130NL\u0130 \u015eIMARIK F\u0130LM\u0130 V\u0130ZYONA G\u0130R\u0130YOR<\/h3>\n<p>Kerem B\u00fcrsin, &#8220;Mete&#8221; karakteriyle varl\u0131kl\u0131 bir baban\u0131n disiplinsiz ve \u015f\u0131mar\u0131k o\u011flunu oynarken, Melis Sezen ise &#8220;Asena&#8221; rol\u00fcn\u00fc \u00fcstlenecek. &#8220;\u015e\u0131mar\u0131k&#8221; filmi, varl\u0131kl\u0131 ailelerin i\u00e7 d\u00fcnyas\u0131na ve toplumla olan ba\u011flar\u0131na dair dikkat \u00e7eken bir \u00f6yk\u00fc sunuyor.<\/p>\n<p>Kerem B\u00fcrsin ve Melis Sezen&#8217;e; Erkan Kol\u00e7ak K\u00f6stendil, Ahmet M\u00fcmtaz Taylan, Cemal H\u00fcnal ve G\u00fcven K\u0131ra\u00e7 gibi tecr\u00fcbeli isimler e\u015flik ediyor. Erkan Kol\u00e7ak K\u00f6stendil, &#8220;Sami&#8221;, Ahmet M\u00fcmtaz Taylan, &#8220;Teoman&#8221;, Cemal H\u00fcnal, &#8220;Halis&#8221; ve G\u00fcven K\u0131ra\u00e7 ise &#8220;Yavuz&#8221; karakterlerini oynayacak.<\/p>\n<h3>V\u0130ZYONA G\u0130RMES\u0130NE KISA B\u0130R S\u00dcRE KALDI<\/h3>\n<p>Film, 20 Aral\u0131k\u2019ta sinema severlerle bulu\u015facak. \u015e\u0131mar\u0131k bir ya\u015fam\u0131n i\u00e7inde kaybolan bir adam\u0131n, ait oldu\u011fu d\u00fcnya ile m\u00fccadelesini ve d\u00f6n\u00fc\u015f\u00fcm\u00fcn\u00fc ele alan bu yap\u0131m, izleyicilere unutulmaz bir sinema deneyimi sunmay\u0131 ama\u00e7layan\u00a0&#8220;\u015e\u0131mar\u0131k&#8221;, sinema merakl\u0131lar\u0131n\u0131n \u015fimdiden heyecanla bekledi\u011fi projeler aras\u0131nda yer almay\u0131 ba\u015fard\u0131.<\/p>\n","protected":false},"excerpt":{"rendered":"<p>Kerem B\u00fcrsin ve Melis Sezen&#8217;in, ba\u015frol\u00fcn\u00fc birlikte \u00fcstlendikleri &#8220;\u015e\u0131mar\u0131k&#8221; isimli filmle sinema tutkunlar\u0131yla bulu\u015fmaya haz\u0131rlan\u0131yor. Filmin vizyon tarihi belli oldu.\u00a0<\/p>\n","protected":false},"author":2,"featured_media":106281,"comment_status":"closed","ping_status":"closed","sticky":false,"template":"","format":"standard","meta":{"rank_math_lock_modified_date":false,"footnotes":""},"categories":[76],"tags":[3166,133,2218,3008],"class_list":["post-106267","post","type-post","status-publish","format-standard","has-post-thumbnail","hentry","category-magazin","tag-kerem-bursin","tag-magazin","tag-magazin-haberleri","tag-melis-sezen"],"_links":{"self":[{"href":"https:\/\/www.tgrthaber.com\/mavikadin\/wp-json\/wp\/v2\/posts\/106267"}],"collection":[{"href":"https:\/\/www.tgrthaber.com\/mavikadin\/wp-json\/wp\/v2\/posts"}],"about":[{"href":"https:\/\/www.tgrthaber.com\/mavikadin\/wp-json\/wp\/v2\/types\/post"}],"author":[{"embeddable":true,"href":"https:\/\/www.tgrthaber.com\/mavikadin\/wp-json\/wp\/v2\/users\/2"}],"replies":[{"embeddable":true,"href":"https:\/\/www.tgrthaber.com\/mavikadin\/wp-json\/wp\/v2\/comments?post=106267"}],"version-history":[{"count":1,"href":"https:\/\/www.tgrthaber.com\/mavikadin\/wp-json\/wp\/v2\/posts\/106267\/revisions"}],"predecessor-version":[{"id":106282,"href":"https:\/\/www.tgrthaber.com\/mavikadin\/wp-json\/wp\/v2\/posts\/106267\/revisions\/106282"}],"wp:featuredmedia":[{"embeddable":true,"href":"https:\/\/www.tgrthaber.com\/mavikadin\/wp-json\/wp\/v2\/media\/106281"}],"wp:attachment":[{"href":"https:\/\/www.tgrthaber.com\/mavikadin\/wp-json\/wp\/v2\/media?parent=106267"}],"wp:term":[{"taxonomy":"category","embeddable":true,"href":"https:\/\/www.tgrthaber.com\/mavikadin\/wp-json\/wp\/v2\/categories?post=106267"},{"taxonomy":"post_tag","embeddable":true,"href":"https:\/\/www.tgrthaber.com\/mavikadin\/wp-json\/wp\/v2\/tags?post=106267"}],"curies":[{"name":"wp","href":"https:\/\/api.w.org\/{rel}","templated":true}]}}