{"id":106675,"date":"2025-01-03T21:02:36","date_gmt":"2025-01-03T18:02:36","guid":{"rendered":"https:\/\/www.tgrthaber.com\/mavikadin\/?p=106675"},"modified":"2025-01-03T21:14:26","modified_gmt":"2025-01-03T18:14:26","slug":"zembilli-dizisi-basliyor-iste-konusu-ve-oyuncu-kadrosu","status":"publish","type":"post","link":"https:\/\/www.tgrthaber.com\/mavikadin\/zembilli-dizisi-basliyor-iste-konusu-ve-oyuncu-kadrosu\/","title":{"rendered":"Zembili dizisi ilk b\u00f6l\u00fcm ile ekrana geldi! Zembilli konusu ve oyuncular\u0131 dikkat \u00e7ekti"},"content":{"rendered":"<p>atv\u2019nin yeni sezon bombas\u0131 Zembilli dizisi i\u00e7in heyecan dorukta. \u0130zleyicilerin merakla bekledi\u011fi dizinin ilk tan\u0131t\u0131m videosu yay\u0131nland\u0131 ve b\u00fcy\u00fck ilgi toplad\u0131. \u00dcs Yap\u0131m\u2019\u0131n imzas\u0131n\u0131 ta\u015f\u0131yan Zembilli, etkileyici hikayesi ve g\u00fc\u00e7l\u00fc oyuncu kadrosuyla dikkat \u00e7ekiyor. Peki, Zembilli&#8217;nin konusu ne, Zembilli oyuncular\u0131 kimler? Zembilli dizisi nerede \u00e7ekiliyor?<\/p>\n<p>Zembilli dizisi konusu, oyuncu kadrosu ve \u00e7ekim yeri hakk\u0131nda merak etti\u011finiz her \u015fey haberimizde.<\/p>\n<h3>ZEMB\u0130LL\u0130 D\u0130Z\u0130S\u0130 KONUSU NED\u0130R?<\/h3>\n<p>\u201cZembilli\u201d, Toros Da\u011flar\u0131\u2019n\u0131n eteklerindeki bir Y\u00f6r\u00fck kasabas\u0131nda ge\u00e7en ac\u0131, tatl\u0131 ve s\u00fcr\u00fckleyici olaylar\u0131 ekranlara ta\u015f\u0131yor. Gelenekler ile modern ya\u015fam\u0131n \u00e7at\u0131\u015ft\u0131\u011f\u0131 bu kasabada, a\u015fk, dostluk ve aile ba\u011flar\u0131n\u0131n \u00f6nemine vurgu yap\u0131l\u0131yor. Hayallerin pe\u015finden ko\u015fman\u0131n da ana temalardan biri oldu\u011fu dizide, samimi bir atmosfer izleyicilere unutulmaz anlar ya\u015fatacak.<\/p>\n<p><img loading=\"lazy\" decoding=\"async\" class=\"alignnone wp-image-106676\" src=\"https:\/\/www.tgrthaber.com\/mavikadin\/wp-content\/uploads\/atvnin-yeni-dizisi-zembilli-basliyor-zembillinin-oyuncu-kadrosu-ve-konusu-ne-1733995829038-1024x576.jpg\" alt=\"\" width=\"1208\" height=\"680\" title=\"\" srcset=\"https:\/\/www.tgrthaber.com\/mavikadin\/wp-content\/uploads\/atvnin-yeni-dizisi-zembilli-basliyor-zembillinin-oyuncu-kadrosu-ve-konusu-ne-1733995829038-1024x576.jpg 1024w, https:\/\/www.tgrthaber.com\/mavikadin\/wp-content\/uploads\/atvnin-yeni-dizisi-zembilli-basliyor-zembillinin-oyuncu-kadrosu-ve-konusu-ne-1733995829038-300x169.jpg 300w, https:\/\/www.tgrthaber.com\/mavikadin\/wp-content\/uploads\/atvnin-yeni-dizisi-zembilli-basliyor-zembillinin-oyuncu-kadrosu-ve-konusu-ne-1733995829038-768x432.jpg 768w, https:\/\/www.tgrthaber.com\/mavikadin\/wp-content\/uploads\/atvnin-yeni-dizisi-zembilli-basliyor-zembillinin-oyuncu-kadrosu-ve-konusu-ne-1733995829038-1536x864.jpg 1536w, https:\/\/www.tgrthaber.com\/mavikadin\/wp-content\/uploads\/atvnin-yeni-dizisi-zembilli-basliyor-zembillinin-oyuncu-kadrosu-ve-konusu-ne-1733995829038.jpg 1920w\" sizes=\"(max-width: 1208px) 100vw, 1208px\" \/><\/p>\n<h3>ZEMB\u0130LL\u0130 D\u0130Z\u0130S\u0130 NEREDE \u00c7EK\u0130L\u0130YOR?<\/h3>\n<p>Zembilli dizisi nerede \u00e7ekiliyor? Dizi, do\u011fal g\u00fczellikleriyle \u00fcnl\u00fc \u0130zmir\u2019in \u00d6demi\u015f il\u00e7esinde \u00e7ekiliyor. B\u00f6lgenin e\u015fsiz atmosferi, dizinin etkileyici sahnelerine ev sahipli\u011fi yaparak izleyicilere g\u00f6rsel bir \u015f\u00f6len sunacak.<\/p>\n<p><img loading=\"lazy\" decoding=\"async\" class=\"alignnone wp-image-106677\" src=\"https:\/\/www.tgrthaber.com\/mavikadin\/wp-content\/uploads\/0x0-atvnin-yeni-dizisi-zembilli-basliyor-zembillinin-oyuncu-kadrosu-ve-konusu-ne-1733995822499-1024x576.jpg\" alt=\"\" width=\"1208\" height=\"680\" title=\"\" srcset=\"https:\/\/www.tgrthaber.com\/mavikadin\/wp-content\/uploads\/0x0-atvnin-yeni-dizisi-zembilli-basliyor-zembillinin-oyuncu-kadrosu-ve-konusu-ne-1733995822499-1024x576.jpg 1024w, https:\/\/www.tgrthaber.com\/mavikadin\/wp-content\/uploads\/0x0-atvnin-yeni-dizisi-zembilli-basliyor-zembillinin-oyuncu-kadrosu-ve-konusu-ne-1733995822499-300x169.jpg 300w, https:\/\/www.tgrthaber.com\/mavikadin\/wp-content\/uploads\/0x0-atvnin-yeni-dizisi-zembilli-basliyor-zembillinin-oyuncu-kadrosu-ve-konusu-ne-1733995822499-768x432.jpg 768w, https:\/\/www.tgrthaber.com\/mavikadin\/wp-content\/uploads\/0x0-atvnin-yeni-dizisi-zembilli-basliyor-zembillinin-oyuncu-kadrosu-ve-konusu-ne-1733995822499-1536x864.jpg 1536w, https:\/\/www.tgrthaber.com\/mavikadin\/wp-content\/uploads\/0x0-atvnin-yeni-dizisi-zembilli-basliyor-zembillinin-oyuncu-kadrosu-ve-konusu-ne-1733995822499.jpg 1920w\" sizes=\"(max-width: 1208px) 100vw, 1208px\" \/><\/p>\n<h3>ZEMB\u0130LL\u0130 OYUNCU KADROSU<\/h3>\n<p>Zembilli\u2019nin oyuncu kadrosunda hem gen\u00e7 yetenekler hem de usta isimler bulu\u015ftu.<\/p>\n<p>\u0130\u015fte Zembilli oyuncu kadrosu:<\/p>\n<ul>\n<li>Sude Z\u00fclal G\u00fcler<\/li>\n<li>Emre Dinler<\/li>\n<li>Damlasu \u0130kizo\u011flu<\/li>\n<li>Atakan Ho\u015fg\u00f6ren<\/li>\n<li>Yal\u00e7\u0131n Haf\u0131zo\u011flu<\/li>\n<li>Murat Akkoyunlu<\/li>\n<li>Ruhi Sar\u0131<\/li>\n<li>Kadim Ya\u015far<\/li>\n<li>Melisa Bostanc\u0131o\u011flu<\/li>\n<li>Dilaray Ye\u015filyaprak<\/li>\n<li>\u00d6zg\u00fcr Cem Tu\u011fluk<\/li>\n<li>Hilmi \u00d6z\u00e7elik<\/li>\n<li>Elif \u00c7akman<\/li>\n<li>\u015eebnem Do\u011fruer<\/li>\n<li>Ay\u015fen Sezerel<\/li>\n<li>Handan Y\u0131ld\u0131r\u0131m<\/li>\n<\/ul>\n<p><img loading=\"lazy\" decoding=\"async\" class=\"alignnone wp-image-106678\" src=\"https:\/\/www.tgrthaber.com\/mavikadin\/wp-content\/uploads\/0x0-atvnin-yeni-dizisi-zembilli-basliyor-zembillinin-oyuncu-kadrosu-ve-konusu-ne-1733995821648-1024x576.jpg\" alt=\"\" width=\"1208\" height=\"680\" title=\"\" srcset=\"https:\/\/www.tgrthaber.com\/mavikadin\/wp-content\/uploads\/0x0-atvnin-yeni-dizisi-zembilli-basliyor-zembillinin-oyuncu-kadrosu-ve-konusu-ne-1733995821648-1024x576.jpg 1024w, https:\/\/www.tgrthaber.com\/mavikadin\/wp-content\/uploads\/0x0-atvnin-yeni-dizisi-zembilli-basliyor-zembillinin-oyuncu-kadrosu-ve-konusu-ne-1733995821648-300x169.jpg 300w, https:\/\/www.tgrthaber.com\/mavikadin\/wp-content\/uploads\/0x0-atvnin-yeni-dizisi-zembilli-basliyor-zembillinin-oyuncu-kadrosu-ve-konusu-ne-1733995821648-768x432.jpg 768w, https:\/\/www.tgrthaber.com\/mavikadin\/wp-content\/uploads\/0x0-atvnin-yeni-dizisi-zembilli-basliyor-zembillinin-oyuncu-kadrosu-ve-konusu-ne-1733995821648-1536x864.jpg 1536w, https:\/\/www.tgrthaber.com\/mavikadin\/wp-content\/uploads\/0x0-atvnin-yeni-dizisi-zembilli-basliyor-zembillinin-oyuncu-kadrosu-ve-konusu-ne-1733995821648.jpg 1920w\" sizes=\"(max-width: 1208px) 100vw, 1208px\" \/><\/p>\n<h3>ZEMB\u0130LL\u0130 \u0130LK B\u00d6L\u00dcM\u00dc \u0130LE EKRANA GELD\u0130<\/h3>\n<p>Proje tasar\u0131m\u0131 Cemil Yavuz\u2019a, senaryo ve hik\u00e2ye Fatih \u00d6zcan\u2019a ait olan bu s\u0131cak hik\u00e2yeyi, y\u00f6netmen Ufuk Hakan Eren\u2019in rejisiyle izleyece\u011fiz. \u0130lk b\u00f6l\u00fcm\u00fc ile ekrana gelen Zembilli ile ilgili bilgiler ara\u015ft\u0131r\u0131lmaya ba\u015flando<\/p>\n","protected":false},"excerpt":{"rendered":"<p>Zembilli dizisi, Toros Da\u011flar\u0131\u2019n\u0131n eteklerindeki bir Y\u00f6r\u00fck kasabas\u0131n\u0131 konu al\u0131yor. \u0130zmir \u00d6demi\u015f\u2019te \u00e7ekilen dizi ile ilgili ara\u015ft\u0131rmalar ba\u015flad\u0131. Peki Zembilli&#8217;nin konusu ne, oyuncular\u0131 kim? Zembilli dizisi nerede \u00e7ekiliyor? Zembilli K\u00f6y\u00fc ger\u00e7ekte var m\u0131, nerede?<\/p>\n","protected":false},"author":4,"featured_media":106679,"comment_status":"closed","ping_status":"closed","sticky":false,"template":"","format":"standard","meta":{"rank_math_lock_modified_date":false,"footnotes":""},"categories":[602],"tags":[4318,4317],"class_list":["post-106675","post","type-post","status-publish","format-standard","has-post-thumbnail","hentry","category-diziler","tag-izmir","tag-zembilli"],"_links":{"self":[{"href":"https:\/\/www.tgrthaber.com\/mavikadin\/wp-json\/wp\/v2\/posts\/106675"}],"collection":[{"href":"https:\/\/www.tgrthaber.com\/mavikadin\/wp-json\/wp\/v2\/posts"}],"about":[{"href":"https:\/\/www.tgrthaber.com\/mavikadin\/wp-json\/wp\/v2\/types\/post"}],"author":[{"embeddable":true,"href":"https:\/\/www.tgrthaber.com\/mavikadin\/wp-json\/wp\/v2\/users\/4"}],"replies":[{"embeddable":true,"href":"https:\/\/www.tgrthaber.com\/mavikadin\/wp-json\/wp\/v2\/comments?post=106675"}],"version-history":[{"count":6,"href":"https:\/\/www.tgrthaber.com\/mavikadin\/wp-json\/wp\/v2\/posts\/106675\/revisions"}],"predecessor-version":[{"id":116575,"href":"https:\/\/www.tgrthaber.com\/mavikadin\/wp-json\/wp\/v2\/posts\/106675\/revisions\/116575"}],"wp:featuredmedia":[{"embeddable":true,"href":"https:\/\/www.tgrthaber.com\/mavikadin\/wp-json\/wp\/v2\/media\/106679"}],"wp:attachment":[{"href":"https:\/\/www.tgrthaber.com\/mavikadin\/wp-json\/wp\/v2\/media?parent=106675"}],"wp:term":[{"taxonomy":"category","embeddable":true,"href":"https:\/\/www.tgrthaber.com\/mavikadin\/wp-json\/wp\/v2\/categories?post=106675"},{"taxonomy":"post_tag","embeddable":true,"href":"https:\/\/www.tgrthaber.com\/mavikadin\/wp-json\/wp\/v2\/tags?post=106675"}],"curies":[{"name":"wp","href":"https:\/\/api.w.org\/{rel}","templated":true}]}}