{"id":106713,"date":"2024-12-15T16:25:32","date_gmt":"2024-12-15T13:25:32","guid":{"rendered":"https:\/\/www.tgrthaber.com\/mavikadin\/?p=106713"},"modified":"2025-01-02T23:00:41","modified_gmt":"2025-01-02T20:00:41","slug":"ferdi-tayfurun-hastaligi-neydi-neden-oldu-ferdi-tayfurun-yasi-ve-ozel-hayati-merak-edildi","status":"publish","type":"post","link":"https:\/\/www.tgrthaber.com\/mavikadin\/ferdi-tayfurun-hastaligi-neydi-neden-oldu-ferdi-tayfurun-yasi-ve-ozel-hayati-merak-edildi\/","title":{"rendered":"Ferdi Tayfur\u2019un hastal\u0131\u011f\u0131 neydi, neden \u00f6ld\u00fc? Ferdi Tayfur\u2019un ya\u015f\u0131 ve \u00f6zel hayat\u0131 merak edildi!"},"content":{"rendered":"<p>Hem sesiyle hem de oyunculu\u011fuyla g\u00f6n\u00fcllerde taht kuran usta sanat\u00e7\u0131 Ferdi Tayfur, 15 Aral\u0131k&#8217;ta ya\u015fam\u0131n\u0131 s\u00fcrd\u00fcrd\u00fc\u011f\u00fc Marmaris&#8217;teki evinde rahats\u0131zlanm\u0131\u015ft\u0131. Ambulansla il\u00e7edeki \u00f6zel bir hastaneye sevk edilen Tayfur, daha sonra Mu\u011fla&#8217;daki \u00f6zel bir hastaneye sevk edilmi\u015fti. Tayfur, Mu\u011fla&#8217;daki tedavisinin\u00a0 ard\u0131ndan doktorlar\u0131n\u0131n ve ailesinin iste\u011fi \u00fczerine Antalya&#8217;ya sevk edilmi\u015f, Medical Park Antalya Hastanesinde bir s\u00fcre \u00f6nce ameliyat edilmi\u015fti. 16 Aral\u0131k&#8217;ta Mu\u011fla&#8217;dan Antalya&#8217;ya sevk edilen Tayfur, burada sin\u00fcs ameliyat\u0131 olmu\u015ftu. Peki, Ferdi Tayfur\u2019un hastal\u0131\u011f\u0131 neydi, neden \u00f6ld\u00fc?<\/p>\n<hr \/>\n<h3>FERD\u0130 TAYFUR\u2019UN HASTALI\u011eI NEYD\u0130?<\/h3>\n<p>\u00dcnl\u00fc sanat\u00e7\u0131 Ferdi Tayfur&#8217;dan hayranlar\u0131n\u0131 \u00fczen haber geldi. Tayfur 79 ya\u015f\u0131nda Antalya&#8217;da tedavi g\u00f6rd\u00fc\u011f\u00fc hastanede hayata g\u00f6zlerini yumdu. Tayfur&#8217;un, y\u00fcksek kan bas\u0131nc\u0131n\u0131n neden oldu\u011fu y\u00fcksek tansiyon sebebiyle hastaneye kald\u0131r\u0131ld\u0131\u011f\u0131 \u00f6\u011frenilmi\u015fti. Tan\u0131nm\u0131\u015f sanat\u00e7\u0131n\u0131n Mu\u011fla&#8217;n\u0131n Marmaris b\u00f6lgesindeki konutunda rahats\u0131zland\u0131\u011f\u0131 belirtilmi\u015fti. Vefat\u0131yla hayranlar\u0131n\u0131 derin bir h\u00fczne bo\u011fan Tayfrun hastal\u0131\u011f\u0131 neydi, neden \u00f6ld\u00fc?<\/p>\n<p><img loading=\"lazy\" decoding=\"async\" class=\"alignnone wp-image-116018\" src=\"https:\/\/www.tgrthaber.com\/mavikadin\/wp-content\/uploads\/Adsiz-tasarim-18-20-1024x576.jpg\" alt=\"Ferdi Tayfur hastal\u0131\u011f\u0131 neydi, neden \u00f6ld\u00fc?\" width=\"1208\" height=\"680\" title=\"\" srcset=\"https:\/\/www.tgrthaber.com\/mavikadin\/wp-content\/uploads\/Adsiz-tasarim-18-20-1024x576.jpg 1024w, https:\/\/www.tgrthaber.com\/mavikadin\/wp-content\/uploads\/Adsiz-tasarim-18-20-300x169.jpg 300w, https:\/\/www.tgrthaber.com\/mavikadin\/wp-content\/uploads\/Adsiz-tasarim-18-20-768x432.jpg 768w, https:\/\/www.tgrthaber.com\/mavikadin\/wp-content\/uploads\/Adsiz-tasarim-18-20-1536x864.jpg 1536w, https:\/\/www.tgrthaber.com\/mavikadin\/wp-content\/uploads\/Adsiz-tasarim-18-20.jpg 1600w\" sizes=\"(max-width: 1208px) 100vw, 1208px\" \/><\/p>\n<hr \/>\n<p>Ferdi Tayfur, Mu\u011fla&#8217;n\u0131n Marmaris b\u00f6lgesindeki ikametinde rahats\u0131zl\u0131k ge\u00e7irmi\u015fti. \u00dcnl\u00fc sanat\u00e7\u0131 i\u00e7in yan\u0131nda bulunan \u00e7al\u0131\u015fanlar taraf\u0131ndan sa\u011fl\u0131k g\u00f6revlilerinden yard\u0131m istenmi\u015fti. Y\u00fcksek tansiyon problemi nedeniyle ambulansla il\u00e7edeki \u00f6zel bir sa\u011fl\u0131k kurulu\u015funa g\u00f6t\u00fcr\u00fclen sanat\u00e7\u0131n\u0131n tedavi alt\u0131na al\u0131nd\u0131\u011f\u0131 bilgisi payla\u015f\u0131lm\u0131\u015ft\u0131. \u0130kamet etti\u011fi Mu\u011fla&#8217;dan Antalya&#8217;ya sevk edilen Tayfur&#8217;un sin\u00fcs ameliyat\u0131 oldu\u011fu \u00f6\u011frenilmi\u015fti. Ayn\u0131 zamanda Tayfur&#8217;un daha \u00f6nce Antalya&#8217;da bir hastanede yap\u0131lan ameliyatla beyin damar\u0131na stent tak\u0131ld\u0131\u011f\u0131 bilgisi edinilmi\u015fti. Bu rahats\u0131zl\u0131klar\u0131n\u0131n yan\u0131nda Tayfur&#8217;un bir s\u00fcredir diyaliz tedavisi g\u00f6rd\u00fc\u011f\u00fc ve 2020 y\u0131l\u0131nda Antalya&#8217;da kendisine o\u011flunun b\u00f6bre\u011finin nakledildi\u011fi bilgisi \u00f6\u011frenilmi\u015fti. Usta sanat\u00e7\u0131n\u0131n ak\u015fam saatlerinde organ yetmezli\u011fi sebebiyle hayat\u0131n\u0131 kaybetti\u011fi \u00f6\u011frenildi.<\/p>\n<p><img loading=\"lazy\" decoding=\"async\" class=\"wp-image-106715\" src=\"https:\/\/www.tgrthaber.com\/mavikadin\/wp-content\/uploads\/Basliksiz-1hgjhs-1024x576.jpg\" alt=\"Ferdi Tayfur\" width=\"1208\" height=\"680\" title=\"\" srcset=\"https:\/\/www.tgrthaber.com\/mavikadin\/wp-content\/uploads\/Basliksiz-1hgjhs-1024x576.jpg 1024w, https:\/\/www.tgrthaber.com\/mavikadin\/wp-content\/uploads\/Basliksiz-1hgjhs-300x169.jpg 300w, https:\/\/www.tgrthaber.com\/mavikadin\/wp-content\/uploads\/Basliksiz-1hgjhs-768x432.jpg 768w, https:\/\/www.tgrthaber.com\/mavikadin\/wp-content\/uploads\/Basliksiz-1hgjhs.jpg 1280w\" sizes=\"(max-width: 1208px) 100vw, 1208px\" \/><\/p>\n<hr \/>\n<h3>FERD\u0130 TAYFUR\u2019UN YA\u015eI VE KA\u00c7 EVL\u0130L\u0130K YAPTI\u011eI MERAK ED\u0130LD\u0130<\/h3>\n<p>Ferdi Tayfur, 15 Kas\u0131m 1945 tarihinde d\u00fcnyaya gelmi\u015ftir. Ferdi Tayfur 79 ya\u015f\u0131nda 2 Ocak 2025 tarihinde hayata g\u00f6zlerini yummu\u015ftur. Adana\u2019n\u0131n Y\u00fcre\u011fir b\u00f6lgesine ba\u011fl\u0131 Ta\u015f\u00e7\u0131 k\u00f6y\u00fcnde do\u011fan sanat\u00e7\u0131ya, seslendirme sanat\u00e7\u0131s\u0131 Ferdi Tayfur\u2019a hayran olan babas\u0131 Cumali Bey taraf\u0131ndan bu isim verilmi\u015ftir. E\u011fitime b\u00fcy\u00fck \u00f6nem veren Cumali Bey\u2019in, bir pavyondan \u00e7\u0131k\u0131\u015f\u0131nda ya\u015fam\u0131n\u0131 yitirmesiyle sanat\u00e7\u0131n\u0131n \u00f6\u011frenim hayat\u0131 sona ermi\u015f; Ferdi Tayfur, zor ve ac\u0131kl\u0131 bir ya\u015fam s\u00fcrd\u00fc\u011f\u00fcn\u00fc, babas\u0131n\u0131n \u00f6l\u00fcm\u00fcnden sonra annesinin yeniden evlendi\u011fini, kendisinin ise okumak istedi\u011fi halde \u015fartlar elvermedi\u011fi i\u00e7in bunu ger\u00e7ekle\u015ftiremedi\u011fini dile getirmi\u015ftir.<\/p>\n<p><img loading=\"lazy\" decoding=\"async\" class=\"alignnone wp-image-115989\" src=\"https:\/\/www.tgrthaber.com\/mavikadin\/wp-content\/uploads\/Adsiz-tasarim-24-14-1024x576.jpg\" alt=\"Ferdi Tayfur neden \u00f6ld\u00fc, hastal\u0131\u011f\u0131 neydi?\" width=\"1208\" height=\"680\" title=\"\" srcset=\"https:\/\/www.tgrthaber.com\/mavikadin\/wp-content\/uploads\/Adsiz-tasarim-24-14-1024x576.jpg 1024w, https:\/\/www.tgrthaber.com\/mavikadin\/wp-content\/uploads\/Adsiz-tasarim-24-14-300x169.jpg 300w, https:\/\/www.tgrthaber.com\/mavikadin\/wp-content\/uploads\/Adsiz-tasarim-24-14-768x432.jpg 768w, https:\/\/www.tgrthaber.com\/mavikadin\/wp-content\/uploads\/Adsiz-tasarim-24-14-1536x864.jpg 1536w, https:\/\/www.tgrthaber.com\/mavikadin\/wp-content\/uploads\/Adsiz-tasarim-24-14.jpg 1600w\" sizes=\"(max-width: 1208px) 100vw, 1208px\" \/><\/p>\n<hr \/>\n<p>\u00c7ocukluk d\u00f6neminde \u00fcvey babas\u0131n\u0131n buldu\u011fu bir \u015fekerci d\u00fckkan\u0131nda \u00e7\u0131rakl\u0131k yapan sanat\u00e7\u0131, okuma yazmay\u0131 i\u015f ya\u015fam\u0131nda \u00f6\u011frendi\u011fini belirtmi\u015ftir. Daha sonra bir \u00e7iftlikte \u00e7al\u0131\u015farak ailesinin ge\u00e7imine destek olan Tayfur, ayn\u0131 d\u00f6nemde d\u00fc\u011f\u00fcnlerde \u015fark\u0131lar s\u00f6ylemi\u015ftir. Yerel bir gazetede Adana Radyosu\u2019nun d\u00fczenledi\u011fi m\u00fczik yar\u0131\u015fmas\u0131 ilan\u0131n\u0131 fark eden Tayfur, yar\u0131\u015fmaya kat\u0131lm\u0131\u015f ancak birincilik yerine ikincilik kazanm\u0131\u015ft\u0131r. \u00dcvey babas\u0131n\u0131n engellemelerine ra\u011fmen \u0130stanbul\u2019a giderek Lunapark Gazinosu\u2019nda \u00e7al\u0131\u015fmaya ba\u015flam\u0131\u015f ve Nurten \u0130nnap\u2019a ba\u011flama \u00e7alm\u0131\u015ft\u0131r. Ard\u0131ndan Leyla \/ A\u015fk\u0131nla Beni \u00d6ld\u00fcrd\u00fcn adl\u0131 ilk pla\u011f\u0131n\u0131 \u00e7\u0131karm\u0131\u015f ve bu \u00e7al\u0131\u015fmas\u0131ndan 500 lira kazanm\u0131\u015ft\u0131r.<\/p>\n<p><img loading=\"lazy\" decoding=\"async\" class=\"alignnone wp-image-115990\" src=\"https:\/\/www.tgrthaber.com\/mavikadin\/wp-content\/uploads\/Adsiz-tasarim-20-20-1024x576.jpg\" alt=\"Ferdi Tayfur neden \u00f6ld\u00fc, hastal\u0131\u011f\u0131 neydi?\" width=\"1208\" height=\"680\" title=\"\" srcset=\"https:\/\/www.tgrthaber.com\/mavikadin\/wp-content\/uploads\/Adsiz-tasarim-20-20-1024x576.jpg 1024w, https:\/\/www.tgrthaber.com\/mavikadin\/wp-content\/uploads\/Adsiz-tasarim-20-20-300x169.jpg 300w, https:\/\/www.tgrthaber.com\/mavikadin\/wp-content\/uploads\/Adsiz-tasarim-20-20-768x432.jpg 768w, https:\/\/www.tgrthaber.com\/mavikadin\/wp-content\/uploads\/Adsiz-tasarim-20-20-1536x864.jpg 1536w, https:\/\/www.tgrthaber.com\/mavikadin\/wp-content\/uploads\/Adsiz-tasarim-20-20.jpg 1600w\" sizes=\"(max-width: 1208px) 100vw, 1208px\" \/><\/p>\n<hr \/>\n<p>1968 y\u0131l\u0131nda Seda Plak ile iki plakl\u0131k bir anla\u015fma yapm\u0131\u015ft\u0131r ancak bekledi\u011fi ilgiyi g\u00f6rememi\u015ftir. Bunun \u00fczerine yeniden Adana\u2019ya d\u00f6nerek \u00e7iftlikteki i\u015flerini \u00fcstlenmi\u015f, di\u011fer yandan m\u00fczik \u00e7al\u0131\u015fmalar\u0131n\u0131 s\u00fcrd\u00fcrm\u00fc\u015ft\u00fcr. \u00dc\u00e7 y\u0131l aradan sonra Huzurum Kalmad\u0131 adl\u0131 pla\u011f\u0131n\u0131 yay\u0131mlam\u0131\u015ft\u0131r. 1973 y\u0131l\u0131nda G\u00f6rsev Plak ad\u0131na yapt\u0131\u011f\u0131 Dur Dinle Sevgilim \/ K\u0131r \u00c7i\u00e7ekleri adl\u0131 45\u2019lik ile \u00e7\u0131k\u0131\u015f yapm\u0131\u015ft\u0131r. 1974 y\u0131l\u0131nda ise Y\u00fcre\u011fimde Yara Var \/ Bana Ger\u00e7ekleri S\u00f6yle adl\u0131 45\u2019li\u011fiyle ad\u0131n\u0131 daha geni\u015f kitlelere duyurmu\u015ftur. 1975\u2019te Elenor Plak\u2019a ge\u00e7mi\u015f ve \u00f6nce B\u0131rak \u015eu Gurbeti, ard\u0131ndan \u00c7e\u015fme adl\u0131 \u015fark\u0131s\u0131yla b\u00fcy\u00fck ba\u015far\u0131 kazanm\u0131\u015ft\u0131r.<\/p>\n<p><img loading=\"lazy\" decoding=\"async\" class=\"alignnone wp-image-115992\" src=\"https:\/\/www.tgrthaber.com\/mavikadin\/wp-content\/uploads\/Adsiz-tasarim-22-18-1024x576.jpg\" alt=\"Ferdi Tayfur neden \u00f6ld\u00fc, hastal\u0131\u011f\u0131 neydi?\" width=\"1208\" height=\"680\" title=\"\" srcset=\"https:\/\/www.tgrthaber.com\/mavikadin\/wp-content\/uploads\/Adsiz-tasarim-22-18-1024x576.jpg 1024w, https:\/\/www.tgrthaber.com\/mavikadin\/wp-content\/uploads\/Adsiz-tasarim-22-18-300x169.jpg 300w, https:\/\/www.tgrthaber.com\/mavikadin\/wp-content\/uploads\/Adsiz-tasarim-22-18-768x432.jpg 768w, https:\/\/www.tgrthaber.com\/mavikadin\/wp-content\/uploads\/Adsiz-tasarim-22-18-1536x864.jpg 1536w, https:\/\/www.tgrthaber.com\/mavikadin\/wp-content\/uploads\/Adsiz-tasarim-22-18.jpg 1600w\" sizes=\"(max-width: 1208px) 100vw, 1208px\" \/><\/p>\n<hr \/>\n<p>Sanat\u00e7\u0131n\u0131n 16-17 ya\u015flar\u0131ndayken beraberlik ya\u015fad\u0131\u011f\u0131 bir kad\u0131ndan Timur ad\u0131nda bir erkek \u00e7ocu\u011fu d\u00fcnyaya gelmi\u015ftir. Daha sonra resmi nik\u00e2hl\u0131 ilk ve tek e\u015fi olan Zeliha Han\u0131m\u2019dan iki k\u0131z\u0131 (Tu\u011fba ve Funda) olmu\u015ftur.<\/p>\n<p><img loading=\"lazy\" decoding=\"async\" class=\"alignnone wp-image-116019\" src=\"https:\/\/www.tgrthaber.com\/mavikadin\/wp-content\/uploads\/Adsiz-tasarim-26-15-1024x576.jpg\" alt=\"Ferdi Tayfur hastal\u0131\u011f\u0131 neydi, neden \u00f6ld\u00fc?\" width=\"1208\" height=\"680\" title=\"\" srcset=\"https:\/\/www.tgrthaber.com\/mavikadin\/wp-content\/uploads\/Adsiz-tasarim-26-15-1024x576.jpg 1024w, https:\/\/www.tgrthaber.com\/mavikadin\/wp-content\/uploads\/Adsiz-tasarim-26-15-300x169.jpg 300w, https:\/\/www.tgrthaber.com\/mavikadin\/wp-content\/uploads\/Adsiz-tasarim-26-15-768x432.jpg 768w, https:\/\/www.tgrthaber.com\/mavikadin\/wp-content\/uploads\/Adsiz-tasarim-26-15-1536x864.jpg 1536w, https:\/\/www.tgrthaber.com\/mavikadin\/wp-content\/uploads\/Adsiz-tasarim-26-15.jpg 1600w\" sizes=\"(max-width: 1208px) 100vw, 1208px\" \/><\/p>\n<hr \/>\n<p>Yakla\u015f\u0131k 30 y\u0131l\u0131n\u0131 birlikte ge\u00e7irdi\u011fi ve 2007\u2019de yollar\u0131n\u0131 ay\u0131rd\u0131\u011f\u0131 sinema oyuncusu Necla Naz\u0131r\u2019dan, ses sanat\u00e7\u0131s\u0131 olan Tu\u011f\u00e7e Tayfur ad\u0131nda bir k\u0131z\u0131 bulunmaktad\u0131r. Necla Naz\u0131r ile beraber oldu\u011fu d\u00f6nemde ili\u015fki ya\u015fad\u0131\u011f\u0131 Habibe \u00dcmyani Demir\u2019den ise Ferdi Taha isimli bir \u00e7ocu\u011fu olmu\u015ftur.<\/p>\n<p>Sanat\u00e7\u0131, 2010 y\u0131l\u0131nda, y\u0131llar sonra h\u00e2l\u00e2 resmi nik\u00e2hl\u0131 oldu\u011fu ilk e\u015fi Zeliha Turanbayburt ile yeniden birlikte ya\u015famaya ba\u015flam\u0131\u015ft\u0131r. Hayat\u0131n\u0131 uzun bir s\u00fcredir Marmaris\u2019te s\u00fcrd\u00fcrmektedir.<\/p>\n","protected":false},"excerpt":{"rendered":"<p>Evde fenala\u015farak hastaneye kald\u0131r\u0131lan Ferdi Tayfur\u2019un ya\u015f\u0131 ve ka\u00e7 evlilik yapt\u0131\u011f\u0131 merak edildi. Ferdi Tayfur\u2019un hastal\u0131\u011f\u0131 ne? \u0130\u015fte detaylar&#8230;<\/p>\n","protected":false},"author":2,"featured_media":106714,"comment_status":"closed","ping_status":"closed","sticky":false,"template":"","format":"standard","meta":{"rank_math_lock_modified_date":false,"footnotes":""},"categories":[491],"tags":[4326,133,2218],"class_list":["post-106713","post","type-post","status-publish","format-standard","has-post-thumbnail","hentry","category-biyografi","tag-ferdi-tayfur","tag-magazin","tag-magazin-haberleri"],"_links":{"self":[{"href":"https:\/\/www.tgrthaber.com\/mavikadin\/wp-json\/wp\/v2\/posts\/106713"}],"collection":[{"href":"https:\/\/www.tgrthaber.com\/mavikadin\/wp-json\/wp\/v2\/posts"}],"about":[{"href":"https:\/\/www.tgrthaber.com\/mavikadin\/wp-json\/wp\/v2\/types\/post"}],"author":[{"embeddable":true,"href":"https:\/\/www.tgrthaber.com\/mavikadin\/wp-json\/wp\/v2\/users\/2"}],"replies":[{"embeddable":true,"href":"https:\/\/www.tgrthaber.com\/mavikadin\/wp-json\/wp\/v2\/comments?post=106713"}],"version-history":[{"count":6,"href":"https:\/\/www.tgrthaber.com\/mavikadin\/wp-json\/wp\/v2\/posts\/106713\/revisions"}],"predecessor-version":[{"id":116081,"href":"https:\/\/www.tgrthaber.com\/mavikadin\/wp-json\/wp\/v2\/posts\/106713\/revisions\/116081"}],"wp:featuredmedia":[{"embeddable":true,"href":"https:\/\/www.tgrthaber.com\/mavikadin\/wp-json\/wp\/v2\/media\/106714"}],"wp:attachment":[{"href":"https:\/\/www.tgrthaber.com\/mavikadin\/wp-json\/wp\/v2\/media?parent=106713"}],"wp:term":[{"taxonomy":"category","embeddable":true,"href":"https:\/\/www.tgrthaber.com\/mavikadin\/wp-json\/wp\/v2\/categories?post=106713"},{"taxonomy":"post_tag","embeddable":true,"href":"https:\/\/www.tgrthaber.com\/mavikadin\/wp-json\/wp\/v2\/tags?post=106713"}],"curies":[{"name":"wp","href":"https:\/\/api.w.org\/{rel}","templated":true}]}}