{"id":106744,"date":"2024-12-15T18:10:55","date_gmt":"2024-12-15T15:10:55","guid":{"rendered":"https:\/\/www.tgrthaber.com\/mavikadin\/?p=106744"},"modified":"2024-12-22T00:24:54","modified_gmt":"2024-12-21T21:24:54","slug":"gonul-daginda-mihribanin-omru-tukeniyor-hande-nur-tekin-kimdir-diziden-ayrilacak-mi","status":"publish","type":"post","link":"https:\/\/www.tgrthaber.com\/mavikadin\/gonul-daginda-mihribanin-omru-tukeniyor-hande-nur-tekin-kimdir-diziden-ayrilacak-mi\/","title":{"rendered":"G\u00f6n\u00fcl Da\u011f\u0131\u2019nda Mihriban\u2019\u0131n \u00f6mr\u00fc t\u00fckeniyor: Hande Nur Tekin kimdir, diziden ayr\u0131lacak m\u0131?"},"content":{"rendered":"<p>TRT 1\u2019in b\u00fcy\u00fck be\u011feniyle izlenen dizisi G\u00f6n\u00fcl Da\u011f\u0131, 157. b\u00f6l\u00fcm\u00fcnde Mihriban karakterinin hastal\u0131\u011f\u0131n\u0131n ilerlemesiyle birlikte izleyicilerine h\u00fcz\u00fcnl\u00fc bir veda haz\u0131rl\u0131yor. Hande Nur Tekin\u2019in hayat verdi\u011fi Mihriban karakterinin \u00f6mr\u00fcn\u00fcn sadece iki ay kald\u0131\u011f\u0131 haberleriyle g\u00fcndeme gelen G\u00f6n\u00fcl Da\u011f\u0131, bu s\u00fcre\u00e7te izleyicilerini ekran ba\u015f\u0131na kilitledi. Peki, Mihriban karakteri ger\u00e7ekten diziden ayr\u0131lacak m\u0131? Hande Nur Tekin kimdir ve Mihriban\u2019\u0131 nas\u0131l bir final bekliyor?<\/p>\n<h3>M\u0130HR\u0130BAN&#8217;IN HASTALI\u011eI \u0130LERL\u0130YOR, VEDA ZAMANI GEL\u0130YOR<\/h3>\n<p>G\u00f6n\u00fcl Da\u011f\u0131 dizisinin en \u00e7ok sevilen karakterlerinden biri olan Mihriban, son b\u00f6l\u00fcmlerde h\u0131zla k\u00f6t\u00fcle\u015fen bir hastal\u0131kla m\u00fccadele ediyor. Kalan \u00f6mr\u00fcn\u00fcn sadece iki ay oldu\u011fu bilgisiyle izleyicilerine veda etmek zorunda kalan Mihriban, bu ac\u0131 haberi k\u0131z\u0131 Elif\u2019e verirken ekran ba\u015f\u0131ndaki izleyicileri de h\u00fczne bo\u011fdu. Karakterinin \u00f6l\u00fcmle y\u00fczle\u015fmesi ve ya\u015fad\u0131\u011f\u0131 zorlu s\u00fcre\u00e7, Mihriban\u2019\u0131n diziye veda etmesine neden olacak gibi g\u00f6r\u00fcn\u00fcyor.<\/p>\n<p><img loading=\"lazy\" decoding=\"async\" class=\"alignnone size-large wp-image-106746\" src=\"https:\/\/www.tgrthaber.com\/mavikadin\/wp-content\/uploads\/f6bdae28-1f1a-43a1-885b-92d7e43d31dd-1-1024x683.jpg\" alt=\"\" width=\"640\" height=\"427\" title=\"\" srcset=\"https:\/\/www.tgrthaber.com\/mavikadin\/wp-content\/uploads\/f6bdae28-1f1a-43a1-885b-92d7e43d31dd-1-1024x683.jpg 1024w, https:\/\/www.tgrthaber.com\/mavikadin\/wp-content\/uploads\/f6bdae28-1f1a-43a1-885b-92d7e43d31dd-1-300x200.jpg 300w, https:\/\/www.tgrthaber.com\/mavikadin\/wp-content\/uploads\/f6bdae28-1f1a-43a1-885b-92d7e43d31dd-1-768x512.jpg 768w, https:\/\/www.tgrthaber.com\/mavikadin\/wp-content\/uploads\/f6bdae28-1f1a-43a1-885b-92d7e43d31dd-1-1536x1024.jpg 1536w, https:\/\/www.tgrthaber.com\/mavikadin\/wp-content\/uploads\/f6bdae28-1f1a-43a1-885b-92d7e43d31dd-1.jpg 2004w\" sizes=\"(max-width: 640px) 100vw, 640px\" \/><\/p>\n<p>Mihriban ve e\u015fi R\u0131fat aras\u0131ndaki gerginlik, hastal\u0131\u011f\u0131n ilerlemesiyle birlikte daha da artt\u0131. Bu durum, izleyicilere Mihriban\u2019\u0131n diziden ayr\u0131laca\u011f\u0131n\u0131n sinyallerini veriyor. Mihriban\u2019\u0131n hastal\u0131\u011f\u0131 ve ili\u015fkilerindeki zorluklar, Gedelli Kasabas\u0131\u2019ndaki karakterlerin hayat\u0131n\u0131 derinden etkileyecek.<\/p>\n<h3>M\u0130HR\u0130BAN \u00d6LECEK M\u0130?<\/h3>\n<p>Mihriban\u2019\u0131n hastal\u0131\u011f\u0131, sadece onun de\u011fil, kasaba halk\u0131n\u0131n da hayat\u0131n\u0131 zorluyor. E\u015fi R\u0131fat, Mihriban\u2019\u0131n hastal\u0131\u011f\u0131yla m\u00fccadele ederken kasaba halk\u0131ndan destek almaya \u00e7al\u0131\u015f\u0131yor. Fakat, Mihriban\u2019\u0131n gidi\u015fi, Gedelli Kasabas\u0131 i\u00e7in b\u00fcy\u00fck bir kay\u0131p olacak. Mihriban&#8217;\u0131n iki ay \u00f6mr\u00fcn\u00fcn kald\u0131\u011f\u0131n\u0131 \u00f6\u011frenmesi diziye veda edece\u011fi y\u00f6n\u00fcnde iddialar\u0131 g\u00fcndeme getirdi. Mihriban \u00f6lecek mi? Hande Nur Tekin G\u00f6n\u00fcl Da\u011f\u0131 dizisinden ayr\u0131lacak m\u0131? T\u00fcm bu sorular\u0131n cevab\u0131 \u00f6n\u00fcm\u00fczdeki b\u00f6l\u00fcmlerde belli olacak.<\/p>\n<p><img loading=\"lazy\" decoding=\"async\" class=\"alignnone size-large wp-image-106747\" src=\"https:\/\/www.tgrthaber.com\/mavikadin\/wp-content\/uploads\/e5097a0c-ad7b-48a2-b932-dfeaa285bed9-1-1024x683.jpg\" alt=\"\" width=\"640\" height=\"427\" title=\"\" srcset=\"https:\/\/www.tgrthaber.com\/mavikadin\/wp-content\/uploads\/e5097a0c-ad7b-48a2-b932-dfeaa285bed9-1-1024x683.jpg 1024w, https:\/\/www.tgrthaber.com\/mavikadin\/wp-content\/uploads\/e5097a0c-ad7b-48a2-b932-dfeaa285bed9-1-300x200.jpg 300w, https:\/\/www.tgrthaber.com\/mavikadin\/wp-content\/uploads\/e5097a0c-ad7b-48a2-b932-dfeaa285bed9-1-768x512.jpg 768w, https:\/\/www.tgrthaber.com\/mavikadin\/wp-content\/uploads\/e5097a0c-ad7b-48a2-b932-dfeaa285bed9-1-1536x1024.jpg 1536w, https:\/\/www.tgrthaber.com\/mavikadin\/wp-content\/uploads\/e5097a0c-ad7b-48a2-b932-dfeaa285bed9-1.jpg 2004w\" sizes=\"(max-width: 640px) 100vw, 640px\" \/><\/p>\n<h3>SOSYAL MEDYADA M\u0130HR\u0130BAN&#8217;IN HASTALI\u011eINA TEPK\u0130<\/h3>\n<p>Mihriban karakterinin diziden ayr\u0131lma ihtimali, G\u00f6n\u00fcl Da\u011f\u0131 hayranlar\u0131 aras\u0131nda b\u00fcy\u00fck bir tart\u0131\u015fma konusu oldu. Sosyal medya platformlar\u0131nda ard\u0131 ard\u0131na gelen tepkiler, izleyicilerin Mihriban\u2019\u0131n erken vedas\u0131n\u0131 istemedi\u011fini ortaya koydu. Yap\u0131mc\u0131lar ve dizi ekibi, Mihriban&#8217;\u0131n ak\u0131beti ile ilgili hen\u00fcz resmi bir a\u00e7\u0131klama yapmad\u0131. Mihriban\u2019\u0131n sonu ne olacak merakla bekleniyor.<\/p>\n<p><img loading=\"lazy\" decoding=\"async\" class=\"alignnone size-large wp-image-106748\" src=\"https:\/\/www.tgrthaber.com\/mavikadin\/wp-content\/uploads\/ae7261f8-735f-40fb-a767-812eeab4e2ab-1-1024x683.jpg\" alt=\"\" width=\"640\" height=\"427\" title=\"\" srcset=\"https:\/\/www.tgrthaber.com\/mavikadin\/wp-content\/uploads\/ae7261f8-735f-40fb-a767-812eeab4e2ab-1-1024x683.jpg 1024w, https:\/\/www.tgrthaber.com\/mavikadin\/wp-content\/uploads\/ae7261f8-735f-40fb-a767-812eeab4e2ab-1-300x200.jpg 300w, https:\/\/www.tgrthaber.com\/mavikadin\/wp-content\/uploads\/ae7261f8-735f-40fb-a767-812eeab4e2ab-1-768x512.jpg 768w, https:\/\/www.tgrthaber.com\/mavikadin\/wp-content\/uploads\/ae7261f8-735f-40fb-a767-812eeab4e2ab-1-1536x1024.jpg 1536w, https:\/\/www.tgrthaber.com\/mavikadin\/wp-content\/uploads\/ae7261f8-735f-40fb-a767-812eeab4e2ab-1.jpg 2004w\" sizes=\"(max-width: 640px) 100vw, 640px\" \/><\/p>\n<h3>G\u00d6N\u00dcL DA\u011eI M\u0130HR\u0130BAN HANDE NUR TEK\u0130N K\u0130MD\u0130R?<\/h3>\n<p>G\u00f6n\u00fcl Da\u011f\u0131 dizisinde Mihriban karakterine hayat veren Hande Nur Tekin, \u0130stanbul \u00dcniversitesi Devlet Konservatuvar\u0131 Tiyatro B\u00f6l\u00fcm\u00fc mezunu bir oyuncudur. 2000 do\u011fumlu olan Tekin, 2023 y\u0131l\u0131 itibariyle 23 ya\u015f\u0131nda ve \u0130stanbul\u2019da ya\u015famaktad\u0131r. Gen\u00e7 oyuncu, 2022 y\u0131l\u0131nda G\u00f6n\u00fcl Da\u011f\u0131 dizisiyle b\u00fcy\u00fck bir \u00e7\u0131k\u0131\u015f yakalam\u0131\u015f, Mihriban karakteriyle izleyicilerin be\u011fenisini kazanm\u0131\u015ft\u0131r. K\u0131sa s\u00fcre i\u00e7erisinde b\u00fcy\u00fck bir takip\u00e7i kitlesine ula\u015fan Hande Nur Tekin, gelecekteki projeleriyle de dikkatleri \u00fczerine \u00e7ekecek gibi g\u00f6r\u00fcn\u00fcyor.<\/p>\n<p><img loading=\"lazy\" decoding=\"async\" class=\"alignnone wp-image-106749\" src=\"https:\/\/www.tgrthaber.com\/mavikadin\/wp-content\/uploads\/Ekran-goruntusu-2024-12-15-180930.png\" alt=\"\" width=\"628\" height=\"612\" title=\"\" srcset=\"https:\/\/www.tgrthaber.com\/mavikadin\/wp-content\/uploads\/Ekran-goruntusu-2024-12-15-180930.png 597w, https:\/\/www.tgrthaber.com\/mavikadin\/wp-content\/uploads\/Ekran-goruntusu-2024-12-15-180930-300x292.png 300w\" sizes=\"(max-width: 628px) 100vw, 628px\" \/><\/p>\n<h3>M\u0130HR\u0130BAN G\u00d6N\u00dcL DA\u011eI D\u0130Z\u0130S\u0130NDEN AYRILACAK MI?<\/h3>\n<p>Mihriban karakterinin G\u00f6n\u00fcl Da\u011f\u0131 dizisinden ayr\u0131l\u0131p ayr\u0131lmayaca\u011f\u0131na dair kesin bir a\u00e7\u0131klama yap\u0131lmam\u0131\u015f olsa da, izleyiciler karakterin sonunun yakla\u015ft\u0131\u011f\u0131n\u0131 d\u00fc\u015f\u00fcn\u00fcyor. Mihriban\u2019\u0131n hastal\u0131\u011f\u0131n\u0131n ilerlemesi diziye veda etme ihtimalini g\u00fc\u00e7lendiriyor.<\/p>\n","protected":false},"excerpt":{"rendered":"<p>TRT 1\u2019in sevilen dizisi G\u00f6n\u00fcl Da\u011f\u0131 Mihriban karakterinin hastal\u0131\u011f\u0131n\u0131n ilerlemesiyle b\u00fcy\u00fck bir vedaya haz\u0131rlan\u0131yor. Hande Nur Tekin\u2019in hayat verdi\u011fi Mihriban karakterinin \u00f6mr\u00fcn\u00fcn yaln\u0131zca iki ay kald\u0131\u011f\u0131 haberi ayr\u0131l\u0131k iddialar\u0131n\u0131 g\u00fcndeme getirdi. Hande Nur Tekin kimdir, diziden ayr\u0131lacak m\u0131?<\/p>\n","protected":false},"author":4,"featured_media":106750,"comment_status":"closed","ping_status":"closed","sticky":false,"template":"","format":"standard","meta":{"rank_math_lock_modified_date":false,"footnotes":""},"categories":[491],"tags":[3687,4332,4307,4309],"class_list":["post-106744","post","type-post","status-publish","format-standard","has-post-thumbnail","hentry","category-biyografi","tag-gonul-dagi","tag-gonul-dagi-mihriban","tag-hande-nur-tekin","tag-mihriban"],"_links":{"self":[{"href":"https:\/\/www.tgrthaber.com\/mavikadin\/wp-json\/wp\/v2\/posts\/106744"}],"collection":[{"href":"https:\/\/www.tgrthaber.com\/mavikadin\/wp-json\/wp\/v2\/posts"}],"about":[{"href":"https:\/\/www.tgrthaber.com\/mavikadin\/wp-json\/wp\/v2\/types\/post"}],"author":[{"embeddable":true,"href":"https:\/\/www.tgrthaber.com\/mavikadin\/wp-json\/wp\/v2\/users\/4"}],"replies":[{"embeddable":true,"href":"https:\/\/www.tgrthaber.com\/mavikadin\/wp-json\/wp\/v2\/comments?post=106744"}],"version-history":[{"count":2,"href":"https:\/\/www.tgrthaber.com\/mavikadin\/wp-json\/wp\/v2\/posts\/106744\/revisions"}],"predecessor-version":[{"id":106752,"href":"https:\/\/www.tgrthaber.com\/mavikadin\/wp-json\/wp\/v2\/posts\/106744\/revisions\/106752"}],"wp:featuredmedia":[{"embeddable":true,"href":"https:\/\/www.tgrthaber.com\/mavikadin\/wp-json\/wp\/v2\/media\/106750"}],"wp:attachment":[{"href":"https:\/\/www.tgrthaber.com\/mavikadin\/wp-json\/wp\/v2\/media?parent=106744"}],"wp:term":[{"taxonomy":"category","embeddable":true,"href":"https:\/\/www.tgrthaber.com\/mavikadin\/wp-json\/wp\/v2\/categories?post=106744"},{"taxonomy":"post_tag","embeddable":true,"href":"https:\/\/www.tgrthaber.com\/mavikadin\/wp-json\/wp\/v2\/tags?post=106744"}],"curies":[{"name":"wp","href":"https:\/\/api.w.org\/{rel}","templated":true}]}}