{"id":106777,"date":"2024-12-15T18:49:13","date_gmt":"2024-12-15T15:49:13","guid":{"rendered":"https:\/\/www.tgrthaber.com\/mavikadin\/?p=106777"},"modified":"2024-12-15T18:49:13","modified_gmt":"2024-12-15T15:49:13","slug":"sakir-pasa-ailesi-gercek-hikaye-mi-sakir-pasanin-kim-oldugu-merak-ediliyor","status":"publish","type":"post","link":"https:\/\/www.tgrthaber.com\/mavikadin\/sakir-pasa-ailesi-gercek-hikaye-mi-sakir-pasanin-kim-oldugu-merak-ediliyor\/","title":{"rendered":"\u015eakir Pa\u015fa Ailesi ger\u00e7ek hikaye mi? \u015eakir Pa\u015fa&#8217;n\u0131n kim oldu\u011fu merak ediliyor"},"content":{"rendered":"<p>\u015eakir Pa\u015fa Ailesi dizisi, uzun s\u00fcredir heyecanla beklenen bir yap\u0131m olarak 15 Aral\u0131k 2024&#8217;te Now TV ekranlar\u0131nda izleyiciyle bulu\u015facak. Tarihi dokusu, g\u00fc\u00e7l\u00fc oyuncu kadrosu ve etkileyici g\u00f6rselleriyle dikkat \u00e7eken \u015eakir Pa\u015fa Ailesi, 1912 y\u0131l\u0131nda ba\u015flayan bir hikayeye odaklan\u0131yor. Dizinin konusu, Osmanl\u0131&#8217;n\u0131n prestijli pa\u015fa ailesi \u015eakir Pa\u015fa&#8217;n\u0131n ve ailesinin ya\u015fam\u0131n\u0131, ili\u015fkilerini ve s\u0131rlar\u0131n\u0131 g\u00f6zler \u00f6n\u00fcne seriyor. Ayr\u0131ca, d\u00f6nemin \u00f6nde gelen sanat\u00e7\u0131lar\u0131n\u0131n hayatlar\u0131na da yer verilecek. Peki \u015eakir Pa\u015fa Ailesi ger\u00e7ek hikaye mi? Dizi nerede \u00e7ekiliyor? \u0130\u015fte \u015eakir Pa\u015fa Ailesi ile ilgili t\u00fcm detaylar&#8230;<\/p>\n<h3>\u015eAK\u0130R PA\u015eA A\u0130LES\u0130 GER\u00c7EK H\u0130KAYE M\u0130, KONUSU NE?<\/h3>\n<p>\u015eakir Pa\u015fa Ailesi dizisinin hikayesinin ger\u00e7ek olup olmad\u0131\u011f\u0131 merak ediliyor. \u015eakir Pa\u015fa Ailesi dizisi, \u015eakir Pa\u015fa ailesinin hem s\u0131rlarla hem de b\u00fcy\u00fck de\u011fi\u015fimlerle dolu bir ya\u015fam\u0131n\u0131 anlat\u0131yor. Hikaye, Halikarnas Bal\u0131k\u00e7\u0131s\u0131 olarak bilinen Cevat \u015eakir Kabaa\u011fa\u00e7l\u0131\u2019n\u0131n \u0130talyan e\u015fiyle birlikte B\u00fcy\u00fckada\u2019ya d\u00f6n\u00fc\u015f\u00fcyle ba\u015fl\u0131yor. Ailenin, modern resmin ustas\u0131 Fahrelnisa Zeid, ilk T\u00fcrk grav\u00fcr sanat\u00e7\u0131s\u0131 Aliye Berger ve T\u00fcrk seramik sanat\u0131n\u0131n \u00f6nc\u00fcs\u00fc F\u00fcreya Koral gibi \u00f6nemli sanat\u00e7\u0131lar\u0131 da b\u00fcnyesinde bar\u0131nd\u0131r\u0131yor.<\/p>\n<p><img loading=\"lazy\" decoding=\"async\" class=\"alignnone size-large wp-image-106778\" src=\"https:\/\/www.tgrthaber.com\/mavikadin\/wp-content\/uploads\/sakir-pasa-ailesi-1-5-1024x618.jpg\" alt=\"\" width=\"640\" height=\"386\" title=\"\" srcset=\"https:\/\/www.tgrthaber.com\/mavikadin\/wp-content\/uploads\/sakir-pasa-ailesi-1-5-1024x618.jpg 1024w, https:\/\/www.tgrthaber.com\/mavikadin\/wp-content\/uploads\/sakir-pasa-ailesi-1-5-300x181.jpg 300w, https:\/\/www.tgrthaber.com\/mavikadin\/wp-content\/uploads\/sakir-pasa-ailesi-1-5-768x463.jpg 768w, https:\/\/www.tgrthaber.com\/mavikadin\/wp-content\/uploads\/sakir-pasa-ailesi-1-5.jpg 1059w\" sizes=\"(max-width: 640px) 100vw, 640px\" \/><\/p>\n<p>\u015eakir Pa\u015fa Ailesi ger\u00e7ek hikaye mi? diye soracak olursan\u0131z, evet, \u015eakir Pa\u015fa Ailesi: Mucizeler ve Skandallar, ger\u00e7ek bir hikayeden ilham al\u0131yor. Dizideki karakterler ve olaylar, tarihsel ger\u00e7eklere dayand\u0131r\u0131lm\u0131\u015f olup, ailenin tarihi ve k\u00fclt\u00fcrel \u00f6nemine dair izleyiciyi bilgilendirmeyi ama\u00e7l\u0131yor.<\/p>\n<h3>\u015eAK\u0130R PA\u015eA A\u0130LES\u0130 G\u00dc\u00c7L\u00dc OYUNCU KADROSUYLA D\u0130KKAT \u00c7EK\u0130YOR<\/h3>\n<p>\u015eakir Pa\u015fa Ailesi g\u00fc\u00e7l\u00fc oyuncu kadrosu da izleyicileri merakland\u0131r\u0131yor. Dizinin ba\u015frollerinde Vahide Per\u00e7in, F\u0131rat Tan\u0131\u015f, Meryem Uzerli gibi \u00fcnl\u00fc isimler yer al\u0131yor. \u0130\u015fte dizinin \u00f6ne \u00e7\u0131kan oyuncular\u0131 ve karakterleri:<\/p>\n<ul>\n<li>Vahide Per\u00e7in \u2013 \u0130smet<\/li>\n<li>F\u0131rat Tan\u0131\u015f \u2013 \u015eakir Pa\u015fa<\/li>\n<li>Meryem Uzerli (Karakteri Hen\u00fcz A\u00e7\u0131klanmad\u0131)<\/li>\n<li>Devrim Yakut \u2013 Sara<\/li>\n<li>Cem Yi\u011fit \u00dcz\u00fcmo\u011flu \u2013 Cevat \u015eakir<\/li>\n<li>Denise Capezza \u2013 Aniesi<\/li>\n<li>Nilsu Berfin Akta\u015f \u2013 Ay\u015fe<\/li>\n<li>Helin Kandemir \u2013 S\u00fcmb\u00fcl<\/li>\n<li>Ya\u011fmur Ba\u015fkurt \u2013 Hakkiye<\/li>\n<\/ul>\n<p><img loading=\"lazy\" decoding=\"async\" class=\"alignnone size-full wp-image-106779\" src=\"https:\/\/www.tgrthaber.com\/mavikadin\/wp-content\/uploads\/3738861_44d32e885bf010b8d3a0bf5f3fc02f0a_640x640-1-1-1.jpg\" alt=\"\" width=\"640\" height=\"360\" title=\"\" srcset=\"https:\/\/www.tgrthaber.com\/mavikadin\/wp-content\/uploads\/3738861_44d32e885bf010b8d3a0bf5f3fc02f0a_640x640-1-1-1.jpg 640w, https:\/\/www.tgrthaber.com\/mavikadin\/wp-content\/uploads\/3738861_44d32e885bf010b8d3a0bf5f3fc02f0a_640x640-1-1-1-300x169.jpg 300w\" sizes=\"(max-width: 640px) 100vw, 640px\" \/><\/p>\n<h3>\u015eAK\u0130R PA\u015eA A\u0130LES\u0130 NEREDE \u00c7EK\u0130L\u0130YOR?<\/h3>\n<p>\u015eakir Pa\u015fa Ailesi dizisinin \u00e7ekildi\u011fi yerler; \u0130stanbul\u2019un tarihi ve k\u00fclt\u00fcrel dokusunu yans\u0131tmak i\u00e7in \u00f6zel olarak haz\u0131rlanm\u0131\u015f mekanlarda \u00e7ekiliyor. B\u00fcy\u00fckada\u2019daki tarihi bir k\u00f6\u015fk, dizinin atmosferine uygun olarak yeniden tasarlanm\u0131\u015f. 1200 m\u00b2&#8217;lik bir alanda kurulan dekor, d\u00f6nemi en ince detay\u0131na kadar yans\u0131tmay\u0131 hedefliyor. Ayr\u0131ca, kost\u00fcm ekibi d\u00f6nemin giyim tarz\u0131n\u0131 do\u011fru bir \u015fekilde yans\u0131tmak i\u00e7in kapsaml\u0131 bir ara\u015ft\u0131rma yapt\u0131 ve her karakterin giyim tarz\u0131 \u00f6zel olarak tasarland\u0131.<\/p>\n<p><img loading=\"lazy\" decoding=\"async\" class=\"alignnone size-large wp-image-106781\" src=\"https:\/\/www.tgrthaber.com\/mavikadin\/wp-content\/uploads\/Ekran-goruntusu-2024-12-15-184655-1024x558.png\" alt=\"\" width=\"640\" height=\"349\" title=\"\" srcset=\"https:\/\/www.tgrthaber.com\/mavikadin\/wp-content\/uploads\/Ekran-goruntusu-2024-12-15-184655-1024x558.png 1024w, https:\/\/www.tgrthaber.com\/mavikadin\/wp-content\/uploads\/Ekran-goruntusu-2024-12-15-184655-300x163.png 300w, https:\/\/www.tgrthaber.com\/mavikadin\/wp-content\/uploads\/Ekran-goruntusu-2024-12-15-184655-768x418.png 768w, https:\/\/www.tgrthaber.com\/mavikadin\/wp-content\/uploads\/Ekran-goruntusu-2024-12-15-184655.png 1171w\" sizes=\"(max-width: 640px) 100vw, 640px\" \/><\/p>\n<h3>\u015eAK\u0130R PA\u015eA K\u0130MD\u0130R?<\/h3>\n<p>Kabaa\u011fa\u00e7l\u0131zade Mehmed \u015eakir Pa\u015fa (1855-1914), Osmanl\u0131 tarihine damga vuran \u00f6nemli bir devlet adam\u0131 ve tarih\u00e7i olarak bilinir. Osmanl\u0131 Devleti\u2019nin kritik d\u00f6nemlerinde diplomatik g\u00f6revlerde bulunan \u015eakir Pa\u015fa, ayn\u0131 zamanda trajik bir hikayenin de merkezinde yer al\u0131r. Osmanl\u0131 Sadrazam\u0131 Ahmed Cevad Pa\u015fa\u2019n\u0131n karde\u015fi ve edebiyat d\u00fcnyas\u0131n\u0131n Halikarnas Bal\u0131k\u00e7\u0131s\u0131 olarak tan\u0131d\u0131\u011f\u0131 Cevat \u015eakir Kabaa\u011fa\u00e7l\u0131\u2019n\u0131n babas\u0131d\u0131r.<\/p>\n<p>\u015eakir Pa\u015fa, 1855 y\u0131l\u0131nda Osmanl\u0131 Devleti\u2019nde d\u00fcnyaya geldi. Babas\u0131 Mustafa As\u0131m Bey\u2019in 1861 y\u0131l\u0131nda vefat\u0131yla hen\u00fcz k\u00fc\u00e7\u00fck ya\u015fta yetim kald\u0131. A\u011fabeyi Ahmed Cevad ile birlikte askeri okula yaz\u0131ld\u0131 ve burada e\u011fitim g\u00f6rd\u00fc. Zekas\u0131 ve \u00fcst\u00fcn yetenekleri sayesinde devlet kademelerinde h\u0131zla y\u00fckselen \u015eakir Pa\u015fa, Osmanl\u0131 Devleti\u2019nin \u00e7e\u015fitli diplomatik g\u00f6revlerinde bulundu.<\/p>\n<p><img loading=\"lazy\" decoding=\"async\" class=\"alignnone size-large wp-image-106782\" src=\"https:\/\/www.tgrthaber.com\/mavikadin\/wp-content\/uploads\/Ekran-goruntusu-2024-12-15-184813-1024x580.png\" alt=\"\" width=\"640\" height=\"363\" title=\"\" srcset=\"https:\/\/www.tgrthaber.com\/mavikadin\/wp-content\/uploads\/Ekran-goruntusu-2024-12-15-184813-1024x580.png 1024w, https:\/\/www.tgrthaber.com\/mavikadin\/wp-content\/uploads\/Ekran-goruntusu-2024-12-15-184813-300x170.png 300w, https:\/\/www.tgrthaber.com\/mavikadin\/wp-content\/uploads\/Ekran-goruntusu-2024-12-15-184813-768x435.png 768w, https:\/\/www.tgrthaber.com\/mavikadin\/wp-content\/uploads\/Ekran-goruntusu-2024-12-15-184813.png 1026w\" sizes=\"(max-width: 640px) 100vw, 640px\" \/><\/p>\n<p>1890 y\u0131l\u0131nda Girit Valisi olarak atand\u0131. Bu g\u00f6revde bulundu\u011fu d\u00f6nemde, o\u011flu Cevat \u015eakir d\u00fcnyaya geldi. Ancak 1895 y\u0131l\u0131nda a\u011fabeyi Ahmed Cevad Pa\u015fa\u2019n\u0131n sadrazaml\u0131k g\u00f6revinden al\u0131nmas\u0131 \u00fczerine devlet g\u00f6revinden istifa ederek aktif g\u00f6rev hayat\u0131n\u0131 noktalad\u0131.<\/p>\n","protected":false},"excerpt":{"rendered":"<p>\u015eakir Pa\u015fa Ailesi dizisi Osmanl\u0131 d\u00f6neminin \u00fcnl\u00fc pa\u015fa ailesinin s\u0131rlarla dolu ya\u015fam\u0131n\u0131 konu al\u0131yor. 1912&#8217;de ba\u015flayan hikaye, d\u00f6nemin sanat\u00e7\u0131lar\u0131 Fahrelnisa Zeid, Cevat \u015eakir Kabaa\u011fa\u00e7l\u0131 ve F\u00fcreya Koral gibi \u00f6nemli isimleri de i\u00e7eriyor. Peki \u015eakir Pa\u015fa Ailesi ger\u00e7ek hikaye mi?<\/p>\n","protected":false},"author":4,"featured_media":106780,"comment_status":"closed","ping_status":"closed","sticky":false,"template":"","format":"standard","meta":{"rank_math_lock_modified_date":false,"footnotes":""},"categories":[602],"tags":[4324,3890,3889,2324,2963],"class_list":["post-106777","post","type-post","status-publish","format-standard","has-post-thumbnail","hentry","category-diziler","tag-gercek-hikaye","tag-hikaye","tag-konusu","tag-sakir-pasa-ailesi","tag-sakir-pasa-ailesi-mucizeler-ve-skandallar"],"_links":{"self":[{"href":"https:\/\/www.tgrthaber.com\/mavikadin\/wp-json\/wp\/v2\/posts\/106777"}],"collection":[{"href":"https:\/\/www.tgrthaber.com\/mavikadin\/wp-json\/wp\/v2\/posts"}],"about":[{"href":"https:\/\/www.tgrthaber.com\/mavikadin\/wp-json\/wp\/v2\/types\/post"}],"author":[{"embeddable":true,"href":"https:\/\/www.tgrthaber.com\/mavikadin\/wp-json\/wp\/v2\/users\/4"}],"replies":[{"embeddable":true,"href":"https:\/\/www.tgrthaber.com\/mavikadin\/wp-json\/wp\/v2\/comments?post=106777"}],"version-history":[{"count":2,"href":"https:\/\/www.tgrthaber.com\/mavikadin\/wp-json\/wp\/v2\/posts\/106777\/revisions"}],"predecessor-version":[{"id":106784,"href":"https:\/\/www.tgrthaber.com\/mavikadin\/wp-json\/wp\/v2\/posts\/106777\/revisions\/106784"}],"wp:featuredmedia":[{"embeddable":true,"href":"https:\/\/www.tgrthaber.com\/mavikadin\/wp-json\/wp\/v2\/media\/106780"}],"wp:attachment":[{"href":"https:\/\/www.tgrthaber.com\/mavikadin\/wp-json\/wp\/v2\/media?parent=106777"}],"wp:term":[{"taxonomy":"category","embeddable":true,"href":"https:\/\/www.tgrthaber.com\/mavikadin\/wp-json\/wp\/v2\/categories?post=106777"},{"taxonomy":"post_tag","embeddable":true,"href":"https:\/\/www.tgrthaber.com\/mavikadin\/wp-json\/wp\/v2\/tags?post=106777"}],"curies":[{"name":"wp","href":"https:\/\/api.w.org\/{rel}","templated":true}]}}