{"id":106822,"date":"2024-12-15T20:18:46","date_gmt":"2024-12-15T17:18:46","guid":{"rendered":"https:\/\/www.tgrthaber.com\/mavikadin\/?p=106822"},"modified":"2024-12-15T20:18:46","modified_gmt":"2024-12-15T17:18:46","slug":"deniz-sekiden-tanyeliye-ziyaret-noel-kizima-bakin-hemen","status":"publish","type":"post","link":"https:\/\/www.tgrthaber.com\/mavikadin\/deniz-sekiden-tanyeliye-ziyaret-noel-kizima-bakin-hemen\/","title":{"rendered":"Deniz Seki&#8217;den Tanyeli&#8217;ye ziyaret! &#8220;Noel k\u0131z\u0131ma bak\u0131n hemen.\u201d"},"content":{"rendered":"<p>\u00dcnl\u00fc oryantal Tanyeli, ge\u00e7ti\u011fimiz g\u00fcnlerde 54 kilo verdi\u011fi a\u00e7\u0131klamas\u0131n\u0131n ard\u0131ndan pankreas kanseri te\u015fhisi konulmas\u0131yla m\u00fccadele ediyor. &#8220;Yemek g\u00f6z\u00fcmde de\u011fil, i\u015ftah s\u0131f\u0131r&#8221; diyerek sa\u011fl\u0131k durumu hakk\u0131nda i\u00e7ten ifadeler kullanan Tanyeli, tedavi s\u00fcrecinde kararl\u0131l\u0131kla ilerliyor. D\u00fcn ameliyat ge\u00e7iren Tanyeli&#8217;yi sanat camias\u0131ndan dostlar\u0131 yaln\u0131z b\u0131rakmazken, \u00fcnl\u00fc ismin sa\u011fl\u0131k durumuyla ilgili verdi\u011fi bilgiler de sevenleri taraf\u0131ndan yak\u0131ndan takip ediliyor.<\/p>\n<h3>DEN\u0130Z SEK\u0130 TANYEL\u0130 \u0130\u00c7\u0130N DUA \u0130STED\u0130<\/h3>\n<p>Ameliyat sonras\u0131 \u00fcnl\u00fc \u015fark\u0131c\u0131 Deniz Seki ve yazar Cemal G\u00fcnba\u015f, son ziyaret\u00e7iler aras\u0131nda yer alarak oryantal Tanyeli&#8217;yi desteklemek amac\u0131yla onu ziyaret etti. Ziyaretin ard\u0131ndan hem Seki hem de Tanyeli, duygular\u0131n\u0131 sosyal medya \u00fczerinden payla\u015farak birlik ve dayan\u0131\u015fma mesajlar\u0131 verdiler.<\/p>\n<p>Deniz Seki&#8217;nin yapt\u0131\u011f\u0131 payla\u015f\u0131mda, &#8220;Can\u0131m Tanyeli&#8217;mi ziyarete geldik. \u00c7ok iyi g\u00f6rd\u00fcm \u00e7ok. Hadi dualar\u0131n\u0131z Tanyelimle olsun&#8221; notunu d\u00fc\u015fmesiyle, sevenlerine duygusal bir \u00e7a\u011fr\u0131 yaparak Tanyeli&#8217;ye destek olmaya davet etti.<\/p>\n<p><img loading=\"lazy\" decoding=\"async\" class=\"alignnone wp-image-106824\" src=\"https:\/\/www.tgrthaber.com\/mavikadin\/wp-content\/uploads\/deniz-sekiden-tanyeli-mesaji--300x169.jpg\" alt=\"deniz sekiden tanyeli mesaj\u0131\" width=\"1208\" height=\"680\" title=\"\" srcset=\"https:\/\/www.tgrthaber.com\/mavikadin\/wp-content\/uploads\/deniz-sekiden-tanyeli-mesaji--300x169.jpg 300w, https:\/\/www.tgrthaber.com\/mavikadin\/wp-content\/uploads\/deniz-sekiden-tanyeli-mesaji--1024x576.jpg 1024w, https:\/\/www.tgrthaber.com\/mavikadin\/wp-content\/uploads\/deniz-sekiden-tanyeli-mesaji--768x432.jpg 768w, https:\/\/www.tgrthaber.com\/mavikadin\/wp-content\/uploads\/deniz-sekiden-tanyeli-mesaji--1536x864.jpg 1536w, https:\/\/www.tgrthaber.com\/mavikadin\/wp-content\/uploads\/deniz-sekiden-tanyeli-mesaji-.jpg 1920w\" sizes=\"(max-width: 1208px) 100vw, 1208px\" \/><\/p>\n<h3>\u201cNOEL KIZIMA BAKIN HEMEN. O KADAR \u0130Y\u0130 G\u00d6RD\u00dcM K\u0130\u201d<\/h3>\n<p>\u00dcnl\u00fc yazar Cemal G\u00fcnba\u015f da ziyaret anlar\u0131n\u0131 sosyal medya hesab\u0131ndan payla\u015farak oryantal Tanyeli&#8217;ye destek veren isimler aras\u0131nda yerini ald\u0131. Ziyaretin ard\u0131ndan &#8220;Tanyelimize ziyarete geldik&#8221; notuyla duygular\u0131n\u0131 payla\u015fan G\u00fcnba\u015f, Noel temal\u0131 bir foto\u011fraf\u0131yla birlikte &#8220;Noel k\u0131z\u0131ma bak\u0131n hemen. O kadar iyi g\u00f6rd\u00fcm ki, ma\u015fallah\u0131 var. Dualar\u0131m\u0131z seninle g\u00fczeller g\u00fczelim&#8221; mesaj\u0131n\u0131 payla\u015ft\u0131.<\/p>\n<p><img loading=\"lazy\" decoding=\"async\" class=\"alignnone wp-image-106825\" src=\"https:\/\/www.tgrthaber.com\/mavikadin\/wp-content\/uploads\/cemal-gunbastan-tanyeli-paylasimi-300x169.jpg\" alt=\"cemal g\u00fcnba\u015ftan tanyeli payla\u015f\u0131m\u0131\" width=\"1208\" height=\"680\" title=\"\" srcset=\"https:\/\/www.tgrthaber.com\/mavikadin\/wp-content\/uploads\/cemal-gunbastan-tanyeli-paylasimi-300x169.jpg 300w, https:\/\/www.tgrthaber.com\/mavikadin\/wp-content\/uploads\/cemal-gunbastan-tanyeli-paylasimi-1024x576.jpg 1024w, https:\/\/www.tgrthaber.com\/mavikadin\/wp-content\/uploads\/cemal-gunbastan-tanyeli-paylasimi-768x432.jpg 768w, https:\/\/www.tgrthaber.com\/mavikadin\/wp-content\/uploads\/cemal-gunbastan-tanyeli-paylasimi-1536x864.jpg 1536w, https:\/\/www.tgrthaber.com\/mavikadin\/wp-content\/uploads\/cemal-gunbastan-tanyeli-paylasimi.jpg 1920w\" sizes=\"(max-width: 1208px) 100vw, 1208px\" \/><\/p>\n<h3>TANYEL\u0130 DOSTLARINA TE\u015eEKK\u00dcR ETT\u0130<\/h3>\n<p>Tanyeli, ameliyat sonras\u0131 sosyal medya \u00fczerinden Deniz Seki ve Cemal G\u00fcnba\u015f i\u00e7in bir te\u015fekk\u00fcr mesaj\u0131 yay\u0131nlad\u0131.<\/p>\n<p>&#8220;Can\u0131m hepimizin k\u0131ymetlisi, hayat\u0131m\u0131za dokunan o s\u00f6zleri kaleme d\u00f6ken, y\u00fcre\u011fimizin diline d\u00fc\u015f\u00fcren, \u00f6zel ruh Deniz Deki ve can\u0131m\u0131z olmazsa olmaz\u0131m\u0131z Cemal G\u00fcnba\u015f ameliyathaneden \u00e7\u0131kt\u0131m, g\u00f6z\u00fcm\u00fc a\u00e7t\u0131m bir anda yeni y\u0131l, heyecan\u0131, s\u0131cac\u0131k samimi ne\u015fesi sarm\u0131\u015f bile odam\u0131. Bir mutluluk, en sevdi\u011fim \u00e7ilekli pasta, yeni y\u0131l pijamam ve tac\u0131m, yine a\u011fr\u0131rken, a\u011flat\u0131rken g\u00fcld\u00fcren, h\u0131z\u0131r gibi yeti\u015fen dostlarla beni ha\u015fr eden Allaha \u015f\u00fck\u00fcr halindeyim Nerdeyse 3 ayd\u0131r hastanede nas\u0131l dayan\u0131rd\u0131m. Allah hepinizden ve beni hi\u00e7 tan\u0131mdan dua edenlerden raz\u0131 olsun. En b\u00fcy\u00fck hazine sevilmek, sevdirene \u015f\u00fck\u00fcrler olsun.&#8221;<\/p>\n<p>\u0130\u015fte o anlar:<\/p>\n<div style=\"width: 640px;\" class=\"wp-video\"><!--[if lt IE 9]><script>document.createElement('video');<\/script><![endif]-->\n<video class=\"wp-video-shortcode\" id=\"video-106822-1\" width=\"640\" height=\"1138\" preload=\"metadata\" controls=\"controls\"><source type=\"video\/mp4\" src=\"https:\/\/www.tgrthaber.com\/mavikadin\/wp-content\/uploads\/tanyeli-ameliyat-sonrasi-tesekkur-etti.mp4?_=1\" \/><a href=\"https:\/\/www.tgrthaber.com\/mavikadin\/wp-content\/uploads\/tanyeli-ameliyat-sonrasi-tesekkur-etti.mp4\">https:\/\/www.tgrthaber.com\/mavikadin\/wp-content\/uploads\/tanyeli-ameliyat-sonrasi-tesekkur-etti.mp4<\/a><\/video><\/div>\n","protected":false},"excerpt":{"rendered":"<p>Pankreas kanseri tedavisi g\u00f6ren Tanyeli&#8217;yi ziyaret eden \u015fark\u0131c\u0131 Deniz Seki, bu anlar\u0131 sosyal medya hesab\u0131ndan payla\u015ft\u0131 ve oryantalin sa\u011fl\u0131k durumuyla ilgili detaylar aktard\u0131.<\/p>\n","protected":false},"author":10,"featured_media":106826,"comment_status":"closed","ping_status":"closed","sticky":false,"template":"","format":"standard","meta":{"rank_math_lock_modified_date":false,"footnotes":""},"categories":[76],"tags":[],"class_list":["post-106822","post","type-post","status-publish","format-standard","has-post-thumbnail","hentry","category-magazin"],"_links":{"self":[{"href":"https:\/\/www.tgrthaber.com\/mavikadin\/wp-json\/wp\/v2\/posts\/106822"}],"collection":[{"href":"https:\/\/www.tgrthaber.com\/mavikadin\/wp-json\/wp\/v2\/posts"}],"about":[{"href":"https:\/\/www.tgrthaber.com\/mavikadin\/wp-json\/wp\/v2\/types\/post"}],"author":[{"embeddable":true,"href":"https:\/\/www.tgrthaber.com\/mavikadin\/wp-json\/wp\/v2\/users\/10"}],"replies":[{"embeddable":true,"href":"https:\/\/www.tgrthaber.com\/mavikadin\/wp-json\/wp\/v2\/comments?post=106822"}],"version-history":[{"count":1,"href":"https:\/\/www.tgrthaber.com\/mavikadin\/wp-json\/wp\/v2\/posts\/106822\/revisions"}],"predecessor-version":[{"id":106827,"href":"https:\/\/www.tgrthaber.com\/mavikadin\/wp-json\/wp\/v2\/posts\/106822\/revisions\/106827"}],"wp:featuredmedia":[{"embeddable":true,"href":"https:\/\/www.tgrthaber.com\/mavikadin\/wp-json\/wp\/v2\/media\/106826"}],"wp:attachment":[{"href":"https:\/\/www.tgrthaber.com\/mavikadin\/wp-json\/wp\/v2\/media?parent=106822"}],"wp:term":[{"taxonomy":"category","embeddable":true,"href":"https:\/\/www.tgrthaber.com\/mavikadin\/wp-json\/wp\/v2\/categories?post=106822"},{"taxonomy":"post_tag","embeddable":true,"href":"https:\/\/www.tgrthaber.com\/mavikadin\/wp-json\/wp\/v2\/tags?post=106822"}],"curies":[{"name":"wp","href":"https:\/\/api.w.org\/{rel}","templated":true}]}}