{"id":106832,"date":"2024-12-15T20:39:28","date_gmt":"2024-12-15T17:39:28","guid":{"rendered":"https:\/\/www.tgrthaber.com\/mavikadin\/?p=106832"},"modified":"2024-12-15T20:46:17","modified_gmt":"2024-12-15T17:46:17","slug":"yali-capkini-dizisinin-final-tarihi-kesinlesti-seyran-ve-ferit-hayranlarini-uzen-haber-geldi","status":"publish","type":"post","link":"https:\/\/www.tgrthaber.com\/mavikadin\/yali-capkini-dizisinin-final-tarihi-kesinlesti-seyran-ve-ferit-hayranlarini-uzen-haber-geldi\/","title":{"rendered":"Yal\u0131 \u00c7apk\u0131n\u0131 dizisinin final tarihi kesinle\u015fti! Seyran ve Ferit hayranlar\u0131n\u0131 \u00fczen haber geldi"},"content":{"rendered":"<p>Star TV&#8217;nin b\u00fcy\u00fck ilgiyle izlenen dizisi Yal\u0131 \u00c7apk\u0131n\u0131 final tarihi kesinle\u015fti. Ba\u015frollerinde Afra Sara\u00e7o\u011flu ve Mert Ramazan Demir&#8217;in yer ald\u0131\u011f\u0131 Yal\u0131 \u00c7apk\u0131n\u0131, 3 sezon boyunca seyirciyi ekran ba\u015f\u0131na toplamay\u0131 ba\u015fard\u0131 fakat bu sezon reytinglerde istenen ba\u015far\u0131 bir t\u00fcrl\u00fc elde edilemedi ve final karar\u0131 al\u0131nd\u0131. Yal\u0131 \u00c7apk\u0131n\u0131 ne zaman final yapacak? sorusunun cevab\u0131 merak ediliyordu ve final tarihi kesinle\u015fti. \u0130\u015fte Yal\u0131 \u00c7apk\u0131n\u0131 dizisinin final tarihi ve detaylar&#8230;<\/p>\n<h3>YALI \u00c7APKINI REYT\u0130NGLER\u0130 F\u0130NAL\u0130 GET\u0130RD\u0130<\/h3>\n<p>Yal\u0131 \u00c7apk\u0131n\u0131, ge\u00e7ti\u011fimiz sezon g\u00f6sterdi\u011fi y\u00fcksek yurt d\u0131\u015f\u0131 sat\u0131\u015f grafi\u011fi ve seyirci talebi nedeniyle final yapmaktan vazge\u00e7ilmi\u015fti. Bir sezon daha uzat\u0131lan dizi, bu sezon ise beklenen reytingleri alamad\u0131. Ancak zaman zaman artan izlenme oranlar\u0131, dizinin \u00f6mr\u00fcn\u00fc uzatan fakt\u00f6rlerden biri oldu. D\u00fc\u015fen reytinglere ve senaryoya yap\u0131lan ele\u015ftirilere daha fazla dayanamayan Yal\u0131 \u00c7apk\u0131n\u0131 i\u00e7in karar verildi.<\/p>\n<p><img loading=\"lazy\" decoding=\"async\" class=\"alignnone size-large wp-image-106835\" src=\"https:\/\/www.tgrthaber.com\/mavikadin\/wp-content\/uploads\/188-2-1024x682.jpg\" alt=\"\" width=\"640\" height=\"426\" title=\"\" srcset=\"https:\/\/www.tgrthaber.com\/mavikadin\/wp-content\/uploads\/188-2-1024x682.jpg 1024w, https:\/\/www.tgrthaber.com\/mavikadin\/wp-content\/uploads\/188-2-300x200.jpg 300w, https:\/\/www.tgrthaber.com\/mavikadin\/wp-content\/uploads\/188-2-768x512.jpg 768w, https:\/\/www.tgrthaber.com\/mavikadin\/wp-content\/uploads\/188-2-1536x1024.jpg 1536w, https:\/\/www.tgrthaber.com\/mavikadin\/wp-content\/uploads\/188-2-2048x1365.jpg 2048w\" sizes=\"(max-width: 640px) 100vw, 640px\" \/><\/p>\n<h3>YALI \u00c7APKINI NE ZAMAN F\u0130NAL YAPACAK?<\/h3>\n<p>Dizinin 87. b\u00f6l\u00fcm\u00fc 13 Aral\u0131k\u2019ta ekranlara geldi ve y\u0131lba\u015f\u0131 haftas\u0131nda bir hafta s\u00fcresince reklam tatili yap\u0131lacak. Yal\u0131 \u00c7apk\u0131n\u0131\u2019n\u0131n final b\u00f6l\u00fcm\u00fc ise mart sonunda, planlanan 100. b\u00f6l\u00fcmle ger\u00e7ekle\u015fecek. Ancak, dizinin izlenme oranlar\u0131 b\u00fcy\u00fck bir d\u00fc\u015f\u00fc\u015f g\u00f6sterirse, final tarihi bir miktar \u00f6ne \u00e7ekilebilir.<\/p>\n<p><img loading=\"lazy\" decoding=\"async\" class=\"alignnone size-large wp-image-106836\" src=\"https:\/\/www.tgrthaber.com\/mavikadin\/wp-content\/uploads\/960-1024x683.jpg\" alt=\"\" width=\"640\" height=\"427\" title=\"\" srcset=\"https:\/\/www.tgrthaber.com\/mavikadin\/wp-content\/uploads\/960-1024x683.jpg 1024w, https:\/\/www.tgrthaber.com\/mavikadin\/wp-content\/uploads\/960-300x200.jpg 300w, https:\/\/www.tgrthaber.com\/mavikadin\/wp-content\/uploads\/960-768x512.jpg 768w, https:\/\/www.tgrthaber.com\/mavikadin\/wp-content\/uploads\/960-1536x1024.jpg 1536w, https:\/\/www.tgrthaber.com\/mavikadin\/wp-content\/uploads\/960-2048x1365.jpg 2048w\" sizes=\"(max-width: 640px) 100vw, 640px\" \/><\/p>\n<p>Yal\u0131 \u00c7apk\u0131n\u0131 dizisinin 100. b\u00f6l\u00fcmde final yapaca\u011f\u0131 kesinle\u015fti, ancak izleyici ilgisi ve reytingler final tarihini \u015fekillendirecek.<\/p>\n<h3>YALI \u00c7APKINI F\u0130NALDE FER\u0130T \u00d6L\u00dcYOR MU?<\/h3>\n<p>Kitab\u0131n finali, pek \u00e7ok okuyucuyu derinden etkileyen bir sona sahiptir. Ferit ve Seyran\u2019\u0131n a\u015fk\u0131, mutlu bir birliktelikle noktalanamaz.<\/p>\n<p>Ferit, \u00f6l\u00fcmc\u00fcl bir kanser hastal\u0131\u011f\u0131na yakalan\u0131r. Tedavi olmay\u0131 reddeder ve bu durumu Seyran dahil hi\u00e7 kimseye s\u00f6ylemez.<\/p>\n<p>Ferit\u2019in mesafeli davran\u0131\u015flar\u0131 Seyran\u2019\u0131 \u00fczer. Seyran, Ferit\u2019in kendisinden uzakla\u015fmas\u0131n\u0131n sebebini bilmeden, ac\u0131 i\u00e7inde onu terk eder. K\u0131sa s\u00fcre sonra Ferit\u2019in \u00f6l\u00fcm haberi gelir.<\/p>\n<p><img loading=\"lazy\" decoding=\"async\" class=\"alignnone size-large wp-image-106843\" src=\"https:\/\/www.tgrthaber.com\/mavikadin\/wp-content\/uploads\/yali-capkini-ferit-1-1024x582.jpg\" alt=\"\" width=\"640\" height=\"364\" title=\"\" srcset=\"https:\/\/www.tgrthaber.com\/mavikadin\/wp-content\/uploads\/yali-capkini-ferit-1-1024x582.jpg 1024w, https:\/\/www.tgrthaber.com\/mavikadin\/wp-content\/uploads\/yali-capkini-ferit-1-300x171.jpg 300w, https:\/\/www.tgrthaber.com\/mavikadin\/wp-content\/uploads\/yali-capkini-ferit-1-768x437.jpg 768w, https:\/\/www.tgrthaber.com\/mavikadin\/wp-content\/uploads\/yali-capkini-ferit-1-1536x873.jpg 1536w, https:\/\/www.tgrthaber.com\/mavikadin\/wp-content\/uploads\/yali-capkini-ferit-1.jpg 1900w\" sizes=\"(max-width: 640px) 100vw, 640px\" \/><\/p>\n<p>Ferit\u2019in \u00f6l\u00fcm\u00fcn\u00fcn ard\u0131ndan Seyran, ailesiyle ilgili \u015fok edici ger\u00e7e\u011fi \u00f6\u011frenir. Bu ger\u00e7ekle y\u00fczle\u015femeyen Seyran, ya\u015fad\u0131\u011f\u0131 b\u00fcy\u00fck ac\u0131ya daha fazla dayanamayarak hayat\u0131na son verir.<\/p>\n<h3>YALI \u00c7APKINI GER\u00c7EK H\u0130KAYES\u0130<\/h3>\n<p>G\u00fclseren Buday\u0131c\u0131o\u011flu\u2019nun kaleme ald\u0131\u011f\u0131 Kral Kaybederse, 1970\u2019li y\u0131llarda ge\u00e7en \u00e7arp\u0131c\u0131 bir a\u015fk hikayesini anlat\u0131yor. Hikayenin ana karakterleri Ferit Korhan ve Seyran \u015eanl\u0131, farkl\u0131 d\u00fcnyalar\u0131n insanlar\u0131 olmalar\u0131na ra\u011fmen g\u00fc\u00e7l\u00fc bir a\u015fkla birbirlerine ba\u011flan\u0131yor.<\/p>\n<p><img loading=\"lazy\" decoding=\"async\" class=\"alignnone size-large wp-image-106704\" src=\"https:\/\/www.tgrthaber.com\/mavikadin\/wp-content\/uploads\/10805-1024x576.jpg\" alt=\"\" width=\"640\" height=\"360\" title=\"\" srcset=\"https:\/\/www.tgrthaber.com\/mavikadin\/wp-content\/uploads\/10805-1024x576.jpg 1024w, https:\/\/www.tgrthaber.com\/mavikadin\/wp-content\/uploads\/10805-300x169.jpg 300w, https:\/\/www.tgrthaber.com\/mavikadin\/wp-content\/uploads\/10805-768x432.jpg 768w, https:\/\/www.tgrthaber.com\/mavikadin\/wp-content\/uploads\/10805-1536x864.jpg 1536w, https:\/\/www.tgrthaber.com\/mavikadin\/wp-content\/uploads\/10805.jpg 1920w\" sizes=\"(max-width: 640px) 100vw, 640px\" \/><\/p>\n","protected":false},"excerpt":{"rendered":"<p>3 sezondur cuma ak\u015famlar\u0131na damgas\u0131n\u0131 vuran Yal\u0131 \u00c7apk\u0131n\u0131 dizisi ekrana veda ediyor, dizinin final tarihi kesinle\u015fti. Afra Sara\u00e7o\u011flu ve Mert Ramazan Demir&#8217;in Seyran ve Ferit karakteriyle g\u00f6n\u00fcllere taht kurdu\u011fu Yal\u0131 \u00c7apk\u0131n\u0131 ne zaman final yapacak? \u0130\u015fte Yal\u0131 \u00c7apk\u0131n\u0131 dizisinin final tarihi ve dizi ile ilgili detaylar&#8230;<\/p>\n","protected":false},"author":4,"featured_media":106837,"comment_status":"closed","ping_status":"closed","sticky":false,"template":"","format":"standard","meta":{"rank_math_lock_modified_date":false,"footnotes":""},"categories":[602],"tags":[322,4355,2505,2638],"class_list":["post-106832","post","type-post","status-publish","format-standard","has-post-thumbnail","hentry","category-diziler","tag-final","tag-final-tarihi","tag-yali-capkini","tag-yali-capkini-final"],"_links":{"self":[{"href":"https:\/\/www.tgrthaber.com\/mavikadin\/wp-json\/wp\/v2\/posts\/106832"}],"collection":[{"href":"https:\/\/www.tgrthaber.com\/mavikadin\/wp-json\/wp\/v2\/posts"}],"about":[{"href":"https:\/\/www.tgrthaber.com\/mavikadin\/wp-json\/wp\/v2\/types\/post"}],"author":[{"embeddable":true,"href":"https:\/\/www.tgrthaber.com\/mavikadin\/wp-json\/wp\/v2\/users\/4"}],"replies":[{"embeddable":true,"href":"https:\/\/www.tgrthaber.com\/mavikadin\/wp-json\/wp\/v2\/comments?post=106832"}],"version-history":[{"count":5,"href":"https:\/\/www.tgrthaber.com\/mavikadin\/wp-json\/wp\/v2\/posts\/106832\/revisions"}],"predecessor-version":[{"id":106844,"href":"https:\/\/www.tgrthaber.com\/mavikadin\/wp-json\/wp\/v2\/posts\/106832\/revisions\/106844"}],"wp:featuredmedia":[{"embeddable":true,"href":"https:\/\/www.tgrthaber.com\/mavikadin\/wp-json\/wp\/v2\/media\/106837"}],"wp:attachment":[{"href":"https:\/\/www.tgrthaber.com\/mavikadin\/wp-json\/wp\/v2\/media?parent=106832"}],"wp:term":[{"taxonomy":"category","embeddable":true,"href":"https:\/\/www.tgrthaber.com\/mavikadin\/wp-json\/wp\/v2\/categories?post=106832"},{"taxonomy":"post_tag","embeddable":true,"href":"https:\/\/www.tgrthaber.com\/mavikadin\/wp-json\/wp\/v2\/tags?post=106832"}],"curies":[{"name":"wp","href":"https:\/\/api.w.org\/{rel}","templated":true}]}}