{"id":106852,"date":"2024-12-15T21:27:43","date_gmt":"2024-12-15T18:27:43","guid":{"rendered":"https:\/\/www.tgrthaber.com\/mavikadin\/?p=106852"},"modified":"2024-12-15T21:29:41","modified_gmt":"2024-12-15T18:29:41","slug":"sakir-pasa-ailesi-dizisi-nerede-cekiliyor-buyukadadaki-tarihi-kosk-ve-cekim-mekanlari","status":"publish","type":"post","link":"https:\/\/www.tgrthaber.com\/mavikadin\/sakir-pasa-ailesi-dizisi-nerede-cekiliyor-buyukadadaki-tarihi-kosk-ve-cekim-mekanlari\/","title":{"rendered":"\u015eakir Pa\u015fa Ailesi dizisi nerede \u00e7ekiliyor? B\u00fcy\u00fckada\u2019daki tarihi k\u00f6\u015fk ve \u00e7ekim mekanlar\u0131"},"content":{"rendered":"<p>\u015eakir Pa\u015fa Ailesi: Mucizeler ve Skandallar dizisinin \u00e7ekim yerleri merak ediliyor. B\u00fcy\u00fckada&#8217;da \u00f6zel platformlar kullan\u0131larak yap\u0131lan \u00e7ekimler ve tarihi k\u00f6\u015fk hakk\u0131nda detaylar, dizinin hayranlar\u0131 taraf\u0131ndan ilgiyle takip ediliyor. \u0130\u015fte dizinin \u00e7ekim yerlerine dair merak edilenler\u2026<\/p>\n<h3>\u015eakir Pa\u015fa Ailesi dizisi nerede \u00e7ekiliyor? B\u00fcy\u00fckada ve Tarihi K\u00f6\u015fk nerede?<\/h3>\n<p>\u015eakir Pa\u015fa Ailesi: Mucizeler ve Skandallar,\u00a0 NOW TV ekranlar\u0131nda izleyiciyle bulu\u015ftu. \u015eakir Pa\u015fa Ailesi dizisi \u00e7ekim yerleriyle de dikkatleri \u00fczerine \u00e7ekiyor. Dizinin \u00f6nemli bir k\u0131sm\u0131, B\u00fcy\u00fckada&#8217;da bulunan tarihi bir k\u00f6\u015fkte \u00e7ekildi. Bu k\u00f6\u015fk, 7 d\u00f6n\u00fcml\u00fck bir platoda titizlikle yeniden tasarland\u0131. 1200 metrekarelik bir alan \u00fczerine kurulan iki katl\u0131 dekor, izleyicilere d\u00f6nemin atmosferini ba\u015far\u0131l\u0131 bir \u015fekilde sunuyor.<\/p>\n<p><img loading=\"lazy\" decoding=\"async\" class=\"alignnone size-large wp-image-106778\" src=\"https:\/\/www.tgrthaber.com\/mavikadin\/wp-content\/uploads\/sakir-pasa-ailesi-1-5-1024x618.jpg\" alt=\"\" width=\"640\" height=\"386\" title=\"\" srcset=\"https:\/\/www.tgrthaber.com\/mavikadin\/wp-content\/uploads\/sakir-pasa-ailesi-1-5-1024x618.jpg 1024w, https:\/\/www.tgrthaber.com\/mavikadin\/wp-content\/uploads\/sakir-pasa-ailesi-1-5-300x181.jpg 300w, https:\/\/www.tgrthaber.com\/mavikadin\/wp-content\/uploads\/sakir-pasa-ailesi-1-5-768x463.jpg 768w, https:\/\/www.tgrthaber.com\/mavikadin\/wp-content\/uploads\/sakir-pasa-ailesi-1-5.jpg 1059w\" sizes=\"(max-width: 640px) 100vw, 640px\" \/><\/p>\n<h3>Ger\u00e7ek hayattan esinlenilendi: \u015eakir Pa\u015fa Ailesi&#8217;nin hikayesi<\/h3>\n<p>\u015eakir Pa\u015fa Ailesi: Mucizeler ve Skandallar, ger\u00e7ek bir hikayeden ilham al\u0131yor. Dizi, Halikarnas Bal\u0131k\u00e7\u0131s\u0131 olarak tan\u0131nan Cevat \u015eakir Kabaa\u011fa\u00e7l\u0131&#8217;n\u0131n B\u00fcy\u00fckada&#8217;ya d\u00f6n\u00fc\u015f\u00fc ve ailesinin s\u0131rlarla dolu ya\u015fam\u0131n\u0131 anlat\u0131yor. Ailenin, T\u00fcrk sanat\u0131n\u0131n \u00f6nde gelen isimlerinden Fahrelnisa Zeid, Aliye Berger ve F\u00fcreya Koral gibi \u00f6nemli sanat\u00e7\u0131lara ev sahipli\u011fi yapmas\u0131, dizinin tarihi olarak da \u00f6nemli k\u0131l\u0131yor.<\/p>\n<p><img loading=\"lazy\" decoding=\"async\" class=\"alignnone size-full wp-image-106779\" src=\"https:\/\/www.tgrthaber.com\/mavikadin\/wp-content\/uploads\/3738861_44d32e885bf010b8d3a0bf5f3fc02f0a_640x640-1-1-1.jpg\" alt=\"\" width=\"640\" height=\"360\" title=\"\" srcset=\"https:\/\/www.tgrthaber.com\/mavikadin\/wp-content\/uploads\/3738861_44d32e885bf010b8d3a0bf5f3fc02f0a_640x640-1-1-1.jpg 640w, https:\/\/www.tgrthaber.com\/mavikadin\/wp-content\/uploads\/3738861_44d32e885bf010b8d3a0bf5f3fc02f0a_640x640-1-1-1-300x169.jpg 300w\" sizes=\"(max-width: 640px) 100vw, 640px\" \/><\/p>\n<h3>\u015eakir Pa\u015fa kimdir?<\/h3>\n<p>Kabaa\u011fa\u00e7l\u0131zade Mehmed \u015eakir Pa\u015fa, Osmanl\u0131 \u0130mparatorlu\u011fu\u2019nun \u00f6nemli devlet adamlar\u0131ndan biridir. 1855 do\u011fumlu olan \u015eakir Pa\u015fa, Osmanl\u0131 Devleti\u2019nin kritik d\u00f6nemlerinde \u00f6nemli diplomatik g\u00f6revlerde bulunmu\u015f bir isimdir. Girit Valisi olarak g\u00f6rev yapt\u0131\u011f\u0131 d\u00f6nemde, o\u011flu Cevat \u015eakir d\u00fcnyaya gelmi\u015ftir. \u015eakir Pa\u015fa&#8217;n\u0131n hikayesi, Osmanl\u0131 \u0130mparatorlu\u011fu\u2019nun diplomatik zorluklar\u0131n\u0131, aile ya\u015fam\u0131n\u0131 ve k\u00fclt\u00fcrel miras\u0131n\u0131 yans\u0131tan \u00f6nemli bir d\u00f6nemi temsil eder.<\/p>\n<p><img loading=\"lazy\" decoding=\"async\" class=\"alignnone size-large wp-image-106780\" src=\"https:\/\/www.tgrthaber.com\/mavikadin\/wp-content\/uploads\/sakir-pasa-ailesi-3-1024x582.jpg\" alt=\"\" width=\"640\" height=\"364\" title=\"\" srcset=\"https:\/\/www.tgrthaber.com\/mavikadin\/wp-content\/uploads\/sakir-pasa-ailesi-3-1024x582.jpg 1024w, https:\/\/www.tgrthaber.com\/mavikadin\/wp-content\/uploads\/sakir-pasa-ailesi-3-300x171.jpg 300w, https:\/\/www.tgrthaber.com\/mavikadin\/wp-content\/uploads\/sakir-pasa-ailesi-3-768x437.jpg 768w, https:\/\/www.tgrthaber.com\/mavikadin\/wp-content\/uploads\/sakir-pasa-ailesi-3-1536x873.jpg 1536w, https:\/\/www.tgrthaber.com\/mavikadin\/wp-content\/uploads\/sakir-pasa-ailesi-3.jpg 1900w\" sizes=\"(max-width: 640px) 100vw, 640px\" \/><\/p>\n<h3>\u015eakir Pa\u015fa Ailesi dizisi oyuncu kadrosu<\/h3>\n<p>\u015eakir Pa\u015fa Ailesi: Mucizeler ve Skandallar dizisinin oyuncu kadrosu, g\u00fc\u00e7l\u00fc ve tan\u0131nm\u0131\u015f isimlerden olu\u015fuyor. Diziye, Vahide Per\u00e7in, F\u0131rat Tan\u0131\u015f, Meryem Uzerli, Devrim Yakut, Cem Yi\u011fit \u00dcz\u00fcmo\u011flu, Denise Capezza gibi ba\u015far\u0131l\u0131 oyuncular hayat veriyor. Dizi, bu g\u00fc\u00e7l\u00fc kadrosuyla izleyiciye unutulmaz bir deneyim sunmaya haz\u0131rlan\u0131yor.<\/p>\n<p>\u0130\u015fte dizinin \u00f6ne \u00e7\u0131kan oyuncular\u0131:<\/p>\n<ul>\n<li>Vahide Per\u00e7in \u2013 \u0130smet<\/li>\n<li>F\u0131rat Tan\u0131\u015f \u2013 \u015eakir Pa\u015fa<\/li>\n<li>Meryem Uzerli<\/li>\n<li>Devrim Yakut \u2013 Sara<\/li>\n<li>Cem Yi\u011fit \u00dcz\u00fcmo\u011flu \u2013 Cevat \u015eakir<\/li>\n<li>Denise Capezza \u2013 Aniesi<\/li>\n<li>Nilsu Berfin Akta\u015f \u2013 Ay\u015fe<\/li>\n<li>Helin Kandemir \u2013 S\u00fcmb\u00fcl<\/li>\n<li>Ya\u011fmur Ba\u015fkurt \u2013 Hakkiye<\/li>\n<\/ul>\n<p><img loading=\"lazy\" decoding=\"async\" class=\"alignnone size-large wp-image-106781\" src=\"https:\/\/www.tgrthaber.com\/mavikadin\/wp-content\/uploads\/Ekran-goruntusu-2024-12-15-184655-1024x558.png\" alt=\"\" width=\"640\" height=\"349\" title=\"\" srcset=\"https:\/\/www.tgrthaber.com\/mavikadin\/wp-content\/uploads\/Ekran-goruntusu-2024-12-15-184655-1024x558.png 1024w, https:\/\/www.tgrthaber.com\/mavikadin\/wp-content\/uploads\/Ekran-goruntusu-2024-12-15-184655-300x163.png 300w, https:\/\/www.tgrthaber.com\/mavikadin\/wp-content\/uploads\/Ekran-goruntusu-2024-12-15-184655-768x418.png 768w, https:\/\/www.tgrthaber.com\/mavikadin\/wp-content\/uploads\/Ekran-goruntusu-2024-12-15-184655.png 1171w\" sizes=\"(max-width: 640px) 100vw, 640px\" \/><\/p>\n","protected":false},"excerpt":{"rendered":"<p>\u015eakir Pa\u015fa Ailesi: Mucizeler ve Skandallar dizisinin \u00e7ekim yerleri, tarihi k\u00f6\u015fk ve B\u00fcy\u00fckada\u2019daki mekanlar dikkat \u00e7ekiyor. Diziyi izleyenler \u015eakir Pa\u015fa Ailesi nerede \u00e7ekiliyor? sorusunun cevab\u0131n\u0131 ara\u015ft\u0131rmaya ba\u015flad\u0131. Peki \u015eakir Pa\u015fa Ailesi: Mucizeler ve Skandallar dizisi nerede \u00e7ekiliyor?<\/p>\n","protected":false},"author":4,"featured_media":106856,"comment_status":"closed","ping_status":"closed","sticky":false,"template":"","format":"standard","meta":{"rank_math_lock_modified_date":false,"footnotes":""},"categories":[602],"tags":[2994,4359,2324,4360],"class_list":["post-106852","post","type-post","status-publish","format-standard","has-post-thumbnail","hentry","category-diziler","tag-buyukada","tag-nerede-cekiliyor","tag-sakir-pasa-ailesi","tag-tarihi-kosk"],"_links":{"self":[{"href":"https:\/\/www.tgrthaber.com\/mavikadin\/wp-json\/wp\/v2\/posts\/106852"}],"collection":[{"href":"https:\/\/www.tgrthaber.com\/mavikadin\/wp-json\/wp\/v2\/posts"}],"about":[{"href":"https:\/\/www.tgrthaber.com\/mavikadin\/wp-json\/wp\/v2\/types\/post"}],"author":[{"embeddable":true,"href":"https:\/\/www.tgrthaber.com\/mavikadin\/wp-json\/wp\/v2\/users\/4"}],"replies":[{"embeddable":true,"href":"https:\/\/www.tgrthaber.com\/mavikadin\/wp-json\/wp\/v2\/comments?post=106852"}],"version-history":[{"count":5,"href":"https:\/\/www.tgrthaber.com\/mavikadin\/wp-json\/wp\/v2\/posts\/106852\/revisions"}],"predecessor-version":[{"id":106866,"href":"https:\/\/www.tgrthaber.com\/mavikadin\/wp-json\/wp\/v2\/posts\/106852\/revisions\/106866"}],"wp:featuredmedia":[{"embeddable":true,"href":"https:\/\/www.tgrthaber.com\/mavikadin\/wp-json\/wp\/v2\/media\/106856"}],"wp:attachment":[{"href":"https:\/\/www.tgrthaber.com\/mavikadin\/wp-json\/wp\/v2\/media?parent=106852"}],"wp:term":[{"taxonomy":"category","embeddable":true,"href":"https:\/\/www.tgrthaber.com\/mavikadin\/wp-json\/wp\/v2\/categories?post=106852"},{"taxonomy":"post_tag","embeddable":true,"href":"https:\/\/www.tgrthaber.com\/mavikadin\/wp-json\/wp\/v2\/tags?post=106852"}],"curies":[{"name":"wp","href":"https:\/\/api.w.org\/{rel}","templated":true}]}}