{"id":106877,"date":"2024-12-15T22:32:20","date_gmt":"2024-12-15T19:32:20","guid":{"rendered":"https:\/\/www.tgrthaber.com\/mavikadin\/?p=106877"},"modified":"2024-12-15T22:39:44","modified_gmt":"2024-12-15T19:39:44","slug":"bir-zamanlar-istanbul-oyuncu-kadrosuyla-dikkat-cekiyor-diziye-6-yeni-oyuncu-daha-katildi","status":"publish","type":"post","link":"https:\/\/www.tgrthaber.com\/mavikadin\/bir-zamanlar-istanbul-oyuncu-kadrosuyla-dikkat-cekiyor-diziye-6-yeni-oyuncu-daha-katildi\/","title":{"rendered":"Bir Zamanlar \u0130stanbul oyuncu kadrosuyla dikkat \u00e7ekiyor! Diziye 6 yeni oyuncu daha kat\u0131ld\u0131"},"content":{"rendered":"<p>TRT1&#8217;in merakla beklenen dizisi Bir Zamanlar \u0130stanbul, oyuncu kadrosuna dahil olan 6 yeni isimle daha g\u00fc\u00e7lendi. Bozda\u011f Film imzal\u0131 dizinin \u00e7ekimlerine Aral\u0131k ay\u0131n\u0131n ikinci haftas\u0131nda ba\u015flanmas\u0131 bekleniyor. Kamil Ayd\u0131n&#8217;\u0131n y\u00f6netti\u011fi ve senaryosunu Ali Ozan Salk\u0131m ile Kadir \u0130lter&#8217;in yazd\u0131\u011f\u0131 dizinin ba\u015frollerini Cihangir Ceyhan ve Alina Boz \u00fcstleniyor. Cihangir Ceyhan dizide Ali \u015eahinbey karakterini oynarken Alina Boz ise Gazeteci Seher rol\u00fcyle ekranlara gelecek.<\/p>\n<h3>B\u0130R ZAMANLAR \u0130STANBUL&#8217;UN OYUNCU KADROSU G\u00dc\u00c7LEN\u0130YOR<\/h3>\n<p>Bir Zamanlar \u0130stanbul&#8217;un oyuncu kadrosuna 6 yeni isim dahil oldu. Cihangir Ceyhan&#8217;\u0131n canland\u0131rd\u0131\u011f\u0131 Ali&#8217;nin ailesine yeni isimler eklendi. Ali\u2019nin abisi Emin \u015eahinbey\u2019e Deniz Celilo\u011flu, annesi Bedia\u2019ya Nihal Kolda\u015f, yengesi \u00d6zlem\u2019e ise \u0130pek Karap\u0131nar hayat verecek. Ayr\u0131ca, dizinin k\u00f6t\u00fc adamlar\u0131ndan R\u0131za karakterini Mirza Bahattin Do\u011fan, R\u0131za&#8217;n\u0131n adam\u0131 Celal&#8217;i ise Serdar \u00d6zer canland\u0131racak. Ali\u2019nin yak\u0131n arkada\u015f\u0131 Demir\u2019i ise Atakan Yar\u0131md\u00fcnya oynayacak.<\/p>\n<p><img loading=\"lazy\" decoding=\"async\" class=\"alignnone wp-image-106879\" src=\"https:\/\/www.tgrthaber.com\/mavikadin\/wp-content\/uploads\/Ekran-goruntusu-2024-12-15-221712.png\" alt=\"\" width=\"643\" height=\"837\" title=\"\" srcset=\"https:\/\/www.tgrthaber.com\/mavikadin\/wp-content\/uploads\/Ekran-goruntusu-2024-12-15-221712.png 530w, https:\/\/www.tgrthaber.com\/mavikadin\/wp-content\/uploads\/Ekran-goruntusu-2024-12-15-221712-230x300.png 230w\" sizes=\"(max-width: 643px) 100vw, 643px\" \/><\/p>\n<h3>\u015eEBNEM D\u00d6NMEZ VE KAAN TA\u015eANER B\u0130R ZAMANLAR \u0130STANBUL&#8217;DABULU\u015eTU<\/h3>\n<p>Dizinin kadrosuna son olarak, K\u0131z\u0131lc\u0131k \u015eerbeti dizisinden tan\u0131nan \u015eebnem D\u00f6nmez ve Kaan Ta\u015faner de dahil oldu. D\u00f6nmez, mafya lideri Lemi\u2019nin e\u015fi Nermin Sencer karakterine hayat verecek. Ta\u015faner ise, K\u0131z\u0131lc\u0131k \u015eerbeti&#8217;nde \u00fcvey o\u011ful Giray olarak izledi\u011fimiz bir ba\u015fka yetenekli isim olarak Bir Zamanlar \u0130stanbul\u2019un kadrosunda yer alacak.<\/p>\n<p><img loading=\"lazy\" decoding=\"async\" class=\"alignnone size-large wp-image-106880\" src=\"https:\/\/www.tgrthaber.com\/mavikadin\/wp-content\/uploads\/Yeni-Proje-4-3-1-1024x582.jpg\" alt=\"\" width=\"640\" height=\"364\" title=\"\" srcset=\"https:\/\/www.tgrthaber.com\/mavikadin\/wp-content\/uploads\/Yeni-Proje-4-3-1-1024x582.jpg 1024w, https:\/\/www.tgrthaber.com\/mavikadin\/wp-content\/uploads\/Yeni-Proje-4-3-1-300x171.jpg 300w, https:\/\/www.tgrthaber.com\/mavikadin\/wp-content\/uploads\/Yeni-Proje-4-3-1-768x437.jpg 768w, https:\/\/www.tgrthaber.com\/mavikadin\/wp-content\/uploads\/Yeni-Proje-4-3-1-1536x873.jpg 1536w, https:\/\/www.tgrthaber.com\/mavikadin\/wp-content\/uploads\/Yeni-Proje-4-3-1.jpg 1900w\" sizes=\"(max-width: 640px) 100vw, 640px\" \/><\/p>\n<h3>B\u0130R ZAMANLAR \u0130STANBUL KONUSU<\/h3>\n<p>Bir Zamanlar \u0130stanbul dizisinin konusu, 90&#8217;l\u0131 y\u0131llar\u0131n \u0130stanbul&#8217;unda ge\u00e7iyor. Cihangir Ceyhan\u2019\u0131n canland\u0131rd\u0131\u011f\u0131 Ali, T\u00fcrk Dili ve Edebiyat\u0131 b\u00f6l\u00fcm\u00fc son s\u0131n\u0131f \u00f6\u011frencisi olarak hayat\u0131na devam ederken, bir anda mafya d\u00fcnyas\u0131n\u0131n i\u00e7inde bulur kendini. Ali\u2019nin su\u00e7 d\u00fcnyas\u0131na kar\u015f\u0131 verdi\u011fi m\u00fccadele ve idealist duru\u015fu, dizinin ana temas\u0131n\u0131 olu\u015fturuyor. Hikaye, ayn\u0131 zamanda modern bir &#8220;K\u00f6ro\u011flu Destan\u0131&#8221; olarak izleyiciye sunulacak.<\/p>\n<p><img loading=\"lazy\" decoding=\"async\" class=\"alignnone size-large wp-image-106881\" src=\"https:\/\/www.tgrthaber.com\/mavikadin\/wp-content\/uploads\/bir-zamanlar-istanbul-1536x864-1-1024x576.jpg\" alt=\"\" width=\"640\" height=\"360\" title=\"\" srcset=\"https:\/\/www.tgrthaber.com\/mavikadin\/wp-content\/uploads\/bir-zamanlar-istanbul-1536x864-1-1024x576.jpg 1024w, https:\/\/www.tgrthaber.com\/mavikadin\/wp-content\/uploads\/bir-zamanlar-istanbul-1536x864-1-300x169.jpg 300w, https:\/\/www.tgrthaber.com\/mavikadin\/wp-content\/uploads\/bir-zamanlar-istanbul-1536x864-1-768x432.jpg 768w, https:\/\/www.tgrthaber.com\/mavikadin\/wp-content\/uploads\/bir-zamanlar-istanbul-1536x864-1.jpg 1536w\" sizes=\"(max-width: 640px) 100vw, 640px\" \/><\/p>\n<h3>B\u0130R ZAMANLAR \u0130STANBUL NE ZAMAN BA\u015eLIYOR?<\/h3>\n<p>TRT1&#8217;in iddial\u0131 yap\u0131m\u0131 Bir Zamanlar \u0130stanbul, Aral\u0131k ay\u0131nda sete \u00e7\u0131kacak ve izleyicileriyle bulu\u015fmak i\u00e7in g\u00fcn say\u0131yor. \u00c7ekimlerin ard\u0131ndan yay\u0131n tarihiyle ilgili detaylar da izleyicilerle payla\u015f\u0131lacak.<\/p>\n<p><img loading=\"lazy\" decoding=\"async\" class=\"alignnone wp-image-106882\" src=\"https:\/\/www.tgrthaber.com\/mavikadin\/wp-content\/uploads\/Ekran-goruntusu-2024-12-15-221645.png\" alt=\"\" width=\"664\" height=\"449\" title=\"\" srcset=\"https:\/\/www.tgrthaber.com\/mavikadin\/wp-content\/uploads\/Ekran-goruntusu-2024-12-15-221645.png 728w, https:\/\/www.tgrthaber.com\/mavikadin\/wp-content\/uploads\/Ekran-goruntusu-2024-12-15-221645-300x203.png 300w\" sizes=\"(max-width: 664px) 100vw, 664px\" \/><\/p>\n","protected":false},"excerpt":{"rendered":"<p>TRT1&#8217;in merakla beklenen dizisi Bir Zamanlar \u0130stanbul, ba\u015frollerinde Cihangir Ceyhan ve Alina Boz&#8217;un yer ald\u0131\u011f\u0131, g\u00fc\u00e7l\u00fc bir kadro ile izleyici kar\u015f\u0131s\u0131na \u00e7\u0131kmaya haz\u0131rlan\u0131yor. 6 yeni oyuncunun dahil oldu\u011fu dizinin \u00e7ekimleri Aral\u0131k ay\u0131nda ba\u015flayacak.<\/p>\n","protected":false},"author":4,"featured_media":106878,"comment_status":"closed","ping_status":"closed","sticky":false,"template":"","format":"standard","meta":{"rank_math_lock_modified_date":false,"footnotes":""},"categories":[602],"tags":[3138,3135,2652,3089],"class_list":["post-106877","post","type-post","status-publish","format-standard","has-post-thumbnail","hentry","category-diziler","tag-alina-boz","tag-bir-zamanlar-istanbul","tag-cihangir-ceyhan","tag-ne-zaman"],"_links":{"self":[{"href":"https:\/\/www.tgrthaber.com\/mavikadin\/wp-json\/wp\/v2\/posts\/106877"}],"collection":[{"href":"https:\/\/www.tgrthaber.com\/mavikadin\/wp-json\/wp\/v2\/posts"}],"about":[{"href":"https:\/\/www.tgrthaber.com\/mavikadin\/wp-json\/wp\/v2\/types\/post"}],"author":[{"embeddable":true,"href":"https:\/\/www.tgrthaber.com\/mavikadin\/wp-json\/wp\/v2\/users\/4"}],"replies":[{"embeddable":true,"href":"https:\/\/www.tgrthaber.com\/mavikadin\/wp-json\/wp\/v2\/comments?post=106877"}],"version-history":[{"count":3,"href":"https:\/\/www.tgrthaber.com\/mavikadin\/wp-json\/wp\/v2\/posts\/106877\/revisions"}],"predecessor-version":[{"id":106886,"href":"https:\/\/www.tgrthaber.com\/mavikadin\/wp-json\/wp\/v2\/posts\/106877\/revisions\/106886"}],"wp:featuredmedia":[{"embeddable":true,"href":"https:\/\/www.tgrthaber.com\/mavikadin\/wp-json\/wp\/v2\/media\/106878"}],"wp:attachment":[{"href":"https:\/\/www.tgrthaber.com\/mavikadin\/wp-json\/wp\/v2\/media?parent=106877"}],"wp:term":[{"taxonomy":"category","embeddable":true,"href":"https:\/\/www.tgrthaber.com\/mavikadin\/wp-json\/wp\/v2\/categories?post=106877"},{"taxonomy":"post_tag","embeddable":true,"href":"https:\/\/www.tgrthaber.com\/mavikadin\/wp-json\/wp\/v2\/tags?post=106877"}],"curies":[{"name":"wp","href":"https:\/\/api.w.org\/{rel}","templated":true}]}}