{"id":106958,"date":"2024-12-16T10:30:22","date_gmt":"2024-12-16T07:30:22","guid":{"rendered":"https:\/\/www.tgrthaber.com\/mavikadin\/?p=106958"},"modified":"2024-12-16T10:30:22","modified_gmt":"2024-12-16T07:30:22","slug":"deha-dizisinde-yurek-burkan-sahne-esme-devrandan-ayrildi","status":"publish","type":"post","link":"https:\/\/www.tgrthaber.com\/mavikadin\/deha-dizisinde-yurek-burkan-sahne-esme-devrandan-ayrildi\/","title":{"rendered":"Deha dizisinde y\u00fcrek burkan sahne! Esme, Devran&#8217;dan ayr\u0131ld\u0131"},"content":{"rendered":"<p>Deha dizisinde Esme\u2019nin Devran\u2019dan ayr\u0131lmas\u0131 ku\u015fkusuz dizinin en \u00f6nemli sahnelerinden biri oldu. \u0130zleyicinin nefesini tuttu\u011fu o anlar geceye damgas\u0131n\u0131 vurdu.<\/p>\n<h3>DEHA D\u0130Z\u0130S\u0130NDE Y\u00dcREK BURKAN SAHNE!<\/h3>\n<p>Ekranlar\u0131n sevilen dizisi Deha\u2019da Esme\u2019nin Devran\u2019dan ayr\u0131ld\u0131\u011f\u0131 anlar gecenin nefes kesen sahnelerinden biri oldu.<\/p>\n<p>Devran \u0130mre\u2019nin kendisinden uzak durmas\u0131 i\u00e7in konu\u015ftu\u011funu s\u00f6ylese de bir anda \u0130mre\u2019nin kendisini \u00f6pt\u00fc\u011f\u00fcn\u00fc s\u00f6yledi.<\/p>\n<p>Duyduklar\u0131 kar\u015f\u0131s\u0131nda hayal k\u0131r\u0131kl\u0131\u011f\u0131na u\u011frayan Esme \u015foke oldu. Devran kendisini affettirmek istese de Esme ayr\u0131ld\u0131\u011f\u0131n\u0131 s\u00f6yleyip Devran\u2019\u0131 terk etti.<\/p>\n<div style=\"width: 640px;\" class=\"wp-video\"><!--[if lt IE 9]><script>document.createElement('video');<\/script><![endif]-->\n<video class=\"wp-video-shortcode\" id=\"video-106958-1\" width=\"640\" height=\"360\" preload=\"metadata\" controls=\"controls\"><source type=\"video\/mp4\" src=\"https:\/\/www.tgrthaber.com\/mavikadin\/wp-content\/uploads\/deha.m4v?_=1\" \/><a href=\"https:\/\/www.tgrthaber.com\/mavikadin\/wp-content\/uploads\/deha.m4v\">https:\/\/www.tgrthaber.com\/mavikadin\/wp-content\/uploads\/deha.m4v<\/a><\/video><\/div>\n<h3>\u0130SKENDER \u0130NT\u0130KAM ALACAK<\/h3>\n<p>Devran ve Esme\u2019nin bu duygusal anlar\u0131n\u0131n yan\u0131 s\u0131ra Aysel&#8217;in vurulmas\u0131 ve \u0130skender&#8217;in intikam yolculu\u011funa \u00e7\u0131k\u0131\u015f\u0131 nefes kesen anlara sahne oldu.<\/p>\n<p>Karga\u2019ya kar\u015f\u0131 harekete harekete ge\u00e7mek isteyen \u0130skender s\u0131n\u0131rlar\u0131n\u0131 zorluyor. Ancak bu s\u00fcre\u00e7te kar\u015f\u0131s\u0131na \u00e7\u0131kan Devran\u2019\u0131n teklifi i\u015fleri daha da karma\u015f\u0131k hale getiriyor.<\/p>\n<p>\u0130skender ve Karga aras\u0131ndaki m\u00fccadelenin yeni boyutlar\u0131 izleyiciyi \u015fa\u015f\u0131rtmaya haz\u0131rlan\u0131yor.<\/p>\n<p>Aras Bulut \u0130ynemli, Taner \u00d6lmez, U\u011fur Polat gibi ba\u015far\u0131l\u0131 oyuncular\u0131n yer ald\u0131\u011f\u0131 Deha dizisinde olaylar daha karma\u015f\u0131k hal al\u0131yor.<\/p>\n<p>15 Aral\u0131k 2024 Pazar g\u00fcn\u00fc Show TV ekranlar\u0131nda yay\u0131nlanan Deha dizisi 13. B\u00f6l\u00fcm\u00fcyle izleyicisiyle bulu\u015fu.<\/p>\n<p><img loading=\"lazy\" decoding=\"async\" class=\"alignnone wp-image-106960\" src=\"https:\/\/www.tgrthaber.com\/mavikadin\/wp-content\/uploads\/Ekran-goruntusu-2024-12-16-100123.png\" alt=\"\" width=\"1208\" height=\"836\" title=\"\" srcset=\"https:\/\/www.tgrthaber.com\/mavikadin\/wp-content\/uploads\/Ekran-goruntusu-2024-12-16-100123.png 1162w, https:\/\/www.tgrthaber.com\/mavikadin\/wp-content\/uploads\/Ekran-goruntusu-2024-12-16-100123-300x208.png 300w, https:\/\/www.tgrthaber.com\/mavikadin\/wp-content\/uploads\/Ekran-goruntusu-2024-12-16-100123-1024x709.png 1024w, https:\/\/www.tgrthaber.com\/mavikadin\/wp-content\/uploads\/Ekran-goruntusu-2024-12-16-100123-768x531.png 768w\" sizes=\"(max-width: 1208px) 100vw, 1208px\" \/><\/p>\n<h3>CESUR HAYATTA KALMA M\u00dcCADELES\u0130NDE<\/h3>\n<p>Cesur hayatta kalma m\u00fccadelesi verirken kendisini Hakim\u2019e yard\u0131m ederken buluyor. Karga ve Hakim\u2019i alt etmek i\u00e7in herkesin birbirine ihtiyac\u0131 oldu\u011fu bir plan olu\u015fuyor.<\/p>\n<p>Ortaya \u00e7\u0131kan bu plan Karga ve Hakim\u2019in babas\u0131 \u0130hsan\u2019\u0131n oyuna dahil olmas\u0131yla alt\u00fcst oluyor.<\/p>\n<p>Ya\u015fanan bu geli\u015fme Esme\u2019yi fedakarl\u0131k yapmaya itiyor.<\/p>\n<p>Deha Dizisinin Oyuncu Kadrosu<\/p>\n<p>Aras Bulut \u0130ynemli<\/p>\n<p>U\u011fur Polat<\/p>\n<p>Taner \u00d6lmez<\/p>\n<p>Onur Saylak<\/p>\n<p>Melis Sezen<\/p>\n<p>Ahsen Ero\u011flu<\/p>\n<p>Seda Akman<\/p>\n<p>Zuhal Gencer<\/p>\n<p>Taner Rumeli<\/p>\n<p>Emel G\u00f6ksu<\/p>\n<p>\u00c7a\u011fan Efe Ak<\/p>\n<p>Dizinin dikkat \u00e7eken oyuncu kadrosu, g\u00fc\u00e7l\u00fc performanslar\u0131yla izleyicilerin b\u00fcy\u00fck be\u011fenisini kazanmaya devam ediyor.<\/p>\n","protected":false},"excerpt":{"rendered":"<p>Deha dizisinde y\u00fcrek burkan sahne magazin g\u00fcndemine bomba gibi d\u00fc\u015ft\u00fc. Esme\u2019nin Devran\u2019dan ayr\u0131ld\u0131\u011f\u0131 anlar seyirciyi ekran ba\u015f\u0131na kilitlerken Aysel\u2019in vurulmas\u0131 ve \u0130skender\u2019in intikam i\u00e7in m\u00fccadele i\u00e7ine girmesi de g\u00fcndem oldu.<\/p>\n","protected":false},"author":5,"featured_media":106961,"comment_status":"closed","ping_status":"closed","sticky":false,"template":"","format":"standard","meta":{"rank_math_lock_modified_date":false,"footnotes":""},"categories":[602],"tags":[2793,916],"class_list":["post-106958","post","type-post","status-publish","format-standard","has-post-thumbnail","hentry","category-diziler","tag-aras-bulut-iynemli","tag-devran"],"_links":{"self":[{"href":"https:\/\/www.tgrthaber.com\/mavikadin\/wp-json\/wp\/v2\/posts\/106958"}],"collection":[{"href":"https:\/\/www.tgrthaber.com\/mavikadin\/wp-json\/wp\/v2\/posts"}],"about":[{"href":"https:\/\/www.tgrthaber.com\/mavikadin\/wp-json\/wp\/v2\/types\/post"}],"author":[{"embeddable":true,"href":"https:\/\/www.tgrthaber.com\/mavikadin\/wp-json\/wp\/v2\/users\/5"}],"replies":[{"embeddable":true,"href":"https:\/\/www.tgrthaber.com\/mavikadin\/wp-json\/wp\/v2\/comments?post=106958"}],"version-history":[{"count":1,"href":"https:\/\/www.tgrthaber.com\/mavikadin\/wp-json\/wp\/v2\/posts\/106958\/revisions"}],"predecessor-version":[{"id":106962,"href":"https:\/\/www.tgrthaber.com\/mavikadin\/wp-json\/wp\/v2\/posts\/106958\/revisions\/106962"}],"wp:featuredmedia":[{"embeddable":true,"href":"https:\/\/www.tgrthaber.com\/mavikadin\/wp-json\/wp\/v2\/media\/106961"}],"wp:attachment":[{"href":"https:\/\/www.tgrthaber.com\/mavikadin\/wp-json\/wp\/v2\/media?parent=106958"}],"wp:term":[{"taxonomy":"category","embeddable":true,"href":"https:\/\/www.tgrthaber.com\/mavikadin\/wp-json\/wp\/v2\/categories?post=106958"},{"taxonomy":"post_tag","embeddable":true,"href":"https:\/\/www.tgrthaber.com\/mavikadin\/wp-json\/wp\/v2\/tags?post=106958"}],"curies":[{"name":"wp","href":"https:\/\/api.w.org\/{rel}","templated":true}]}}