{"id":106969,"date":"2024-12-16T11:18:09","date_gmt":"2024-12-16T08:18:09","guid":{"rendered":"https:\/\/www.tgrthaber.com\/mavikadin\/?p=106969"},"modified":"2024-12-16T11:18:09","modified_gmt":"2024-12-16T08:18:09","slug":"survivor-2025-yarismacilari-belli-oldu-afis-sosyal-medyaya-sizdirildi","status":"publish","type":"post","link":"https:\/\/www.tgrthaber.com\/mavikadin\/survivor-2025-yarismacilari-belli-oldu-afis-sosyal-medyaya-sizdirildi\/","title":{"rendered":"Survivor 2025 yar\u0131\u015fmac\u0131lar\u0131 belli oldu! Afi\u015f sosyal medyaya s\u0131zd\u0131r\u0131ld\u0131"},"content":{"rendered":"<p>TV8 ekranlar\u0131n\u0131n sevilen program\u0131 Survivor 2025\u2019in tan\u0131t\u0131m \u00e7ekimleri tamamland\u0131. Survivor 2025\u2019in \u00e7ekimlerinin tamamlanmas\u0131n\u0131n ard\u0131ndan 2025 kadrosunun yer ald\u0131\u011f\u0131 afi\u015f sosyal medyaya s\u0131zd\u0131r\u0131ld\u0131. 2025 kadrosunun yer ald\u0131\u011f\u0131 afi\u015f sosyal medyada b\u00fcy\u00fck yank\u0131 uyand\u0131rd\u0131. Afi\u015f sosyal medya kullan\u0131c\u0131lar\u0131 taraf\u0131ndan k\u0131sa s\u00fcrede h\u0131zla yay\u0131ld\u0131. Bak\u0131n Survivor 2025 kadrosunda hangi \u00fcnl\u00fc isimler yer al\u0131yor\u2026<\/p>\n<h3>SURV\u0130VOR 2025 YARI\u015eMACILARI BELL\u0130 OLDU!<\/h3>\n<p>TV8 ekranlar\u0131n\u0131n merakla beklenen program\u0131 Survivor 2025 i\u00e7in heyecan dorukta. Acun Il\u0131cal\u0131 ve Murat Ceylan\u2019\u0131n sunuculu\u011funu yapt\u0131\u011f\u0131 Survivor 2025 kadrosu sosyal medyada b\u00fcy\u00fck yank\u0131 uyand\u0131rd\u0131.<\/p>\n<p><img loading=\"lazy\" decoding=\"async\" class=\"alignnone wp-image-106973\" src=\"https:\/\/www.tgrthaber.com\/mavikadin\/wp-content\/uploads\/Adsiz-tasarim-41-12-1024x576.jpg\" alt=\"Survivor 2025 yar\u0131\u015fmac\u0131lar\u0131 belli oldu! \" width=\"1208\" height=\"680\" title=\"\" srcset=\"https:\/\/www.tgrthaber.com\/mavikadin\/wp-content\/uploads\/Adsiz-tasarim-41-12-1024x576.jpg 1024w, https:\/\/www.tgrthaber.com\/mavikadin\/wp-content\/uploads\/Adsiz-tasarim-41-12-300x169.jpg 300w, https:\/\/www.tgrthaber.com\/mavikadin\/wp-content\/uploads\/Adsiz-tasarim-41-12-768x432.jpg 768w, https:\/\/www.tgrthaber.com\/mavikadin\/wp-content\/uploads\/Adsiz-tasarim-41-12-1536x864.jpg 1536w, https:\/\/www.tgrthaber.com\/mavikadin\/wp-content\/uploads\/Adsiz-tasarim-41-12.jpg 1600w\" sizes=\"(max-width: 1208px) 100vw, 1208px\" \/><\/p>\n<p>Survivor 2025 kadrosunun yer ald\u0131\u011f\u0131 afi\u015f sosyal medyaya s\u0131zd\u0131r\u0131ld\u0131. Sosyal medyaya s\u0131zd\u0131r\u0131lan afi\u015f k\u0131sa s\u00fcrede yo\u011fun ilgi g\u00f6rd\u00fc. 2025 kadrosunun yer ald\u0131\u011f\u0131 afi\u015f sosyal medya kullan\u0131c\u0131lar\u0131 taraf\u0131ndan k\u0131sa s\u00fcrede h\u0131zla yay\u0131ld\u0131.<\/p>\n<p>1 Ocak \u00c7ar\u015famba g\u00fcn\u00fc izleyici ile bulu\u015facak yar\u0131\u015fman\u0131n 2025 kadrosu hakk\u0131nda hen\u00fcz Acun Il\u0131cal\u0131\u2019dan resmi bir a\u00e7\u0131klama gelmedi. Survivor 2025 kadrosunun afi\u015fi sosyal medyaya sallad\u0131. 2025 kadrosunun yer ald\u0131\u011f\u0131 afi\u015f sosyal medyaya s\u0131zd\u0131r\u0131ld\u0131. Survivor program\u0131n\u0131n tan\u0131t\u0131m afi\u015fi sosyal medyada payla\u015f\u0131ld\u0131 ve \u00e7ok k\u0131sa s\u00fcrede geni\u015f kitlelere ula\u015ft\u0131.<\/p>\n<h3>SURV\u0130VOR 2025 KADROSUNDA K\u0130MLER VAR?<\/h3>\n<p>Her y\u0131l oldu\u011fu gibi bu y\u0131lda Survivor kadrosunun isimleri merakla bekleniyor. Survivor 2025 kadrosu sosyal medyada yay\u0131nlanan afi\u015fe g\u00f6re olduk\u00e7a ba\u015far\u0131l\u0131 ve iddial\u0131 isimlerden olu\u015fuyor.<\/p>\n<p><img loading=\"lazy\" decoding=\"async\" class=\"alignnone wp-image-106974\" src=\"https:\/\/www.tgrthaber.com\/mavikadin\/wp-content\/uploads\/Adsiz-tasarim-42-8-1024x576.jpg\" alt=\"Survivor 2025 yar\u0131\u015fmac\u0131lar\u0131 belli oldu! \" width=\"1208\" height=\"680\" title=\"\" srcset=\"https:\/\/www.tgrthaber.com\/mavikadin\/wp-content\/uploads\/Adsiz-tasarim-42-8-1024x576.jpg 1024w, https:\/\/www.tgrthaber.com\/mavikadin\/wp-content\/uploads\/Adsiz-tasarim-42-8-300x169.jpg 300w, https:\/\/www.tgrthaber.com\/mavikadin\/wp-content\/uploads\/Adsiz-tasarim-42-8-768x432.jpg 768w, https:\/\/www.tgrthaber.com\/mavikadin\/wp-content\/uploads\/Adsiz-tasarim-42-8-1536x864.jpg 1536w, https:\/\/www.tgrthaber.com\/mavikadin\/wp-content\/uploads\/Adsiz-tasarim-42-8.jpg 1600w\" sizes=\"(max-width: 1208px) 100vw, 1208px\" \/><\/p>\n<p>Hem \u00fcnl\u00fc isimlerin hem de g\u00f6n\u00fcll\u00fc isimlerin k\u0131yas\u0131ya m\u00fccadele edece\u011fi yar\u0131\u015fma i\u00e7in t\u00fcm haz\u0131rl\u0131klar tamamland\u0131. Seyirci ile bulu\u015fmaya g\u00fcn sayan Survivor 2025 yar\u0131\u015fmas\u0131 bomba isimlerle izleyici kar\u015f\u0131s\u0131na \u00e7\u0131kmaya haz\u0131rlan\u0131yor. Bak\u0131n yar\u0131\u015fma kadrosunda kimler var\u2026<\/p>\n<p>Sosyal medyada s\u0131zd\u0131r\u0131lan afi\u015fe g\u00f6re Survivor 2025 kadrosunun All Star tak\u0131m\u0131nda Serenay Akta\u015f, \u0130smail Balaban, Ay\u015fe Y\u00fcksel, Zeynep Alkan, Batuhan Karacakaya, Adem K\u0131l\u0131\u00e7, Sema Aydemir, Bar\u0131\u015f Murat Ya\u011fc\u0131, Ya\u011fmur Banda ve Hikmet yer al\u0131yor.<\/p>\n<p><img loading=\"lazy\" decoding=\"async\" class=\"alignnone wp-image-106976\" src=\"https:\/\/www.tgrthaber.com\/mavikadin\/wp-content\/uploads\/Adsiz-tasarim-39-8-1024x576.jpg\" alt=\"Survivor 2025 yar\u0131\u015fmac\u0131lar\u0131 belli oldu! \" width=\"1208\" height=\"680\" title=\"\" srcset=\"https:\/\/www.tgrthaber.com\/mavikadin\/wp-content\/uploads\/Adsiz-tasarim-39-8-1024x576.jpg 1024w, https:\/\/www.tgrthaber.com\/mavikadin\/wp-content\/uploads\/Adsiz-tasarim-39-8-300x169.jpg 300w, https:\/\/www.tgrthaber.com\/mavikadin\/wp-content\/uploads\/Adsiz-tasarim-39-8-768x432.jpg 768w, https:\/\/www.tgrthaber.com\/mavikadin\/wp-content\/uploads\/Adsiz-tasarim-39-8-1536x864.jpg 1536w, https:\/\/www.tgrthaber.com\/mavikadin\/wp-content\/uploads\/Adsiz-tasarim-39-8.jpg 1600w\" sizes=\"(max-width: 1208px) 100vw, 1208px\" \/><\/p>\n<p>Sosyal medyada s\u0131zd\u0131r\u0131lan afi\u015fe g\u00f6re Survivor 2025 kadrosunun mavi tak\u0131m\u0131nda bulunan yeni yar\u0131\u015fmac\u0131lar ise Tu\u011fba Yeni, Dil\u015fah Kurt, Batuhan G\u00f6kg\u00f6z, Mevl\u00fct Ko\u00e7ak, G\u00f6ksu K\u00fc\u00e7\u00fckali, Adilhan Numan, Kaan Kazgan, K\u00fcbra Avc\u0131\u00a0isimlerinden olu\u015fuyor.<\/p>\n<h3>SEY\u0130RC\u0130 SURV\u0130VOR 2025 KADROSUNU BE\u011eENMED\u0130!<\/h3>\n<p>Survivor 2025 kadrosunun sosyal medyaya s\u0131zd\u0131r\u0131lmas\u0131 sosyal medyada b\u00fcy\u00fck bir yank\u0131 uyand\u0131rd\u0131. Bir\u00e7ok sosyal medya kullan\u0131c\u0131s\u0131 Survivor 2025 kadrosu hakk\u0131nda yorumlarda bulundu. Sosyal medya kullan\u0131c\u0131lar\u0131 \u00f6nceki senelerin afi\u015fleriyle bu senenin afi\u015fini k\u0131yaslayarak 2025 kadrosunun \u00e7ok k\u00f6t\u00fc oldu\u011funu dile getirdi. Baz\u0131 sosyal medya kullan\u0131c\u0131lar\u0131 ise Survivor 2025 kadrosunun yer ald\u0131\u011f\u0131 afi\u015fi al\u0131nt\u0131layarak \u201c\u00c7\u00f6p\u201d gibi ifadelerde bulundu.<\/p>\n<p><img loading=\"lazy\" decoding=\"async\" class=\"alignnone wp-image-106975\" src=\"https:\/\/www.tgrthaber.com\/mavikadin\/wp-content\/uploads\/Adsiz-tasarim-43-8-1024x576.jpg\" alt=\"Survivor 2025 yar\u0131\u015fmac\u0131lar\u0131 belli oldu! \" width=\"1208\" height=\"680\" title=\"\" srcset=\"https:\/\/www.tgrthaber.com\/mavikadin\/wp-content\/uploads\/Adsiz-tasarim-43-8-1024x576.jpg 1024w, https:\/\/www.tgrthaber.com\/mavikadin\/wp-content\/uploads\/Adsiz-tasarim-43-8-300x169.jpg 300w, https:\/\/www.tgrthaber.com\/mavikadin\/wp-content\/uploads\/Adsiz-tasarim-43-8-768x432.jpg 768w, https:\/\/www.tgrthaber.com\/mavikadin\/wp-content\/uploads\/Adsiz-tasarim-43-8-1536x864.jpg 1536w, https:\/\/www.tgrthaber.com\/mavikadin\/wp-content\/uploads\/Adsiz-tasarim-43-8.jpg 1600w\" sizes=\"(max-width: 1208px) 100vw, 1208px\" \/><\/p>\n<p>TV8 ekranlar\u0131n\u0131n sevilen yar\u0131\u015fmas\u0131 Survivor 2025, seyirci taraf\u0131ndan merakla bekleniyor. Ayn\u0131 zamanda Survivor 2025 kadrosundaki isimlerin nas\u0131l bir performans sergileyece\u011fi de seyirci taraf\u0131ndan merak edilenler aras\u0131nda.<\/p>\n","protected":false},"excerpt":{"rendered":"<p>Merakla beklenen Survivor 2025 program\u0131n\u0131n yar\u0131\u015fmac\u0131lar\u0131 belli oldu! 2025 kadrosunun yer ald\u0131\u011f\u0131 afi\u015f sosyal medyaya s\u0131zd\u0131r\u0131ld\u0131. Afi\u015f sosyal medya kullan\u0131c\u0131lar\u0131 taraf\u0131ndan h\u0131zla yay\u0131ld\u0131. \u0130\u015fte detaylar\u2026 <\/p>\n","protected":false},"author":26,"featured_media":106972,"comment_status":"closed","ping_status":"closed","sticky":false,"template":"","format":"standard","meta":{"rank_math_lock_modified_date":false,"footnotes":""},"categories":[602],"tags":[2366,2728,2448],"class_list":["post-106969","post","type-post","status-publish","format-standard","has-post-thumbnail","hentry","category-diziler","tag-survivor","tag-survivor-2025","tag-survivor-2025-kadrosu"],"_links":{"self":[{"href":"https:\/\/www.tgrthaber.com\/mavikadin\/wp-json\/wp\/v2\/posts\/106969"}],"collection":[{"href":"https:\/\/www.tgrthaber.com\/mavikadin\/wp-json\/wp\/v2\/posts"}],"about":[{"href":"https:\/\/www.tgrthaber.com\/mavikadin\/wp-json\/wp\/v2\/types\/post"}],"author":[{"embeddable":true,"href":"https:\/\/www.tgrthaber.com\/mavikadin\/wp-json\/wp\/v2\/users\/26"}],"replies":[{"embeddable":true,"href":"https:\/\/www.tgrthaber.com\/mavikadin\/wp-json\/wp\/v2\/comments?post=106969"}],"version-history":[{"count":1,"href":"https:\/\/www.tgrthaber.com\/mavikadin\/wp-json\/wp\/v2\/posts\/106969\/revisions"}],"predecessor-version":[{"id":106978,"href":"https:\/\/www.tgrthaber.com\/mavikadin\/wp-json\/wp\/v2\/posts\/106969\/revisions\/106978"}],"wp:featuredmedia":[{"embeddable":true,"href":"https:\/\/www.tgrthaber.com\/mavikadin\/wp-json\/wp\/v2\/media\/106972"}],"wp:attachment":[{"href":"https:\/\/www.tgrthaber.com\/mavikadin\/wp-json\/wp\/v2\/media?parent=106969"}],"wp:term":[{"taxonomy":"category","embeddable":true,"href":"https:\/\/www.tgrthaber.com\/mavikadin\/wp-json\/wp\/v2\/categories?post=106969"},{"taxonomy":"post_tag","embeddable":true,"href":"https:\/\/www.tgrthaber.com\/mavikadin\/wp-json\/wp\/v2\/tags?post=106969"}],"curies":[{"name":"wp","href":"https:\/\/api.w.org\/{rel}","templated":true}]}}