{"id":107041,"date":"2024-12-16T13:30:56","date_gmt":"2024-12-16T10:30:56","guid":{"rendered":"https:\/\/www.tgrthaber.com\/mavikadin\/?p=107041"},"modified":"2024-12-16T13:34:08","modified_gmt":"2024-12-16T10:34:08","slug":"107041-2","status":"publish","type":"post","link":"https:\/\/www.tgrthaber.com\/mavikadin\/107041-2\/","title":{"rendered":"Uzak \u015eehir dizisinin Demir&#8217;i Ferit Kaya&#8217;dan rol\u00fc hakk\u0131nda samimi a\u00e7\u0131klamalar: Beni en \u00e7ok heyecanland\u0131ran&#8230;"},"content":{"rendered":"<p>Daha tan\u0131t\u0131m fragman\u0131n yay\u0131nland\u0131\u011f\u0131 andan itibaren izleyici g\u00f6z\u00fcnde merak uyand\u0131rarak, \u015fimdilerde Kanal D&#8217;nin rekor k\u0131ran dizilerinden olan Uzak \u015eehir, her sal\u0131 ak\u015fam\u0131 saat 20.00&#8217;da izleyicisiyle bulu\u015fmaya devam ediyor. \u0130zleyici taraf\u0131ndan b\u00fcy\u00fck bir ilgi ve merakla takip edilen Kanal D\u2019nin rekortmen dizisi \u201cUzak \u015eehir\u201dde &#8216;Demir&#8217; karakterini oynayan oyuncu Ferit Kaya, dizideki ba\u015far\u0131l\u0131 performans\u0131 ile takdir g\u00f6r\u00fcyor.<\/p>\n<h3>UZAK \u015eEH\u0130R&#8217;\u0130N DEM\u0130R&#8217;\u0130 FER\u0130T KAYA: ONUN \u0130\u00c7SEL KIRILMALARINI G\u00d6STERMEK \u0130ST\u0130YORUM<\/h3>\n<p>Hem dizinin gidi\u015fat\u0131 ile ilgili hem de dizideki rol\u00fc ile ilgili verdi\u011fi bir rop\u00f6rtajda samimi a\u00e7\u0131klamalar yapan oyuncu Ferit Kaya, &#8220;Demir d\u0131\u015far\u0131dan sert bir karakter gibi g\u00f6r\u00fcnse de sanki duygusal bir taraf\u0131 da var. Siz nas\u0131l yorumluyorsunuz onu?&#8221; sorusuna \u015f\u00f6yle bir cevapta bulundu:<\/p>\n<p><img loading=\"lazy\" decoding=\"async\" class=\"alignnone size-full wp-image-107049\" src=\"https:\/\/www.tgrthaber.com\/mavikadin\/wp-content\/uploads\/GH.png\" alt=\"\" width=\"996\" height=\"557\" title=\"\" srcset=\"https:\/\/www.tgrthaber.com\/mavikadin\/wp-content\/uploads\/GH.png 996w, https:\/\/www.tgrthaber.com\/mavikadin\/wp-content\/uploads\/GH-300x168.png 300w, https:\/\/www.tgrthaber.com\/mavikadin\/wp-content\/uploads\/GH-768x429.png 768w\" sizes=\"(max-width: 996px) 100vw, 996px\" \/><\/p>\n<p>&#8220;Demir d\u0131\u015far\u0131dan bak\u0131ld\u0131\u011f\u0131nda olduk\u00e7a sert, kat\u0131 ve mesafeli bir karakter gibi g\u00f6r\u00fcn\u00fcyor. Ancak onu yak\u0131ndan tan\u0131d\u0131k\u00e7a asl\u0131nda bu sertli\u011fin, ya\u015fad\u0131\u011f\u0131 travmalar\u0131n ve hayatla kurdu\u011fu zorlu m\u00fccadelenin bir yans\u0131mas\u0131 oldu\u011funu anl\u0131yorsunuz. \u0130\u00e7 d\u00fcnyas\u0131nda \u00e7ok daha k\u0131r\u0131lgan ve duygusal bir taraf\u0131 var. Belki de bu sert kabuk, onun kendini koruma y\u00f6ntemidir. Demir\u2019i canland\u0131r\u0131rken, bu ikili\u011fi dengelemek \u00e7ok \u00f6nemli. Onun sadece sert yanlar\u0131n\u0131 de\u011fil, duygusal \u00e7at\u0131\u015fmalar\u0131n\u0131 ve i\u00e7sel k\u0131r\u0131lmalar\u0131n\u0131 da g\u00f6stermek istiyorum. \u00c7\u00fcnk\u00fc bu \u00e7at\u0131\u015fmalar onu bir karakter olarak olduk\u00e7a zenginle\u015ftiriyor.&#8221;<\/p>\n<h3>FER\u0130T KAYA: OYUNCU OLARAK BEN\u0130 EN \u00c7OK HEYECANLANDIRAN \u015eEY&#8230;<\/h3>\n<p>Kendisine sorulan &#8220;Sizi komediye yak\u0131\u015ft\u0131ran da var, \u201cDramalar i\u00e7in bi\u00e7ilmi\u015f kaftan\u201d diyen de&#8230; Siz kendinizi daha \u00e7ok hangi t\u00fcre yak\u0131n hissediyorsunuz?&#8221; sorusuna ise Kaya,<\/p>\n<p>&#8220;Her iki t\u00fcr\u00fcn de kendine has zorluklar\u0131 ve g\u00fczellikleri var. Komedi, temposu ve do\u011fall\u0131\u011f\u0131yla inan\u0131lmaz keyifli bir alan; insanlar\u0131 g\u00fcld\u00fcrmek ger\u00e7ekten \u00e7ok \u00f6zel bir duygu. Ama dramada da derinlikli bir hik\u00e2ye anlatma, izleyiciyi duygusal bir yolculu\u011fa \u00e7\u0131karma \u015fans\u0131 buluyorum. Bu y\u00fczden kendimi tek bir t\u00fcre yak\u0131n hissetmek yerine, ikisini de deneyimleyebilece\u011fim projelerde yer almay\u0131 tercih ediyorum.<\/p>\n<p><img loading=\"lazy\" decoding=\"async\" class=\"alignnone size-full wp-image-107051\" src=\"https:\/\/www.tgrthaber.com\/mavikadin\/wp-content\/uploads\/23-3.png\" alt=\"\" width=\"992\" height=\"552\" title=\"\" srcset=\"https:\/\/www.tgrthaber.com\/mavikadin\/wp-content\/uploads\/23-3.png 992w, https:\/\/www.tgrthaber.com\/mavikadin\/wp-content\/uploads\/23-3-300x167.png 300w, https:\/\/www.tgrthaber.com\/mavikadin\/wp-content\/uploads\/23-3-768x427.png 768w\" sizes=\"(max-width: 992px) 100vw, 992px\" \/><\/p>\n<p>Bir oyuncu olarak beni en \u00e7ok heyecanland\u0131ran \u015fey, farkl\u0131 t\u00fcrlerde kendimi s\u0131namak ve yeni \u015feyler ke\u015ffetmek. \u0130zleyicinin beni hem g\u00fclerken hem de h\u00fcz\u00fcnlenirken samimi bulmas\u0131 ise bu yolculukta en b\u00fcy\u00fck motivasyonum.&#8221; cevab\u0131n\u0131 verdi.<\/p>\n","protected":false},"excerpt":{"rendered":"<p>\u201cUzak \u015eehir\u201d dizisinde &#8216;Demir&#8217; karakterini \u00fcstlenen yetenekli oyuncu Ferit Kaya, rop\u00f6rtaj\u0131nda ekrana yans\u0131tt\u0131\u011f\u0131 karakterle izelyiciye vermek istedi\u011fi mesaj hakk\u0131nda konu\u015ftu.<\/p>\n","protected":false},"author":27,"featured_media":107057,"comment_status":"closed","ping_status":"closed","sticky":false,"template":"","format":"standard","meta":{"rank_math_lock_modified_date":false,"footnotes":""},"categories":[602],"tags":[2930,2293,4411,4410],"class_list":["post-107041","post","type-post","status-publish","format-standard","has-post-thumbnail","hentry","category-diziler","tag-ferit-kaya","tag-uzak-sehir","tag-uzak-sehir-dizisi","tag-uzak-sehir-mert"],"_links":{"self":[{"href":"https:\/\/www.tgrthaber.com\/mavikadin\/wp-json\/wp\/v2\/posts\/107041"}],"collection":[{"href":"https:\/\/www.tgrthaber.com\/mavikadin\/wp-json\/wp\/v2\/posts"}],"about":[{"href":"https:\/\/www.tgrthaber.com\/mavikadin\/wp-json\/wp\/v2\/types\/post"}],"author":[{"embeddable":true,"href":"https:\/\/www.tgrthaber.com\/mavikadin\/wp-json\/wp\/v2\/users\/27"}],"replies":[{"embeddable":true,"href":"https:\/\/www.tgrthaber.com\/mavikadin\/wp-json\/wp\/v2\/comments?post=107041"}],"version-history":[{"count":3,"href":"https:\/\/www.tgrthaber.com\/mavikadin\/wp-json\/wp\/v2\/posts\/107041\/revisions"}],"predecessor-version":[{"id":107061,"href":"https:\/\/www.tgrthaber.com\/mavikadin\/wp-json\/wp\/v2\/posts\/107041\/revisions\/107061"}],"wp:featuredmedia":[{"embeddable":true,"href":"https:\/\/www.tgrthaber.com\/mavikadin\/wp-json\/wp\/v2\/media\/107057"}],"wp:attachment":[{"href":"https:\/\/www.tgrthaber.com\/mavikadin\/wp-json\/wp\/v2\/media?parent=107041"}],"wp:term":[{"taxonomy":"category","embeddable":true,"href":"https:\/\/www.tgrthaber.com\/mavikadin\/wp-json\/wp\/v2\/categories?post=107041"},{"taxonomy":"post_tag","embeddable":true,"href":"https:\/\/www.tgrthaber.com\/mavikadin\/wp-json\/wp\/v2\/tags?post=107041"}],"curies":[{"name":"wp","href":"https:\/\/api.w.org\/{rel}","templated":true}]}}