{"id":107127,"date":"2024-12-16T17:11:33","date_gmt":"2024-12-16T14:11:33","guid":{"rendered":"https:\/\/www.tgrthaber.com\/mavikadin\/?p=107127"},"modified":"2024-12-16T17:18:19","modified_gmt":"2024-12-16T14:18:19","slug":"bir-gece-masalinin-canfezasi-su-burcu-yazgi-coskundan-dikkat-ceken-nisantasi-tarzi","status":"publish","type":"post","link":"https:\/\/www.tgrthaber.com\/mavikadin\/bir-gece-masalinin-canfezasi-su-burcu-yazgi-coskundan-dikkat-ceken-nisantasi-tarzi\/","title":{"rendered":"Bir Gece Masal\u0131&#8217;n\u0131n Canfeza&#8217;s\u0131 Su Burcu Yazg\u0131 Co\u015fkun&#8217;dan dikkat \u00e7eken Ni\u015fanta\u015f\u0131 tarz\u0131!"},"content":{"rendered":"<p>K\u00fc\u00e7\u00fck ya\u015ftan beri kameralar \u00f6n\u00fcnde olan ve oyunculuk yapan Bir Gece Masal\u0131&#8217;n\u0131n Canfeza&#8217;s\u0131 Su Burcu Yazg\u0131 Co\u015fkun&#8217;dan Ni\u015fanta\u015f\u0131 tarz\u0131 ile dikkat \u00e7ekti. \u00dcnl\u00fc isim gazetecilerin sorular\u0131n\u0131 cevaplad\u0131.<\/p>\n<h3>B\u0130R GECE MASALI&#8217;NIN CANFEZA&#8217;SI SU BURCU YAZGI CO\u015eKUN&#8217;DAN D\u0130KKAT \u00c7EKEN N\u0130\u015eANTA\u015eI TARZI<\/h3>\n<p>\u015eu s\u0131ralar yo\u011fun ilgiyle takip edilen Bir Gece Masal\u0131 isimli yap\u0131mda Burak Deniz ile birlikte ba\u015far\u0131l\u0131 bir \u00e7al\u0131\u015fmaya imza atan Su Burcu Yazg\u0131 Co\u015fkun, ge\u00e7ti\u011fimiz g\u00fcn Ni\u015fanta\u015f\u0131\u2019nda kameralara tak\u0131ld\u0131, \u00fcnl\u00fc isim stiliyle ilgi toplad\u0131. K\u0131\u015fl\u0131k \u015fapkas\u0131 ve zarif stiliyle g\u00f6z dolduran Co\u015fkun, uzun bir aran\u0131n ard\u0131ndan a\u00e7\u0131klamalarda bulundu.\u00a0Su Burcu Yazg\u0131 Co\u015fkun, &#8220;Bug\u00fcn dinlenme g\u00fcn\u00fcm. Dizi harika ilerliyor. \u0130zlenme oranlar\u0131m\u0131z ba\u015far\u0131l\u0131&#8221; ifadelerini kulland\u0131.<\/p>\n<p>Sanat\u00e7\u0131ya, &#8220;Son zamanlar\u0131n en fazla ilgi g\u00f6ren ki\u015fisisiniz. &#8216;Karde\u015flerim&#8217;den sonra ya\u015fam\u0131n\u0131zda neler farkl\u0131la\u015ft\u0131?&#8221; sorusu y\u00f6neltildi. Su Burcu Yazg\u0131 Co\u015fkun ise, &#8220;Her \u015fey harika. &#8216;Karde\u015flerim&#8217; de harikayd\u0131&#8221; \u015feklinde kar\u015f\u0131l\u0131k verdi.<\/p>\n<p>Su Burcu Yazg\u0131 Co\u015fkun, y\u0131lba\u015f\u0131n\u0131 ailesiyle birlikte evinde ge\u00e7irece\u011fini ifade etti.<\/p>\n<figure id=\"attachment_107169\" aria-describedby=\"caption-attachment-107169\" style=\"width: 640px\" class=\"wp-caption alignnone\"><img loading=\"lazy\" decoding=\"async\" class=\"size-large wp-image-107169\" src=\"https:\/\/www.tgrthaber.com\/mavikadin\/wp-content\/uploads\/hn-1024x576.jpg\" alt=\"Su Burcu Yazg\u0131 Co\u015fkun\" width=\"640\" height=\"360\" title=\"\" srcset=\"https:\/\/www.tgrthaber.com\/mavikadin\/wp-content\/uploads\/hn-1024x576.jpg 1024w, https:\/\/www.tgrthaber.com\/mavikadin\/wp-content\/uploads\/hn-300x169.jpg 300w, https:\/\/www.tgrthaber.com\/mavikadin\/wp-content\/uploads\/hn-768x432.jpg 768w, https:\/\/www.tgrthaber.com\/mavikadin\/wp-content\/uploads\/hn.jpg 1208w\" sizes=\"(max-width: 640px) 100vw, 640px\" \/><figcaption id=\"caption-attachment-107169\" class=\"wp-caption-text\">Su Burcu Yazg\u0131 Co\u015fkun<\/figcaption><\/figure>\n<h3>SU BURCU YAZGI CO\u015eKUN K\u0130MD\u0130R?<\/h3>\n<p>Su Burcu Yazg\u0131 Co\u015fkun, 15 Nisan 2005 tarihinde \u0130stanbul\u2019da d\u00fcnyaya geldi. Anne taraf\u0131ndan Arnavut as\u0131ll\u0131 olan sanat\u00e7\u0131, baba taraf\u0131ndan ise Antalyal\u0131d\u0131r. Oyunculuk yolculu\u011funa ilk ad\u0131m\u0131n\u0131 2011 y\u0131l\u0131nda att\u0131. Sana Bir S\u0131r Verece\u011fim, A\u015fk Yeniden, Karaday\u0131, K\u0131rm\u0131z\u0131 Oda ve Karde\u015flerim gibi yap\u0131mlarda rol ald\u0131. 4 Aral\u0131k 2022 tarihinde d\u00fczenlenen Alt\u0131n Kelebek \u00d6d\u00fcl T\u00f6reni\u2019nde &#8220;Parlayan Y\u0131ld\u0131zlar&#8221; ve Onur Seyit Yaran ile birlikte &#8220;En Ba\u015far\u0131l\u0131 Dizi \u00c7ifti&#8221; kategorilerinde iki \u00f6d\u00fcle lay\u0131k g\u00f6r\u00fcld\u00fc.<\/p>\n<figure id=\"attachment_107173\" aria-describedby=\"caption-attachment-107173\" style=\"width: 640px\" class=\"wp-caption alignnone\"><img loading=\"lazy\" decoding=\"async\" class=\"size-large wp-image-107173\" src=\"https:\/\/www.tgrthaber.com\/mavikadin\/wp-content\/uploads\/hnEE-1024x576.jpg\" alt=\"Su Burcu Yazg\u0131 Co\u015fkun ve Burak Deniz\" width=\"640\" height=\"360\" title=\"\" srcset=\"https:\/\/www.tgrthaber.com\/mavikadin\/wp-content\/uploads\/hnEE-1024x576.jpg 1024w, https:\/\/www.tgrthaber.com\/mavikadin\/wp-content\/uploads\/hnEE-300x169.jpg 300w, https:\/\/www.tgrthaber.com\/mavikadin\/wp-content\/uploads\/hnEE-768x432.jpg 768w, https:\/\/www.tgrthaber.com\/mavikadin\/wp-content\/uploads\/hnEE.jpg 1208w\" sizes=\"(max-width: 640px) 100vw, 640px\" \/><figcaption id=\"caption-attachment-107173\" class=\"wp-caption-text\">Su Burcu Yazg\u0131 Co\u015fkun ve Burak Deniz<\/figcaption><\/figure>\n<figure id=\"attachment_107174\" aria-describedby=\"caption-attachment-107174\" style=\"width: 640px\" class=\"wp-caption alignnone\"><img loading=\"lazy\" decoding=\"async\" class=\"size-large wp-image-107174\" src=\"https:\/\/www.tgrthaber.com\/mavikadin\/wp-content\/uploads\/hnYY-1024x576.jpg\" alt=\"Su Burcu Yazg\u0131 Co\u015fkun ve Burak Deniz\" width=\"640\" height=\"360\" title=\"\" srcset=\"https:\/\/www.tgrthaber.com\/mavikadin\/wp-content\/uploads\/hnYY-1024x576.jpg 1024w, https:\/\/www.tgrthaber.com\/mavikadin\/wp-content\/uploads\/hnYY-300x169.jpg 300w, https:\/\/www.tgrthaber.com\/mavikadin\/wp-content\/uploads\/hnYY-768x432.jpg 768w, https:\/\/www.tgrthaber.com\/mavikadin\/wp-content\/uploads\/hnYY.jpg 1208w\" sizes=\"(max-width: 640px) 100vw, 640px\" \/><figcaption id=\"caption-attachment-107174\" class=\"wp-caption-text\">Su Burcu Yazg\u0131 Co\u015fkun<\/figcaption><\/figure>\n<p>&nbsp;<\/p>\n","protected":false},"excerpt":{"rendered":"<p>Bir Gece Masal\u0131&#8217;n\u0131n zarif y\u0131ld\u0131z\u0131 Su Burcu Yazg\u0131 Co\u015fkun, Canfeza rol\u00fcyle kalpleri kazand\u0131. Neredeyse kamera \u00f6n\u00fcnde b\u00fcy\u00fcyen bir sanat\u00e7\u0131 olan Su Burcu Yazg\u0131 Co\u015fkun&#8217;dan dikkat \u00e7eken Ni\u015fanta\u015f\u0131 tarz\u0131 geldi. \u00dcnl\u00fc isim \u0130stanbul sokaklar\u0131ndaki \u015f\u0131kl\u0131\u011f\u0131 ile \u00e7ok be\u011fenildi.<\/p>\n","protected":false},"author":2,"featured_media":107158,"comment_status":"closed","ping_status":"closed","sticky":false,"template":"","format":"standard","meta":{"rank_math_lock_modified_date":false,"footnotes":""},"categories":[76],"tags":[2181,2523,133,2218,4437],"class_list":["post-107127","post","type-post","status-publish","format-standard","has-post-thumbnail","hentry","category-magazin","tag-bir-gece-masali","tag-burak-deniz","tag-magazin","tag-magazin-haberleri","tag-su-burcu-yazgin"],"_links":{"self":[{"href":"https:\/\/www.tgrthaber.com\/mavikadin\/wp-json\/wp\/v2\/posts\/107127"}],"collection":[{"href":"https:\/\/www.tgrthaber.com\/mavikadin\/wp-json\/wp\/v2\/posts"}],"about":[{"href":"https:\/\/www.tgrthaber.com\/mavikadin\/wp-json\/wp\/v2\/types\/post"}],"author":[{"embeddable":true,"href":"https:\/\/www.tgrthaber.com\/mavikadin\/wp-json\/wp\/v2\/users\/2"}],"replies":[{"embeddable":true,"href":"https:\/\/www.tgrthaber.com\/mavikadin\/wp-json\/wp\/v2\/comments?post=107127"}],"version-history":[{"count":4,"href":"https:\/\/www.tgrthaber.com\/mavikadin\/wp-json\/wp\/v2\/posts\/107127\/revisions"}],"predecessor-version":[{"id":107175,"href":"https:\/\/www.tgrthaber.com\/mavikadin\/wp-json\/wp\/v2\/posts\/107127\/revisions\/107175"}],"wp:featuredmedia":[{"embeddable":true,"href":"https:\/\/www.tgrthaber.com\/mavikadin\/wp-json\/wp\/v2\/media\/107158"}],"wp:attachment":[{"href":"https:\/\/www.tgrthaber.com\/mavikadin\/wp-json\/wp\/v2\/media?parent=107127"}],"wp:term":[{"taxonomy":"category","embeddable":true,"href":"https:\/\/www.tgrthaber.com\/mavikadin\/wp-json\/wp\/v2\/categories?post=107127"},{"taxonomy":"post_tag","embeddable":true,"href":"https:\/\/www.tgrthaber.com\/mavikadin\/wp-json\/wp\/v2\/tags?post=107127"}],"curies":[{"name":"wp","href":"https:\/\/api.w.org\/{rel}","templated":true}]}}